{"id":249858,"date":"2025-11-22T14:17:18","date_gmt":"2025-11-22T14:17:18","guid":{"rendered":"https:\/\/www.europesays.com\/es\/249858\/"},"modified":"2025-11-22T14:17:18","modified_gmt":"2025-11-22T14:17:18","slug":"mas-de-50-camaras-en-un-pueblo-para-controlar-hasta-los-bares","status":"publish","type":"post","link":"https:\/\/www.europesays.com\/es\/249858\/","title":{"rendered":"m\u00e1s de 50 c\u00e1maras en un pueblo para controlar hasta los bares"},"content":{"rendered":"<p class=\"article-text\">\n        Santa Eug\u00e8nia es un peque\u00f1o municipio del interior de Mallorca con algo m\u00e1s de dos mil habitantes, rodeado de campos de vi\u00f1edos y caminos rurales. Vive al margen del turismo, algo poco habitual en la isla. Esa apariencia tranquila contrasta con una realidad inquietante: al recorrer el centro del pueblo, es posible observar decenas de dispositivos de videovigilancia instalados a baja altura en farolas, postes de alumbrado y fachadas, orientados hacia calles, plazas e, incluso, terrazas de bares.\n    <\/p>\n<p>    <a href=\"https:\/\/www.eldiario.es\/tecnologia\/supremo-dice-instalar-camara-mirilla-vivienda-afecta-intimidad-vecinos_1_12512503.html\" data-mrf-recirculation=\"saber-mas\" data-dl-event=\"saber-mas\" rel=\"nofollow noopener\" target=\"_blank\"><\/p>\n<p class=\"know-more__title\">El Supremo dice que instalar una c\u00e1mara en la mirilla de una vivienda afecta a la intimidad de los vecinos<\/p>\n<p>            <img decoding=\"async\" class=\"lazy\" loading=\"lazy\" data-src=\"https:\/\/static.eldiario.es\/clip\/0247ba40-4412-4c1f-88a1-4c53f9de478f_16-9-aspect-ratio_default_0.jpg\" src=\"data:image\/svg+xml,%3Csvg xmlns=\" http:=\"\" viewbox=\"0 0 880 495\" alt=\"El Supremo dice que instalar una c\u00e1mara en la mirilla de una vivienda afecta a la intimidad de los vecinos\"\/><\/p>\n<p>                        <\/a><\/p>\n<p class=\"article-text\">\n        Han sido los propios trabajadores y vecinos del pueblo quienes, en los \u00faltimos a\u00f1os, han alertado de la proliferaci\u00f3n de c\u00e1maras. elDiario.es ha podido localizar sobre el terreno m\u00e1s de medio centenar de dispositivos activos y visibles, muchos de ellos sin se\u00f1alizaci\u00f3n, que conforman un sistema de vigilancia sin precedentes en un municipio de estas dimensiones. El despliegue se habr\u00eda llevado a cabo de forma paulatina y sin constar en expedientes p\u00fablicos, lo que sugiere una expansi\u00f3n silenciosa y sin control administrativo.\n    <\/p>\n<p class=\"article-text\">\n        Sorprende que todas las calles y accesos a Santa Eug\u00e8nia est\u00e9n bajo vigilancia constante, seg\u00fan ha podido comprobar elDiario.es tras su recorrido por el municipio. Esta cobertura garantiza que rostros y matr\u00edculas puedan ser identificados en pr\u00e1cticamente cualquier desplazamiento dentro o hacia el n\u00facleo urbano. Otro detalle significativo es que las terrazas de los tres bares del pueblo \u2014Can Topa, S&#8217;Estaci\u00f3 i L&#8217;Escargot\u2014 tambi\u00e9n se encuentran videovigiladas, con c\u00e1maras apuntando directamente a las mesas y zonas de reuni\u00f3n. En apenas cuatro calles \u2014carrer Major, carrer Bisbe Sastre, carrer de S\u2019Aljub, carrer de Ses Escoles y carrer de l\u2019Esgl\u00e9sia\u2014 hay 25 c\u00e1maras.\n    <\/p>\n<p>            <img decoding=\"async\" class=\"lazy\" loading=\"lazy\" data-src=\"https:\/\/static.eldiario.es\/clip\/1f3e1040-20e4-4444-8fd8-c88bd500d4a6_16-9-discover-aspect-ratio_default_0.jpg\" src=\"data:image\/svg+xml,%3Csvg xmlns=\" http:=\"\" viewbox=\"0 0 1200 675\" alt=\"C\u00e1mara instalada en la fachada del Ajuntament de Santa Eug\u00e8nia, orientada hacia la plaza, donde hay bares.\"\/><\/p>\n<p>            <img decoding=\"async\" class=\"lazy\" loading=\"lazy\" data-src=\"https:\/\/static.eldiario.es\/clip\/5d8ae51a-9f78-46be-902f-06e39d86d54b_16-9-discover-aspect-ratio_default_0.jpg\" src=\"data:image\/svg+xml,%3Csvg xmlns=\" http:=\"\" viewbox=\"0 0 1200 675\" alt=\"Vista general de la plaza del Ajuntament y del bar Can Prim, principal punto de encuentro social del pueblo\"\/><\/p>\n<p class=\"article-text\">\n        Los dispositivos se alimentan directamente de la red de alumbrado p\u00fablico. Por otra parte, muchos de ellos carecen de cualquier cartel de se\u00f1alizaci\u00f3n que advierta de su presencia y los pocos que lo exhiben resultan estar completamente obsoletos: remiten a leyes derogadas, omiten la identificaci\u00f3n de la Polic\u00eda Local como destinataria de las im\u00e1genes y no especifican el plazo de conservaci\u00f3n, entre otras informaciones relevantes.\n    <\/p>\n<p>            <img decoding=\"async\" class=\"lazy\" loading=\"lazy\" data-src=\"https:\/\/static.eldiario.es\/clip\/fbf47b38-5911-490c-a6ee-8050c5beeb05_16-9-discover-aspect-ratio_default_0.jpg\" src=\"data:image\/svg+xml,%3Csvg xmlns=\" http:=\"\" viewbox=\"0 0 1200 675\" alt=\"Una de las c\u00e1maras instaladas sin la se\u00f1alizaci\u00f3n adecuada que custodia uno de los accesos al centro del pueblo por el carrer de l\u2019Esgl\u00e9sia.\"\/><\/p>\n<p>            <img decoding=\"async\" class=\"lazy\" loading=\"lazy\" data-src=\"https:\/\/static.eldiario.es\/clip\/8478a739-4bbc-4d51-a9cb-7543d1a38f9d_16-9-discover-aspect-ratio_default_0.jpg\" src=\"data:image\/svg+xml,%3Csvg xmlns=\" http:=\"\" viewbox=\"0 0 1200 675\" alt=\"Tramo del carrer Major vigilado por cuatro c\u00e1maras, varias de ellas orientadas hacia las mesas de los bares L\u2019Escargot y Can Topa.\"\/><\/p>\n<p>    <strong>El alcalde y su &#8216;ventana indiscreta&#8217;<\/strong><\/p>\n<p class=\"article-text\">\n        Seg\u00fan fuentes solventes y conocedoras del sistema, el alcalde tendr\u00eda acceso directo a las grabaciones desde su ordenador personal, un extremo que el primer edil no ha querido confirmar ni negar. Esas mismas voces apuntan que la infraestructura permitir\u00eda la visualizaci\u00f3n multipantalla en tiempo real, aunque solo un an\u00e1lisis forense de sus equipos podr\u00eda determinar si esta funci\u00f3n est\u00e1 activa y si tambi\u00e9n se ha habilitado la captaci\u00f3n de audio. De confirmarse, los terminales que permiten visualizar las im\u00e1genes no estar\u00edan bajo la custodia exclusiva de la Polic\u00eda Local, como exige la ley.\n    <\/p>\n<p>\t\t<img decoding=\"async\" id=\"g-mapa_Ruta-urbana-por-la-villa-de-Santa-Eugenia-D-img\" class=\"g-mapa_Ruta-urbana-por-la-villa-de-Santa-Eugenia-D-img g-aiImg\" alt=\"\" src=\"https:\/\/www.europesays.com\/es\/wp-content\/uploads\/2025\/11\/4ebdbaef-c679-48f8-8517-f1fb6d219fab_source-aspect-ratio_default_0.jpg\"\/><\/p>\n<p class=\"g-pstyle0\">Las 50 c\u00e1maras ilegales instaladas en Santa Eug\u00e8nia<\/p>\n<p class=\"g-pstyle1\">Cam\u00ed llogaret de Ses Alqueries<\/p>\n<p class=\"g-pstyle1\">Cam\u00ed llogaret de Ses Olleries<\/p>\n<p>\t\t<img decoding=\"async\" id=\"g-mapa_Ruta-urbana-por-la-villa-de-Santa-Eugenia-M-img\" class=\"g-mapa_Ruta-urbana-por-la-villa-de-Santa-Eugenia-M-img g-aiImg\" alt=\"\" src=\"https:\/\/www.europesays.com\/es\/wp-content\/uploads\/2025\/11\/4e8613c1-b981-4de6-873f-7b99344b4a38_source-aspect-ratio_default_0.jpg\"\/><\/p>\n<p class=\"g-pstyle0\">Las 50 c\u00e1maras ilegales instaladas <\/p>\n<p class=\"g-pstyle0\">en Santa Eug\u00e8nia<\/p>\n<p class=\"g-pstyle1\">Cam\u00ed llogaret de Ses Alqueries<\/p>\n<p class=\"g-pstyle1\">Cam\u00ed llogaret de Ses Olleries<\/p>\n<p class=\"article-text\">\n        Todo apunta a que la red de videovigilancia desplegada en el coraz\u00f3n de Mallorca opera de forma claramente desproporcionada, hasta el punto de haber convertido este peque\u00f1o municipio en uno de los lugares m\u00e1s vigilados de Europa. Seg\u00fan las comparaciones disponibles, la densidad de c\u00e1maras en esta localidad es excepcional incluso a escala internacional. Con un m\u00ednimo 50 terminales para poco m\u00e1s de 2.000 habitantes, el municipio alcanza una ratio aproximada de 21 por cada mil vecinos. En Madrid la cifra ronda las 4,4, en Londres, 13, en Mosc\u00fa, 19 y en Se\u00fal, 24, seg\u00fan <a href=\"https:\/\/www.comparitech.com\/vpn-privacy\/the-worlds-most-surveilled-cities\" target=\"_blank\" data-mrf-recirculation=\"links-noticia\" class=\"link\" rel=\"nofollow noopener\">el estudio The World\u2019s Most Surveilled Cities<\/a>, publicado por Comparitech en 2023.\n    <\/p>\n<p>            <img decoding=\"async\" class=\"lazy\" loading=\"lazy\" data-src=\"https:\/\/static.eldiario.es\/clip\/aa34bd60-0f0d-43a1-9e99-78a47e7c1ee3_16-9-discover-aspect-ratio_default_0.jpg\" src=\"data:image\/svg+xml,%3Csvg xmlns=\" http:=\"\" viewbox=\"0 0 1200 675\" alt=\"Las c\u00e1maras est\u00e1n instaladas a baja altura, en fachadas particulares, farolas y postes de la luz. En varios puntos aparecen agrupadas en parejas e incluso tr\u00edos, cubriendo todos los \u00e1ngulos sin dejar zonas ciegas.\"\/><\/p>\n<p>            <img decoding=\"async\" class=\"lazy\" loading=\"lazy\" data-src=\"https:\/\/static.eldiario.es\/clip\/2784d6d9-0c60-4564-affe-fbd01f6dee83_16-9-discover-aspect-ratio_default_0.jpg\" src=\"data:image\/svg+xml,%3Csvg xmlns=\" http:=\"\" viewbox=\"0 0 1200 675\" alt=\"Otra perspectiva de la plaza del Ajuntament y de la terraza del bar Can Prim, vigiladas por varias c\u00e1maras.\"\/><\/p>\n<p>    <strong>Delegaci\u00f3n del Gobierno no las ha autorizado<\/strong><\/p>\n<p class=\"article-text\">\n        El Consell de Mallorca ha aclarado a elDiario.es que esta instituci\u00f3n no tiene ninguna c\u00e1mara en el casco urbano del pueblo. Por su parte, Delegaci\u00f3n del Gobierno ha confirmado a este medio que no consta ninguna autorizaci\u00f3n ni supervisi\u00f3n sobre el sistema de videovigilancia de Santa Eug\u00e8nia en los \u00faltimos ocho a\u00f1os. \u201cNo hemos tenido ninguna solicitud de renovaci\u00f3n ni de instalaci\u00f3n de c\u00e1maras del Ayuntamiento\u201d, se\u00f1alan desde el organismo.\n    <\/p>\n<p class=\"article-text\">\n        La Ley Org\u00e1nica 4\/1997, que regula el uso de videoc\u00e1maras por las Fuerzas y Cuerpos de Seguridad en espacios p\u00fablicos, establece que la instalaci\u00f3n de c\u00e1maras fijas requiere autorizaci\u00f3n de Delegaci\u00f3n del Gobierno. La validaci\u00f3n depende del informe previo de la Comisi\u00f3n de Garant\u00edas, presidida por el presidente del Tribunal Superior de Justicia de las Illes Balears y compuesta por el fiscal superior, la Abogac\u00eda del Estado y un representante del Ministerio del Interior. Los ayuntamientos deben presentar la solicitud con informes policiales que justifiquen la necesidad; la comisi\u00f3n eval\u00faa y el delegado del Gobierno resuelve.\n    <\/p>\n<p class=\"article-text\">\n        La aprobaci\u00f3n en 2021 de una nueva ley de prevenci\u00f3n de infracciones penales abri\u00f3 el debate sobre si esta norma dejaba sin efecto la regulaci\u00f3n de 1997. En territorios como Balears, la interpretaci\u00f3n jur\u00eddica fue que la ley de 2021 sustitu\u00eda a la anterior, lo que traslad\u00f3 la competencia a los ayuntamientos. \u201cEl juicio de proporcionalidad correspond\u00eda al Consistorio y no era necesario pasar por Delegaci\u00f3n\u201d, explican las mismas fuentes.\n    <\/p>\n<p>            <img decoding=\"async\" class=\"lazy\" loading=\"lazy\" data-src=\"https:\/\/static.eldiario.es\/clip\/1b4054df-a072-47da-85ea-b37e3f3d88a6_16-9-discover-aspect-ratio_default_0.jpg\" src=\"data:image\/svg+xml,%3Csvg xmlns=\" http:=\"\" viewbox=\"0 0 1200 675\" alt=\"Cartel oficial de \u201czona videovigilada\u201d, deteriorado y mal fijado, con una referencia legal obsoleta que no cumple los requisitos actuales de informaci\u00f3n exigidos por la normativa de protecci\u00f3n de datos\"\/><\/p>\n<p>            <img decoding=\"async\" class=\"lazy\" loading=\"lazy\" data-src=\"https:\/\/static.eldiario.es\/clip\/7f214e56-aabb-461a-b4c7-3b378818bf8e_16-9-discover-aspect-ratio_default_0.jpg\" src=\"data:image\/svg+xml,%3Csvg xmlns=\" http:=\"\" viewbox=\"0 0 1200 675\" alt=\"Todos los accesos a Santa Eug\u00e8nia y los caminos que conectan los distintos llogarets \u2014Ses Olleries, Ses Alqueries y Ses Coves\u2014 est\u00e1n igualmente vigilados, sin dejar v\u00edas de entrada o salida fuera del control de las c\u00e1maras.\"\/><\/p>\n<p class=\"article-text\">\n        En febrero de 2025, la Abogac\u00eda del Estado aclara en un informe que la ley de 1997 sigue vigente y que la instalaci\u00f3n de c\u00e1maras fijas contin\u00faa dependiendo de la validaci\u00f3n de Delegaci\u00f3n del Gobierno. Tras esa conclusi\u00f3n, el organismo en las Illes Balears comunica en agosto a los ayuntamientos que todas las c\u00e1maras instaladas entre 2021 y 2025 deben ser regularizadas. \u201cCuando se aprueba en pleno o por decreto de alcald\u00eda la instalaci\u00f3n de c\u00e1maras, la autorizaci\u00f3n dura un a\u00f1o. Al vencer ese plazo, tienen que pedir renovaci\u00f3n\u201d, recuerdan desde Delegaci\u00f3n.\n    <\/p>\n<p class=\"article-text\">\n        Un mes despu\u00e9s, el Ayuntamiento de Santa Eug\u00e8nia envi\u00f3 un correo electr\u00f3nico para preguntar c\u00f3mo pod\u00edan adecuar las c\u00e1maras. \u201cDijeron que remitir\u00edan un informe, pero lo que llega es una nota informativa. Es un documento que cita normativas y lista ubicaciones con una justificaci\u00f3n m\u00ednima. Les explicamos que eso no puede sostener la renovaci\u00f3n de c\u00e1maras fijas y detallamos c\u00f3mo deben proceder, con ejemplos de otros ayuntamientos. Desde entonces, no hemos recibido m\u00e1s comunicaciones ni han presentado nada al registro\u201d, se\u00f1alan las mismas fuentes.\n    <\/p>\n<p class=\"article-text\">\n        El Ayuntamiento, dirigido por el socialista Pep Llu\u00eds Urraca, rechaza hacer declaraciones y remite cualquier respuesta a la empresa GrupoX3, con la que tiene contratado el servicio de delegado de protecci\u00f3n de datos. La compa\u00f1\u00eda, consultada por elDiario.es, se limita a citar la Ley 19\/2013 de transparencia, que fija un plazo m\u00ednimo de un mes para responder, pese a que la consulta realizada no se ajusta a una petici\u00f3n de informaci\u00f3n sometida a ese procedimiento.\n    <\/p>\n<p>            <img decoding=\"async\" class=\"lazy\" loading=\"lazy\" data-src=\"https:\/\/static.eldiario.es\/clip\/96dfca83-b26f-4458-9760-75aaebbdb3e9_16-9-discover-aspect-ratio_default_0.jpg\" src=\"data:image\/svg+xml,%3Csvg xmlns=\" http:=\"\" viewbox=\"0 0 1200 675\" alt=\"El paisaje rural de Santa Eug\u00e8nia est\u00e1 salpicado de c\u00e1maras instaladas en postes, fachadas y tejados, controlando de facto todos los espacios sociales y puntos de reuni\u00f3n del pueblo.\"\/><\/p>\n<p>            <img decoding=\"async\" class=\"lazy\" loading=\"lazy\" data-src=\"https:\/\/static.eldiario.es\/clip\/d52e2377-6a76-435e-9083-8f59301ad021_16-9-discover-aspect-ratio_default_0.jpg\" src=\"data:image\/svg+xml,%3Csvg xmlns=\" http:=\"\" viewbox=\"0 0 1200 675\" alt=\"Parque infantil del centro del pueblo vigilado por c\u00e1maras instaladas en puntos elevados y fachadas cercanas, que captan toda la zona de juego.\"\/><\/p>\n<p>    <strong>Sin concurso p\u00fablico<\/strong><\/p>\n<p class=\"article-text\">\n        El sistema de videovigilancia municipal est\u00e1 formado por una decena de zonas de grabaci\u00f3n, con varios dispositivos por emplazamiento, lo que elevar\u00eda el total a m\u00e1s de cincuenta terminales conectadas a un panel de control presuntamente alojado en los ordenadores del Ayuntamiento. Aunque el acceso deber\u00eda estar restringido a los equipos de la Polic\u00eda Local, en este caso tambi\u00e9n se habr\u00eda habilitado acceso desde el ordenador personal del alcalde, como sostienen estas tres fuentes de solvencia.\n    <\/p>\n<p class=\"article-text\">\n        La contrataci\u00f3n de la empresa encargada de la instalaci\u00f3n de las c\u00e1maras ha sido realizada sin que conste concurso p\u00fablico. En el Portal de Transparencia municipal no figura ninguna referencia a licitaciones, contratos o resoluciones relacionadas con la red de videovigilancia ni con sus costes de instalaci\u00f3n o mantenimiento. Aunque no se han hecho p\u00fablicos los costes oficiales, fuentes del sector estiman que cada dispositivo tendr\u00eda un precio aproximado de 1.600 euros, en funci\u00f3n del proveedor y las caracter\u00edsticas t\u00e9cnicas del modelo.\n    <\/p>\n<p class=\"article-text\">\n        En este caso, solo consta un acuerdo oficial \u2014aprobado el 8 de enero de 2020 en el pleno municipal\u2014 relativo a la instalaci\u00f3n de tres c\u00e1maras de tr\u00e1fico con fines de control de acceso y seguridad vial. Desde entonces no se ha registrado ninguna menci\u00f3n a la ampliaci\u00f3n del sistema. Tampoco figuran contratos ni adjudicaciones en el Portal de Transparencia que justifiquen la expansi\u00f3n de la red.\n    <\/p>\n<p class=\"article-text\">\n        Las actas del pleno no recogen debates sobre la instalaci\u00f3n, supervisi\u00f3n o ampliaci\u00f3n del modelo municipal de control audiovisual, ni informes t\u00e9cnicos o jur\u00eddicos que avalen su funcionamiento. Esta ausencia de deliberaci\u00f3n pol\u00edtica y administrativa contrasta con la dimensi\u00f3n del despliegue, que se extiende por pr\u00e1cticamente todo el n\u00facleo urbano.\n    <\/p>\n<p>            <img decoding=\"async\" class=\"lazy\" loading=\"lazy\" data-src=\"https:\/\/static.eldiario.es\/clip\/42c84492-bd47-42cd-8f37-9f62b7abfbdc_16-9-discover-aspect-ratio_default_0.jpg\" src=\"data:image\/svg+xml,%3Csvg xmlns=\" http:=\"\" viewbox=\"0 0 1200 675\" alt=\"Dos c\u00e1maras instaladas en una farola de la red el\u00e9ctrica controlan la vida cotidiana de los vecinos en uno de los accesos al n\u00facleo urbano.\"\/><\/p>\n<p>            <img decoding=\"async\" class=\"lazy\" loading=\"lazy\" data-src=\"https:\/\/static.eldiario.es\/clip\/213eb33c-ff19-4f52-a7bf-33daece21bd4_16-9-discover-aspect-ratio_default_0.jpg\" src=\"data:image\/svg+xml,%3Csvg xmlns=\" http:=\"\" viewbox=\"0 0 1200 675\" alt=\"C\u00e1mara en el colegio Mestre Guillemet. Los alrededores del centro y parte de su interior constituyen una de las zonas m\u00e1s hipervigiladas del municipio.\"\/><\/p>\n<p>    <strong>\u201cNo es un cheque en blanco\u201d<\/strong><\/p>\n<p class=\"article-text\">\n        La legislaci\u00f3n espa\u00f1ola en materia de captaci\u00f3n de im\u00e1genes por parte de las administraciones p\u00fablicas es clara y restrictiva. Cualquier ayuntamiento que desee colocar c\u00e1maras en la v\u00eda p\u00fablica debe obtener autorizaci\u00f3n previa del delegado del Gobierno. La norma obliga a justificar la necesidad del sistema, su proporcionalidad y su impacto sobre los derechos fundamentales. Ning\u00fan punto de vigilancia puede activarse sin ese permiso expreso y con un fin debidamente acreditado.\n    <\/p>\n<p class=\"article-text\">\n        El procedimiento legal exige, adem\u00e1s, varios pasos previos: la elaboraci\u00f3n de un informe t\u00e9cnico por parte de la Polic\u00eda Local, un dictamen jur\u00eddico municipal que respalde la legalidad del tratamiento de im\u00e1genes y la evaluaci\u00f3n de la Comisi\u00f3n de Garant\u00edas de Videovigilancia de Balears, encargada de verificar que el proyecto respeta la intimidad de las personas y los principios del Reglamento General de Protecci\u00f3n de Datos (RGPD). Solo tras completar esas fases puede emitirse la autorizaci\u00f3n administrativa y proceder a la instalaci\u00f3n.\n    <\/p>\n<p>            <img decoding=\"async\" class=\"lazy\" loading=\"lazy\" data-src=\"https:\/\/static.eldiario.es\/clip\/8d27e6c2-c9e2-41fd-84bd-18575e880a05_16-9-discover-aspect-ratio_default_0.jpg\" src=\"data:image\/svg+xml,%3Csvg xmlns=\" http:=\"\" viewbox=\"0 0 1200 675\" alt=\"Parque de la calle Bartomeu Coll i Bibiloni: ejemplo de c\u00f3mo los parques y plazas del municipio est\u00e1n vigilados mediante c\u00e1maras integradas en las farolas del recinto, sin zonas sin cobertura.\"\/><\/p>\n<p>            <img decoding=\"async\" class=\"lazy\" loading=\"lazy\" data-src=\"https:\/\/static.eldiario.es\/clip\/c7dc4ee9-87db-4955-bee0-dc56642ea344_16-9-discover-aspect-ratio_default_0.jpg\" src=\"data:image\/svg+xml,%3Csvg xmlns=\" http:=\"\" viewbox=\"0 0 1200 675\" alt=\"C\u00e1mara colocada sobre una fachada en el carrer s\u2019\u00c0ljub (carretera Ma-3030), captando de manera continua el paso de veh\u00edculos y peatones.\"\/><\/p>\n<p class=\"article-text\">\n        Elena Gil, abogada de derecho digital, fundadora de Data Guardians abogados, aclara que, incluso en aquellas c\u00e1maras en las que no existe grabaci\u00f3n y solo se permite el visionado en tiempo real, los dispositivos est\u00e1n sometidos a la normativa de protecci\u00f3n de datos. \u201cLa autorizaci\u00f3n de Delegaci\u00f3n del Gobierno tiene una duraci\u00f3n de un a\u00f1o y se va renovando, no es un cheque en blanco\u201d, a\u00f1ade. La abogada aclara que estas c\u00e1maras deben estar instaladas en espacios p\u00fablicos y que no est\u00e1n pensadas para \u201cgrabar sonidos\u201d.\n    <\/p>\n<p class=\"article-text\">\n        Una vez instaladas, los ayuntamientos deben contar con ciertas obligaciones documentales, en las cuales deben \u201canalizar\u201d y \u201cdejar por escrito cu\u00e1l es el riesgo que se pretende cubrir y cu\u00e1l es el impacto\u201d. \u201cLas c\u00e1maras en la calle suelen tratar datos a gran escala y ser una observaci\u00f3n sistem\u00e1tica. Esto hace que sean especialmente sensibles y, por ello, tienen que estar especialmente justificados los motivos por los que t\u00fa quieres llenar un sitio de c\u00e1maras. Adem\u00e1s, las zonas videovigiladas tienen que estar marcadas\u201d, explica Gil.\n    <\/p>\n<p class=\"article-text\">\n        \u00bfQu\u00e9 pasa despu\u00e9s con esta grabaci\u00f3n? Seg\u00fan la experta, las im\u00e1genes deben ser suprimidas en el plazo de un mes, salvo que las autoridades tengan constancia de que existe un hecho en concreto que necesite ser vigilado o supervisado. En este caso, es posible aumentar la duraci\u00f3n, pero \u201ccon la \u00fanica finalidad de la vigilancia y \u00fanicamente para el env\u00edo a las Fuerzas y Cuerpos de Seguridad o a jueces y tribunales\u201d.\n    <\/p>\n<p>            <img decoding=\"async\" class=\"lazy\" loading=\"lazy\" data-src=\"https:\/\/static.eldiario.es\/clip\/8f7c48f2-d497-4a5d-b2fb-33492190ffba_16-9-discover-aspect-ratio_default_0.jpg\" src=\"data:image\/svg+xml,%3Csvg xmlns=\" http:=\"\" viewbox=\"0 0 1200 675\" alt=\"C\u00e1mara instalada en una farola que apunta a la terraza de un bar, registrando la actividad de los clientes.\"\/><\/p>\n<p>            <img decoding=\"async\" class=\"lazy\" loading=\"lazy\" data-src=\"https:\/\/static.eldiario.es\/clip\/a9790b16-80bf-40c1-9084-7dfffc57a89d_16-9-discover-aspect-ratio_default_0.jpg\" src=\"data:image\/svg+xml,%3Csvg xmlns=\" http:=\"\" viewbox=\"0 0 1200 675\" alt=\"Dos c\u00e1maras montadas de forma precaria en un poste de la luz aseguran la cobertura de uno de los accesos al n\u00facleo urbano.\"\/><\/p>\n<p>    <strong>Poder pol\u00edtico y control digital<\/strong><\/p>\n<p class=\"article-text\">\n        Pep Llu\u00eds Urraca (Madrid, 1969) representa a una nueva generaci\u00f3n de alcaldes socialistas en la Part Forana de Mallorca. En 2015 se incorpor\u00f3 al Ayuntamiento de Santa Eug\u00e8nia como concejal del PSOE y, cuatro a\u00f1os despu\u00e9s, se convirti\u00f3 en el primer alcalde socialista del municipio gracias a un pacto con la agrupaci\u00f3n local FEIM-Santa Eug\u00e8nia.\n    <\/p>\n<p class=\"article-text\">\n        En 2023 obtuvo mayor\u00eda absoluta \u2014con seis regidores frente a tres del PP\u2014 y fue investido alcalde por segunda vez, ya sin necesidad de pactos. Desde marzo de 2025 compagina la alcald\u00eda con la Secretar\u00eda de Pol\u00edtica Municipal del PSIB-PSOE, un cargo que lo sit\u00faa en la direcci\u00f3n auton\u00f3mica del partido, muy pr\u00f3ximo al entorno de Francina Armengol.\n    <\/p>\n<p>            <img decoding=\"async\" class=\"lazy\" loading=\"lazy\" data-src=\"https:\/\/static.eldiario.es\/clip\/36d60fad-6856-4981-9ddc-8665399045e8_16-9-discover-aspect-ratio_default_0.jpg\" src=\"data:image\/svg+xml,%3Csvg xmlns=\" http:=\"\" viewbox=\"0 0 1200 675\" alt=\"Pep Lluis Urraca anuncia ante m\u00e1s de 100 personas su candidatura a la alcald\u00eda de Santa Eug\u00e8nia en 2023.\"\/><\/p>\n<p>            <img decoding=\"async\" class=\"lazy\" loading=\"lazy\" data-src=\"https:\/\/static.eldiario.es\/clip\/f56a787e-4970-4c63-9828-aeae0707c9f1_source-aspect-ratio_default_1130814.jpg\" src=\"data:image\/svg+xml,%3Csvg xmlns=\" http:=\"\" viewbox=\"0 0 1289 919\" alt=\"Imagen de Google Street View en la zona de bares del pueblo en 2018, cuando no exist\u00edan las c\u00e1maras actuales.\"\/><\/p>\n<p>    <strong>\u201cEs una red desproporcionada\u201d<\/strong><\/p>\n<p class=\"article-text\">\n        El mantenimiento de esta macro red de c\u00e1maras est\u00e1 vigente bajo el mandato de Urraca, a pesar de que el alcalde niega tener ning\u00fan tipo de informaci\u00f3n al respecto. En base a la informaci\u00f3n publicada por elDiario.es, la abogada Gil observa \u201cuna desproporci\u00f3n\u201d en el pueblo y apunta que \u201cno se han seguido los mecanismos para autorizar las c\u00e1maras y considerar que son proporcionales y justas\u201d. Adem\u00e1s, apunta que los dispositivos tienen que estar se\u00f1alizados y que la Agencia Espa\u00f1ola de Protecci\u00f3n de Datos (AEPD) tiene modelos de carteles.\n    <\/p>\n<p class=\"article-text\">\n        M\u00e1s all\u00e1 del caso concreto de este municipio, Gil lamenta que los ciudadanos puedan llegan a aceptar una \u201cvigilancia masiva\u201d: \u201cEs un problema que se va agravando poco a poco. Empezamos a normalizar estar vigilados en distintos \u00e1mbitos, tanto por empresas como por el Estado, lo cual atenta a todo tipo de principios. Debemos tener much\u00edsimo cuidado con generalizar este tipo de pr\u00e1cticas\u201d.\n    <\/p>\n<p>    <a href=\"https:\/\/www.eldiario.es\/madrid\/somos\/almeida-multiplica-videovigilancia-madrid-coloca-281-nuevas-camaras-barrios-votan-izquierda_1_11949484.html\" data-mrf-recirculation=\"saber-mas-abajo\" data-dl-event=\"saber-mas-abajo\" rel=\"nofollow noopener\" target=\"_blank\"><\/p>\n<p class=\"know-more__title\">Almeida multiplica la videovigilancia en Madrid y coloca 281 nuevas c\u00e1maras en barrios que votan a la izquierda<\/p>\n<p>            <img decoding=\"async\" class=\"lazy\" loading=\"lazy\" data-src=\"https:\/\/static.eldiario.es\/clip\/be3e10db-424b-4b17-a600-1dc6f98f4a1c_16-9-aspect-ratio_default_0.jpg\" src=\"data:image\/svg+xml,%3Csvg xmlns=\" http:=\"\" viewbox=\"0 0 880 495\" alt=\"Almeida multiplica la videovigilancia en Madrid y coloca 281 nuevas c\u00e1maras en barrios que votan a la izquierda\"\/><\/p>\n<p>                        <\/a><\/p>\n<p>            <img decoding=\"async\" class=\"lazy\" loading=\"lazy\" data-src=\"https:\/\/static.eldiario.es\/clip\/ad7c02f9-7892-4dd7-b571-b5cccc086413_16-9-discover-aspect-ratio_default_0.jpg\" src=\"data:image\/svg+xml,%3Csvg xmlns=\" http:=\"\" viewbox=\"0 0 1200 675\" alt=\"Farola del parque infantil con dos c\u00e1maras orientadas hacia la zona de juegos, que registran de forma constante la actividad de ni\u00f1os y familias.\"\/><\/p>\n<p>            <img decoding=\"async\" class=\"lazy\" loading=\"lazy\" data-src=\"https:\/\/static.eldiario.es\/clip\/082ff416-4991-4333-aa16-e0cb9a176f0e_16-9-discover-aspect-ratio_default_0.jpg\" src=\"data:image\/svg+xml,%3Csvg xmlns=\" http:=\"\" viewbox=\"0 0 1200 675\" alt=\"Otro par de dispositivos en el carrer Major, una de las zonas m\u00e1s vigiladas, orientados hacia las zonas de paso del centro del pueblo y colocados a baja altura.\"\/><\/p>\n<p class=\"article-text\">\n        Mientras tanto, la vida en Santa Eug\u00e8nia discurre con la calma de siempre, entre campos de vi\u00f1edos, calles estrechas, plazas soleadas y rutinas que apenas cambian. Pero, bajo esa apariencia de sosiego, un pueblo entero podr\u00eda estar siendo observado desde un despacho municipal, a trav\u00e9s de un sistema de videovigilancia in\u00e9dito en Espa\u00f1a.\n    <\/p>\n","protected":false},"excerpt":{"rendered":"Santa Eug\u00e8nia es un peque\u00f1o municipio del interior de Mallorca con algo m\u00e1s de dos mil habitantes, rodeado&hellip;\n","protected":false},"author":2,"featured_media":249859,"comment_status":"","ping_status":"","sticky":false,"template":"","format":"standard","meta":{"footnotes":""},"categories":[171],"tags":[1721,1201,6797,21332,3264,146,147,25,24,3956,37,2457,28628,4899,23,214],"class_list":{"0":"post-249858","1":"post","2":"type-post","3":"status-publish","4":"format-standard","5":"has-post-thumbnail","7":"category-tv","8":"tag-1721","9":"tag-alcalde","10":"tag-bares","11":"tag-camaras","12":"tag-controlar","13":"tag-entertainment","14":"tag-entretenimiento","15":"tag-es","16":"tag-espana","17":"tag-gran","18":"tag-hermano","19":"tag-mallorca","20":"tag-monta","21":"tag-pueblo","22":"tag-spain","23":"tag-tv"},"share_on_mastodon":{"url":"https:\/\/pubeurope.com\/@es\/115593782736910165","error":""},"_links":{"self":[{"href":"https:\/\/www.europesays.com\/es\/wp-json\/wp\/v2\/posts\/249858","targetHints":{"allow":["GET"]}}],"collection":[{"href":"https:\/\/www.europesays.com\/es\/wp-json\/wp\/v2\/posts"}],"about":[{"href":"https:\/\/www.europesays.com\/es\/wp-json\/wp\/v2\/types\/post"}],"author":[{"embeddable":true,"href":"https:\/\/www.europesays.com\/es\/wp-json\/wp\/v2\/users\/2"}],"replies":[{"embeddable":true,"href":"https:\/\/www.europesays.com\/es\/wp-json\/wp\/v2\/comments?post=249858"}],"version-history":[{"count":0,"href":"https:\/\/www.europesays.com\/es\/wp-json\/wp\/v2\/posts\/249858\/revisions"}],"wp:featuredmedia":[{"embeddable":true,"href":"https:\/\/www.europesays.com\/es\/wp-json\/wp\/v2\/media\/249859"}],"wp:attachment":[{"href":"https:\/\/www.europesays.com\/es\/wp-json\/wp\/v2\/media?parent=249858"}],"wp:term":[{"taxonomy":"category","embeddable":true,"href":"https:\/\/www.europesays.com\/es\/wp-json\/wp\/v2\/categories?post=249858"},{"taxonomy":"post_tag","embeddable":true,"href":"https:\/\/www.europesays.com\/es\/wp-json\/wp\/v2\/tags?post=249858"}],"curies":[{"name":"wp","href":"https:\/\/api.w.org\/{rel}","templated":true}]}}