{"id":249872,"date":"2025-11-22T14:26:09","date_gmt":"2025-11-22T14:26:09","guid":{"rendered":"https:\/\/www.europesays.com\/es\/249872\/"},"modified":"2025-11-22T14:26:09","modified_gmt":"2025-11-22T14:26:09","slug":"el-empresario-jose-maria-garzon-logra-la-gestion-de-la-plaza-de-toros-de-la-real-maestranza-de-sevilla","status":"publish","type":"post","link":"https:\/\/www.europesays.com\/es\/249872\/","title":{"rendered":"El empresario Jos\u00e9 Mar\u00eda Garz\u00f3n logra la gesti\u00f3n de la Plaza de Toros de la Real Maestranza de Sevilla"},"content":{"rendered":"<p style=\"\">La <strong>Plaza de Toros de la Real Maestranza de Sevilla tendr\u00e1 un nuevo gestor<\/strong> a partir de la pr\u00f3xima temporada y para los pr\u00f3ximos cinco a\u00f1os. Este s\u00e1bado se ha acordado que <strong>el empresario Jos\u00e9 Mar\u00eda Garz\u00f3n<\/strong> se haga cargo de esta responsabilidad,  &#8230; en lo que supone uno de los momentos m\u00e1s determinantes en la historia del coso hispalense. Garz\u00f3n es uno de los gestores m\u00e1s reconocidos a nivel nacional, ya que bajo su cargo est\u00e1n <strong>otras plazas nacionales como son los casos de las de Santander o C\u00f3rdoba<\/strong>, entre muchas otras.<\/p>\n<p class=\"voc-p\" style=\"\">La llegada de este empresario a la Real Maestranza de Sevilla <strong>supone la salida de la Empresa Pag\u00e9s, con Ram\u00f3n Valencia al frente<\/strong>, que durante las \u00faltimas nueve d\u00e9cadas ha ostentando estas labores. Una decisi\u00f3n que ha coincidido con el a\u00f1o en el que<strong> expiraba el contrato de arrendamiento firmado en 1932<\/strong> entre la Real Maestranza de Caballer\u00eda de Sevilla y la Empresa Pag\u00e9s y que ha marcado, para bien y para mal, la evoluci\u00f3n del toreo sevillano contempor\u00e1neo.<\/p>\n<p class=\"voc-p\" style=\"\">El sevillano Garz\u00f3n <strong>es el m\u00e1ximo responsable de la empresa &#8216;Lances de Futuro&#8217;,<\/strong> que siempre ha defendido la importancia de involucrar a la sociedad en la fiesta de los toros. Hace ahora un a\u00f1o, consigui\u00f3 renovar la gesti\u00f3n de la plaza de Santander tras hacerse con <strong>un concurso p\u00fablico en el que venci\u00f3 a la oferta que hab\u00edan presentado Ram\u00f3n Valencia<\/strong> (hasta ahora responsable de la gesti\u00f3n de la Maestranza) y To\u00f1o Matilla, ambos a trav\u00e9s de una uni\u00f3n temporal de empresas (UTE).<\/p>\n<p>\nEl contrato fundacional que lo cambi\u00f3 todo\n<\/p>\n<p class=\"voc-p\" style=\"\">En diciembre de 1932,<strong> Eduardo Pag\u00e9s Cubi\u00f1a rubric\u00f3 con la Real Maestranza un acuerdo pionero<\/strong> para la \u00e9poca: la empresa pagar\u00eda a la instituci\u00f3n propietaria un canon porcentual sobre todos los ingresos derivados de la explotaci\u00f3n de la plaza.<\/p>\n<p class=\"voc-p\" style=\"\">El contrato era claro en su literalidad: <strong>el canon se calculaba sobre todos los conceptos, sin excepci\u00f3n<\/strong>, lo que inclu\u00eda \u2014a\u00f1os m\u00e1s tarde\u2014 incluso los impuestos como el IVA. Ese modelo econ\u00f3mico, tan sencillo como inflexible, dio estabilidad al sistema durante d\u00e9cadas y permiti\u00f3 a ambas partes convivir dentro de un marco estable y continuista.<\/p>\n<p class=\"voc-p\" style=\"\">Casi un siglo despu\u00e9s, aquel acuerdo hist\u00f3rico qued\u00f3 extinguido al finalizar la presente temporada. Por ello, l<strong>a Maestranza ha tenido que decidir si renovaba con Pag\u00e9s o abr\u00eda la puerta a un proceso in\u00e9dito<\/strong> en la gesti\u00f3n del coso sevillano.<\/p>\n<p>\nEl canon: una formula estable&#8230; hasta que dej\u00f3 de serlo\n<\/p>\n<p class=\"voc-p\" style=\"\">Lo que durante d\u00e9cadas funcion\u00f3 sin grandes sobresaltos deriv\u00f3, con el paso del tiempo, en los principales litigios entre la empresa y la instituci\u00f3n nobiliaria. <strong>La Empresa Pag\u00e9s defendi\u00f3 que determinados conceptos \u2014en especial el IVA\u2014 no deb\u00edan incluirse en la base del canon<\/strong>; la Maestranza sostuvo siempre que la literalidad del contrato de 1932 era inequ\u00edvoca.<\/p>\n<p class=\"voc-p\" style=\"\">El desacuerdo desemboc\u00f3 en una reclamaci\u00f3n millonaria por parte de Pag\u00e9s, que exigi\u00f3 la devoluci\u00f3n de cantidades abonadas durante a\u00f1os. El asunto se judicializ\u00f3 y<strong> los tribunales dieron la raz\u00f3n a la Real Maestranza en lo relativo al IVA<\/strong>, consolidando la interpretaci\u00f3n hist\u00f3rica aplicada desde los tiempos de Eduardo Pag\u00e9s.<\/p>\n<p>\nLa reclamaci\u00f3n por las visitas al museo\n<\/p>\n<p class=\"voc-p\" style=\"\">Hubo, sin embargo, un matiz importante en el fallo judicial: <strong>la justicia reconoci\u00f3 a la Empresa Pag\u00e9s derechos econ\u00f3micos sobre las visitas al museo y al recinto<\/strong>, al considerarse explotaci\u00f3n directa del coso e incluida, por tanto, en el esp\u00edritu del contrato de 1932.<\/p>\n<p class=\"voc-p\" style=\"\">La cuesti\u00f3n no era menor. <strong>Las visitas tur\u00edsticas \u2014crecidas exponencialmente en las \u00faltimas d\u00e9cadas\u2014 representan una fuente de ingresos significativa<\/strong>. La Empresa Pag\u00e9s entend\u00eda que estaba siendo excluida indebidamente; la Maestranza defend\u00eda que la actividad cultural deb\u00eda mantenerse al margen del arrendamiento.<\/p>\n<p class=\"voc-p\" style=\"\">El pronunciamiento judicial, favorable en este punto a la empresa, a\u00f1adi\u00f3 un cap\u00edtulo m\u00e1s a una relaci\u00f3n tan prolongada como compleja.<\/p>\n<p>\nUn legado de \u00e9xitos compartidos\n<\/p>\n<p class=\"voc-p\" style=\"\">M\u00e1s all\u00e1 de litigios y desencuentros, lo cierto es que<strong> la alianza entre la Maestranza y la empresa Pag\u00e9s ha dado frutos innegables<\/strong>. Desde Eduardo Pag\u00e9s, pasando por Carmen Pag\u00e9s, Diodoro Canorea, Eduardo Canorea y Ram\u00f3n Valencia.<\/p>\n<p class=\"voc-p\" style=\"\">Bajo su gesti\u00f3n,<strong> Sevilla ha vivido algunas de las p\u00e1ginas m\u00e1s brillantes del toreo<\/strong>: ferias hist\u00f3ricas, tardes cumbre, figuras inolvidables y una afici\u00f3n que ha mantenido la plaza como una referencia mundial.<\/p>\n<p class=\"voc-p\" style=\"\">La Real Maestranza, gracias al canon recibido, ha podido <strong>sostener su labor patrimonial, cultural y social<\/strong>, se\u00f1as de identidad que la acompa\u00f1an desde el siglo XVII.<\/p>\n","protected":false},"excerpt":{"rendered":"La Plaza de Toros de la Real Maestranza de Sevilla tendr\u00e1 un nuevo gestor a partir de la&hellip;\n","protected":false},"author":2,"featured_media":249873,"comment_status":"","ping_status":"","sticky":false,"template":"","format":"standard","meta":{"footnotes":""},"categories":[8],"tags":[17,18,18393,25,24,13,14,17446,5064,11,2467,19,20,11812,34395,1932,9,10,15,16,1386,798,1171,23,12,444,21,22],"class_list":{"0":"post-249872","1":"post","2":"type-post","3":"status-publish","4":"format-standard","5":"has-post-thumbnail","7":"category-espana","8":"tag-breaking-news","9":"tag-breakingnews","10":"tag-empresario","11":"tag-es","12":"tag-espana","13":"tag-featured-news","14":"tag-featurednews","15":"tag-garzon","16":"tag-gestion","17":"tag-headlines","18":"tag-jose","19":"tag-latest-news","20":"tag-latestnews","21":"tag-logra","22":"tag-maestranza","23":"tag-maria","24":"tag-news","25":"tag-noticias","26":"tag-noticias-destacadas","27":"tag-noticiasdestacadas","28":"tag-plaza","29":"tag-real","30":"tag-sevilla","31":"tag-spain","32":"tag-titulares","33":"tag-toros","34":"tag-ultimas-noticias","35":"tag-ultimasnoticias"},"share_on_mastodon":{"url":"","error":""},"_links":{"self":[{"href":"https:\/\/www.europesays.com\/es\/wp-json\/wp\/v2\/posts\/249872","targetHints":{"allow":["GET"]}}],"collection":[{"href":"https:\/\/www.europesays.com\/es\/wp-json\/wp\/v2\/posts"}],"about":[{"href":"https:\/\/www.europesays.com\/es\/wp-json\/wp\/v2\/types\/post"}],"author":[{"embeddable":true,"href":"https:\/\/www.europesays.com\/es\/wp-json\/wp\/v2\/users\/2"}],"replies":[{"embeddable":true,"href":"https:\/\/www.europesays.com\/es\/wp-json\/wp\/v2\/comments?post=249872"}],"version-history":[{"count":0,"href":"https:\/\/www.europesays.com\/es\/wp-json\/wp\/v2\/posts\/249872\/revisions"}],"wp:featuredmedia":[{"embeddable":true,"href":"https:\/\/www.europesays.com\/es\/wp-json\/wp\/v2\/media\/249873"}],"wp:attachment":[{"href":"https:\/\/www.europesays.com\/es\/wp-json\/wp\/v2\/media?parent=249872"}],"wp:term":[{"taxonomy":"category","embeddable":true,"href":"https:\/\/www.europesays.com\/es\/wp-json\/wp\/v2\/categories?post=249872"},{"taxonomy":"post_tag","embeddable":true,"href":"https:\/\/www.europesays.com\/es\/wp-json\/wp\/v2\/tags?post=249872"}],"curies":[{"name":"wp","href":"https:\/\/api.w.org\/{rel}","templated":true}]}}