{"id":249878,"date":"2025-11-22T14:33:11","date_gmt":"2025-11-22T14:33:11","guid":{"rendered":"https:\/\/www.europesays.com\/es\/249878\/"},"modified":"2025-11-22T14:33:11","modified_gmt":"2025-11-22T14:33:11","slug":"las-claves-de-los-ultimos-coletazos-del-mercado","status":"publish","type":"post","link":"https:\/\/www.europesays.com\/es\/249878\/","title":{"rendered":"las claves de los \u00faltimos coletazos del mercado"},"content":{"rendered":"<p data-mrf-recirculation=\"Links P\u00e1rrafos\" class=\"ue-c-article__paragraph paragraph ue-c-article--first-letter-highlighted\">No te pierdas el \u00faltimo episodio de <strong>A tumba abierta by BKOOL<\/strong>, el podcast MARCA de ciclismo con <strong>Jos\u00e9 Rodr\u00edguez y Nacho Labarga.<\/strong><\/p>\n<p data-mrf-recirculation=\"Links P\u00e1rrafos\" class=\"ue-c-article__paragraph paragraph\"><strong>Tu podcast MARCA de ciclismo<\/strong><\/p>\n<p data-mrf-recirculation=\"Links P\u00e1rrafos\" class=\"ue-c-article__paragraph paragraph\">De la mano de BKOOL, viajamos por la actualidad de toda la emoci\u00f3n del &#8216;planeta ciclismo&#8217; de enero a diciembre con todas las claves de lo que ocurre en el pelot\u00f3n. S\u00edguenos gratis y esc\u00fachanos en tu plataforma de audio preferida o en <strong>MARCA.com<\/strong>.<\/p>\n","protected":false},"excerpt":{"rendered":"No te pierdas el \u00faltimo episodio de A tumba abierta by BKOOL, el podcast MARCA de ciclismo con&hellip;\n","protected":false},"author":2,"featured_media":249879,"comment_status":"","ping_status":"","sticky":false,"template":"","format":"standard","meta":{"footnotes":""},"categories":[273],"tags":[313,312,168,25,24,23,167],"class_list":{"0":"post-249878","1":"post","2":"type-post","3":"status-publish","4":"format-standard","5":"has-post-thumbnail","7":"category-ciclismo","8":"tag-ciclismo","9":"tag-cycling","10":"tag-deportes","11":"tag-es","12":"tag-espana","13":"tag-spain","14":"tag-sports"},"share_on_mastodon":{"url":"https:\/\/pubeurope.com\/@es\/115593845342953575","error":""},"_links":{"self":[{"href":"https:\/\/www.europesays.com\/es\/wp-json\/wp\/v2\/posts\/249878","targetHints":{"allow":["GET"]}}],"collection":[{"href":"https:\/\/www.europesays.com\/es\/wp-json\/wp\/v2\/posts"}],"about":[{"href":"https:\/\/www.europesays.com\/es\/wp-json\/wp\/v2\/types\/post"}],"author":[{"embeddable":true,"href":"https:\/\/www.europesays.com\/es\/wp-json\/wp\/v2\/users\/2"}],"replies":[{"embeddable":true,"href":"https:\/\/www.europesays.com\/es\/wp-json\/wp\/v2\/comments?post=249878"}],"version-history":[{"count":0,"href":"https:\/\/www.europesays.com\/es\/wp-json\/wp\/v2\/posts\/249878\/revisions"}],"wp:featuredmedia":[{"embeddable":true,"href":"https:\/\/www.europesays.com\/es\/wp-json\/wp\/v2\/media\/249879"}],"wp:attachment":[{"href":"https:\/\/www.europesays.com\/es\/wp-json\/wp\/v2\/media?parent=249878"}],"wp:term":[{"taxonomy":"category","embeddable":true,"href":"https:\/\/www.europesays.com\/es\/wp-json\/wp\/v2\/categories?post=249878"},{"taxonomy":"post_tag","embeddable":true,"href":"https:\/\/www.europesays.com\/es\/wp-json\/wp\/v2\/tags?post=249878"}],"curies":[{"name":"wp","href":"https:\/\/api.w.org\/{rel}","templated":true}]}}