{"id":249904,"date":"2025-11-22T14:59:15","date_gmt":"2025-11-22T14:59:15","guid":{"rendered":"https:\/\/www.europesays.com\/es\/249904\/"},"modified":"2025-11-22T14:59:15","modified_gmt":"2025-11-22T14:59:15","slug":"a-por-ellos-callate-gallo-por-mikel-recalde","status":"publish","type":"post","link":"https:\/\/www.europesays.com\/es\/249904\/","title":{"rendered":"[A por ellos], \u00abC\u00e1llate, gallo\u00bb, por Mikel Recalde"},"content":{"rendered":"<p>\n        En esta vida nunca te acostar\u00e1s sin aprender algo.<strong> Si tienes el placer de pasar un fin de semana en una casa rural en el monte de Navarra, con granja incluida llena de animales y un hombre apasionado explic\u00e1ndote con detalle la rutina de todos ellos, debes ir con boli y papel para no olvidarte de todo lo que te cuentan.<\/strong> Y eso que cuando nos despertamos la primera ma\u00f1ana, la cosa no promet\u00eda demasiado porque <strong>mi hija emit\u00eda alarmantes se\u00f1ales de ser tan urbanita como sus aitas.<\/strong> El caso es que nosotros est\u00e1bamos muy motivados y entregados a la causa, explicando los distintos sonidos de los animales para que los fuera identificando: \u201cMira, Luc\u00eda, ese que canta es el gallo, el otro el burro, el otro el gatito\u201d&#8230; Su respuesta no tuvo desperdicio: \u201c\u00bfMe pones la tele, aita?\u201d. De repente son\u00f3 un inconfundible \u201ckikiriki\u201d. A lo que contest\u00f3 con menosprecio<strong>: \u201cC\u00e1llate, gallo\u201d<\/strong>. Aparte de las risas, al menos, algo es algo, hab\u00eda asimilado bien el canto del gallo.\u00a0\n<\/p>\n<p class=\"article-body__text \">\n        Creo que el domingo, de repente se pos\u00f3 en una rama un p\u00e1jaro con colores azules y el due\u00f1o de la casa nos explic\u00f3 que era el que inspir\u00f3 el nacimiento de Twitter. En principio simboliza un gorri\u00f3n estilizado y su nombre era Larry The Bird, en homenaje a la leyenda de los Boston Celtics de la NBA. El p\u00e1jaro emit\u00eda sonidos muy breves, por eso Twitter se cre\u00f3 como mensajes cortos, r\u00e1pidos, ligeros y que vuelan de persona a persona.\n<\/p>\n<p>  Redes sociales<\/p>\n<p class=\"article-body__text \">\n        <strong>Ahora ya con la aplicaci\u00f3n llamada X y sin el pajarito, se ha convertido en un aut\u00e9ntico vertedero en el que no hay respeto y sobre la que siempre vuela una nube t\u00f3xica que no hace m\u00e1s que generar enfrentamientos.<\/strong> Llevaba un tiempo con la mosca detr\u00e1s de la oreja y el otro d\u00eda me sent\u00ed muy identificado y representado por unas declaraciones de <strong>Sergio Camello<\/strong>, el delantero del Rayito, en una magn\u00edfica entrevista concedida a Panenka: \u201cA todo el mundo le afecta. Hay gente que lo llevar\u00e1 peor y otros que lo llevar\u00e1n mejor, pero yo he aprendido. <strong>He mandado a la mierda Twitter, creo que es lo m\u00e1s t\u00f3xico del mundo. Y<\/strong> lo es muchas veces por tu propia culpa. Yo he sido de los que, alguna vez, ha buscado su nombre en este tipo de plataformas. A veces encuentras cosas buenas, pero cuando ves algo negativo, aunque sea una gilipollez, te hiere. Y eso es por el ego. Est\u00e1s buscando halagos, no s\u00e9 ni para qu\u00e9, porque no sirven para nada, y cuando ves algo malo, te jode. Entonces, Twitter fuera. Mantengo Instagram porque me encanta el tema de la imagen\u201d.\u00a0\n<\/p>\n<p class=\"article-body__text \">\n        Hola, soy Mikel Recalde, yo <strong>he buscado mi nombre en redes sociales aunque ahora cada vez le encuentro menos sentido al no identificarme con mi ego. <\/strong>Mi mujer me pregunt\u00f3 un d\u00eda si era consciente de que llevaba 45 minutos discutiendo con un conejo rosa. Me dar\u00eda pena, porque creo que sigue teniendo una parte buena que es la informaci\u00f3n inmediata y la posibilidad de interactuar con gente de bien, sobre todo de tu equipo, porque creo que eso es bueno para m\u00ed y mi trabajo, pero<strong> la cloaca cada vez te invita a dar un paso atr\u00e1s<\/strong>, aparcar ese vanidoso y orgulloso ego que te martillea la cabeza y, al menos a m\u00ed, no me trae ning\u00fan bien, y salir de la cuenta para convertirte en un mero espectador. Como me suele vacilar con gracia un buen amigo, \u201cs\u00f3lo tengo Twitter y s\u00f3lo lo uso para ver c\u00f3mo te peleas con la gente\u201d.\n<\/p>\n<p>  La competitividad de Zamorano<\/p>\n<p class=\"article-body__text \">\n        En la aplicaci\u00f3n<strong> tambi\u00e9n puedes encontrar historias y an\u00e9cdotas que me vienen de lujo para ilustrar y edulcorar los <\/strong><strong>A por ellos<\/strong><strong>. <\/strong>Una de ellas fue el <strong>recuerdo del gran triunfo de Iv\u00e1n Zamorano en la temporada 1994-95. <\/strong>Aquel verano, el Real Madrid se preparaba para una reconstrucci\u00f3n profunda. Con la llegada de Jorge Valdano al banquillo, el club buscaba un estilo nuevo, m\u00e1s asimilable a la escuela argentina y al juego asociativo como el que practicaba su Tenerife.\u00a0\n<\/p>\n<p class=\"article-body__text \">\n        El chileno, que ven\u00eda de dos buenas temporadas marcando goles, fue se\u00f1alado como transferible. El jugador respondi\u00f3 a la antigua usanza: competir m\u00e1s fuerte que nunca.\u00a0\n<\/p>\n<p class=\"article-body__text \">\n        Hace unas semanas, en una entrevista con Josep Pedrerol, <strong>Zamorano record\u00f3 uno de los momentos clave de esa pretemporada <\/strong>al contar que, durante un entrenamiento, en medio de una sesi\u00f3n particularmente intensa y tras una entrada muy dura a su propio t\u00e9cnico, este le fren\u00f3 y le dijo: \u201c\u00bfUsted siempre entrena as\u00ed o solo cuando odia al entrenador?\u201d. Fiel a su competitividad, Zamorano, no contest\u00f3. Sigui\u00f3 trabajando. Y entrenando fuerte. Todo era una declaraci\u00f3n silenciosa: pod\u00eda ser descartado, pero no iba a dejar de competir. Seguro que muchos recuerdan el final: <strong>campe\u00f3n de Liga, autor del tanto clave en el duelo ante el Deportivo que decidi\u00f3 el campeonato y pichichi con 28 goles.\u00a0<\/strong>\n<\/p>\n<p class=\"article-body__text \">\n        Zamorano revel\u00f3 que tiene en su casa una fotograf\u00eda de aquella entrada dur\u00edsima a Valdano en el entrenamiento. Le pidi\u00f3 al t\u00e9cnico que se la firmara, y el argentino, con ese humor filos\u00f3fico que lo caracteriza, resumi\u00f3 a la perfecci\u00f3n lo que hab\u00eda sucedido: \u201cRencoroso, Zamorano va a ser el quinto delantero, pero es el n\u00famero 1\u201d.\u00a0\n<\/p>\n<p>  Sadiq<\/p>\n<p class=\"article-body__text \">\n        <a href=\"https:\/\/www.noticiasdegipuzkoa.eus\/tags\/sadiq-umar\/\" title=\"Sadiq\" class=\"link copy\" rel=\"nofollow noopener\" target=\"_blank\"><strong>Sadiq <\/strong><\/a><strong>ha tenido malas experiencias en redes sociales<\/strong>. Su ego le ha jugado malas pasadas y en ocasiones hasta ha cometido el sacrilegio de faltar y ofender a su propia afici\u00f3n. Una vez superados esos menosprecios, a los que hubo que sumar el capricho de negarse entrar en una operaci\u00f3n que le conven\u00eda a la Real el pasado verano para en el \u00faltimo instante recular y tratar de que se pudiera cerrar, sus \u00faltimas actuaciones le han permitido demostrarnos que si le pinchas sale sangre y que tiene un gen competitivo como el de Zamorano. Que llegados al punto en el que se encontraba no es poco. Pero a m\u00ed no me vale. <strong>Entiendo que algunos se agarren al clavo ardiendo de que es diferente, imprevisible y que cuando salta al campo puede suceder cualquier cosa. Pero no es suficiente.\u00a0<\/strong>\n<\/p>\n<p class=\"article-body__text \">\n        A los que achacan a Aperribay que no demuestre ambici\u00f3n en sus fichajes, este se\u00f1or ha costado 20 millones y lo \u00fanico que nos debe importar es que marque goles. Y muchos adem\u00e1s. Soy comprensivo con los atenuantes de que es complicado ser el 9 de este equipo con dos buenos extremos que juegan a banda cambiada y que no siempre finalizan sus acciones con el centro o que en el \u00e1rea suele estar demasiado solo. Aceptamos pulpo como animal de compa\u00f1\u00eda, pero<strong> Sadiq no ve puerta con la txuri-urdin desde el 9 de marzo de 2024. <\/strong>Precisa y simb\u00f3licamente, en el \u00faltimo encuentro que remont\u00f3 la Real con tantos de Andr\u00e9 Silva y el nigeriano que solo pod\u00eda desatar una epidemia de proporciones indefinidas.\u00a0\n<\/p>\n<p class=\"article-body__text \">\n        <strong>La <\/strong><a href=\"https:\/\/www.noticiasdegipuzkoa.eus\/tags\/real-sociedad\/\" title=\"Real\" class=\"link copy\" rel=\"nofollow noopener\" target=\"_blank\"><strong>Real <\/strong><\/a><strong>tiene una falta de gol alarmante desde que se fue Sorloth<\/strong>, por lo que necesita un punta con bigote, experiencia y con un curr\u00edculum acreditado de v\u00edctimas por sus dianas, adem\u00e1s de no lesionarse continuamente por no aguantar el ritmo y la exigencia de Zubieta. El club ya cometi\u00f3 el error el a\u00f1o pasado de creer que <a href=\"https:\/\/www.noticiasdegipuzkoa.eus\/tags\/mikel-oyarzabal\/\" title=\"Oyarzabal\" class=\"link copy\" rel=\"nofollow noopener\" target=\"_blank\">Oyarzabal <\/a>lo iba a solucionar todo, que no digo que no sea capaz, pero igual con otro al lado acaban poni\u00e9ndose las botas los dos.\u00a0\n<\/p>\n<p class=\"article-body__text \">\n        <strong>Quitarse el cartel de descarte y darle la vuelta de verdad se consigue siendo diferencial en tu cometido, <\/strong>m\u00e1s a\u00fan cuando eres un 9. Que los peque\u00f1os brotes verdes de su actual entrega no sean las ramas que nos impidan ver el bosque. El Sadar es un campo en el que ha marcado tres goles (dos con el Valencia y uno con la Real) en sus dos \u00faltimas visitas de titular. Sin duda, una buena oportunidad para reivindicarse o, quiz\u00e1, otro clavo ardiendo al que agarrarse. Porque <strong>sin goles, Sadiq tendr\u00eda que ser traspasado, si se pudiera, el mismo 1 de enero. Y si los empieza a meter, que me mande callar como mi hija al gallo,<\/strong> que lo aceptar\u00e9 y celebrar\u00e9 gustosamente. \u00a1A por ellos!<\/p>\n","protected":false},"excerpt":{"rendered":"En esta vida nunca te acostar\u00e1s sin aprender algo. Si tienes el placer de pasar un fin de&hellip;\n","protected":false},"author":2,"featured_media":249905,"comment_status":"","ping_status":"","sticky":false,"template":"","format":"standard","meta":{"footnotes":""},"categories":[268],"tags":[63434,168,25,24,280,282,16424,5484,57516,281,23,167],"class_list":{"0":"post-249904","1":"post","2":"type-post","3":"status-publish","4":"format-standard","5":"has-post-thumbnail","7":"category-futbol","8":"tag-callate","9":"tag-deportes","10":"tag-es","11":"tag-espana","12":"tag-football","13":"tag-futbol","14":"tag-gallo","15":"tag-mikel","16":"tag-recalde","17":"tag-soccer","18":"tag-spain","19":"tag-sports"},"share_on_mastodon":{"url":"https:\/\/pubeurope.com\/@es\/115593947730455934","error":""},"_links":{"self":[{"href":"https:\/\/www.europesays.com\/es\/wp-json\/wp\/v2\/posts\/249904","targetHints":{"allow":["GET"]}}],"collection":[{"href":"https:\/\/www.europesays.com\/es\/wp-json\/wp\/v2\/posts"}],"about":[{"href":"https:\/\/www.europesays.com\/es\/wp-json\/wp\/v2\/types\/post"}],"author":[{"embeddable":true,"href":"https:\/\/www.europesays.com\/es\/wp-json\/wp\/v2\/users\/2"}],"replies":[{"embeddable":true,"href":"https:\/\/www.europesays.com\/es\/wp-json\/wp\/v2\/comments?post=249904"}],"version-history":[{"count":0,"href":"https:\/\/www.europesays.com\/es\/wp-json\/wp\/v2\/posts\/249904\/revisions"}],"wp:featuredmedia":[{"embeddable":true,"href":"https:\/\/www.europesays.com\/es\/wp-json\/wp\/v2\/media\/249905"}],"wp:attachment":[{"href":"https:\/\/www.europesays.com\/es\/wp-json\/wp\/v2\/media?parent=249904"}],"wp:term":[{"taxonomy":"category","embeddable":true,"href":"https:\/\/www.europesays.com\/es\/wp-json\/wp\/v2\/categories?post=249904"},{"taxonomy":"post_tag","embeddable":true,"href":"https:\/\/www.europesays.com\/es\/wp-json\/wp\/v2\/tags?post=249904"}],"curies":[{"name":"wp","href":"https:\/\/api.w.org\/{rel}","templated":true}]}}