{"id":249930,"date":"2025-11-22T15:22:15","date_gmt":"2025-11-22T15:22:15","guid":{"rendered":"https:\/\/www.europesays.com\/es\/249930\/"},"modified":"2025-11-22T15:22:15","modified_gmt":"2025-11-22T15:22:15","slug":"el-chelsea-recibira-al-barca-lanzado","status":"publish","type":"post","link":"https:\/\/www.europesays.com\/es\/249930\/","title":{"rendered":"El Chelsea recibir\u00e1 al Bar\u00e7a lanzado"},"content":{"rendered":"<p data-gtm-element-container=\"modulo-texto-link\" class=\"paragraph\">Nuevo triunfo del <strong>Chelsea<\/strong>, que llegar\u00e1 lanzado a su duelo europeo del martes ante el <strong>FC Barcelona<\/strong> (Stamford Bridge, 21:00h). Los \u2018blues\u2019 derrotaron al reci\u00e9n ascendido <strong>Burnley <\/strong>(0-2) y sumaron su tercera victoria consecutiva en Premier League, quedando <a href=\"https:\/\/www.mundodeportivo.com\/futbol\/champions-league\/20251105\/1002564122\/chelsea-qarabag-pese-goles-estevao-garnacho.html\" target=\"_blank\" rel=\"nofollow noopener\">su tropiezo en Bak\u00fa, ante el <strong>Qarabag <\/strong>azerbaiyano (2-2)<\/a>, como su \u00fanico tropiezo del mes de noviembre.<\/p>\n<p>Cole Palmer, ausente<\/p>\n<p data-gtm-element-container=\"modulo-texto-link\" class=\"paragraph\">Sin <strong>Cole Palmer<\/strong>,<a href=\"https:\/\/www.mundodeportivo.com\/futbol\/fc-barcelona\/20251121\/1002573113\/chelsea-pierde-cole-palmer-barca.html\" target=\"_blank\" rel=\"nofollow noopener\"> baja por un accidente dom\u00e9stico<\/a>, fue <strong>Gittens<\/strong> el encargado de acompa\u00f1ar a <strong>Pedro Neto <\/strong>y <strong>Joao Pedro<\/strong> en la zona de tres cuartos \u2018blue\u2019. Arriba, el espigado<strong> Liam Delap<\/strong>, en cuyas botas estuvo la primera llegada de la tarde en el m\u00edtico Turf Moor.<\/p>\n<p data-gtm-element-container=\"modulo-texto-link\" class=\"paragraph\">El derechazo desde la frontal del ex <strong>City <\/strong>e <strong>Ipswich <\/strong>se march\u00f3 a la izquierda de la porter\u00eda de <strong>Dubravka<\/strong>, pr\u00e1cticamente in\u00e9dito en el primer tiempo. Como tambi\u00e9n el internacional espa\u00f1ol<strong> Robert S\u00e1nchez<\/strong>, en parte gracias al buen hacer de <strong>Adarabioyo<\/strong>.<\/p>\n<p data-gtm-element-container=\"modulo-texto-link\" class=\"paragraph\">Fue un muro el central, tambi\u00e9n protagonista en el 0-1 del <strong>Chelsea<\/strong>. Suyo fue el env\u00edo sobre <strong>Cucurella <\/strong>que termin\u00f3 suponiendo el s\u00e9ptimo gol de la temporada de <strong>Neto<\/strong>, certero al cabecear, en el segundo palo, un centro desde la izquierda de <strong>Gittens<\/strong>.<\/p>\n<p>James dio el susto<\/p>\n<p data-gtm-element-container=\"modulo-texto-link\" class=\"paragraph\"><strong>Reece James<\/strong>, muy propenso a las lesiones, fue sustituido tras el paso por vestuarios, aunque se le pudo ver sonriendo en el banquillo visitante mientras sus compa\u00f1eros buscaban el segundo. Lo roz\u00f3, en el 63\u2019, un omnipresente <strong>Neto<\/strong>. Solo <strong>Dubravka <\/strong>y el palo evitaron el doblete del extremo portugu\u00e9s, habilitado por <strong>Enzo<\/strong>.<\/p>\n<p>                        <img loading=\"lazy\" decoding=\"async\" data-full-src=\"https:\/\/www.mundodeportivo.com\/uploads\/2022\/04\/21\/6261b6d9c4e3c.png\" alt=\"BURNLEY\" src=\"https:\/\/www.europesays.com\/es\/wp-content\/uploads\/2025\/11\/6261b6d9c4e3c.png\" class=\"lazy\" width=\"38\" height=\"38\"\/><\/p>\n<p>                burnley<\/p>\n<p>            02\n<\/p>\n<p>                        <img loading=\"lazy\" decoding=\"async\" data-full-src=\"https:\/\/www.mundodeportivo.com\/uploads\/2021\/07\/19\/60f53a1d2e66c.png\" alt=\"https:\/\/www.mundodeportivo.com\/temas\/chelsea-fc\" src=\"https:\/\/www.europesays.com\/es\/wp-content\/uploads\/2025\/11\/60f53a1d2e66c.png\" class=\"lazy\" width=\"38\" height=\"38\"\/><\/p>\n<p>                chelsea<\/p>\n<p><strong>Burnley<\/strong>: Dubravka; Walker, Tuanzebe, Est\u00e8ve, Hartman; Cullen, Florentino (Laurent, 84\u2019); Tchaouna (Bruun Larsen, 76\u2019), Ugochukwu (Hannibal, 72\u2019), Anthony (Foster, 72\u2019) y Flemming (Broja, 72\u2019)<br \/>\u200b<br \/><strong>Chelsea<\/strong>: \u200bRobert S\u00e1nchez; James (Badiashile, 46\u2019), Chalobah, Adarabioyo, Cucurella; Andrey Santos, Enzo; Pedro Neto, Joao Pedro (Marc Guiu, 76\u2019), Gittens y Delap (Malo Gusto, 67\u2019)<br \/>\u200b<br \/>\u200b<strong>Goles<\/strong>: 0-1 Pedro Neto (37\u2019), 0-2 Enzo (88\u2019)<\/p>\n<p><strong>Espectadores<\/strong>: 21.499 en Turf Moor<\/p>\n<p><strong>\u00c1rbitro<\/strong>: Peter Bankes. Amonest\u00f3 a Neto (41\u2019), Walker (49\u2019), Joao Pedro (69\u2019), Maresca (78\u2019), Badiashile (81\u2019), Hannibal (82\u2019).<\/p>\n<p>\n                ver ficha partido\n            <\/p>\n<p data-gtm-element-container=\"modulo-texto-link\" class=\"paragraph\">Sin movimientos en el marcador, el <strong>Burnley <\/strong>empez\u00f3 a cre\u00e9rselo y tuvo el empate en el 69\u2019, pero <strong>Flemming <\/strong>no fue capaz de encontrar los tres palos. S\u00ed que lo hizo, ya en las postrimer\u00edas, un <strong>Enzo <\/strong>que solo tuvo que empujar a la red un pase de la muerte del exazulgrana <strong>Marc Guiu<\/strong>, sustituto de <strong>Joao Pedro<\/strong> en el 76\u2019.\u00a09\/9 para el <strong>Chelsea<\/strong>, segundo, con seis goles a favor y ninguno en contra.<\/p>\n","protected":false},"excerpt":{"rendered":"Nuevo triunfo del Chelsea, que llegar\u00e1 lanzado a su duelo europeo del martes ante el FC Barcelona (Stamford&hellip;\n","protected":false},"author":2,"featured_media":249931,"comment_status":"","ping_status":"","sticky":false,"template":"","format":"standard","meta":{"footnotes":""},"categories":[268],"tags":[168,25,24,280,282,281,23,167],"class_list":{"0":"post-249930","1":"post","2":"type-post","3":"status-publish","4":"format-standard","5":"has-post-thumbnail","7":"category-futbol","8":"tag-deportes","9":"tag-es","10":"tag-espana","11":"tag-football","12":"tag-futbol","13":"tag-soccer","14":"tag-spain","15":"tag-sports"},"share_on_mastodon":{"url":"https:\/\/pubeurope.com\/@es\/115594038900654629","error":""},"_links":{"self":[{"href":"https:\/\/www.europesays.com\/es\/wp-json\/wp\/v2\/posts\/249930","targetHints":{"allow":["GET"]}}],"collection":[{"href":"https:\/\/www.europesays.com\/es\/wp-json\/wp\/v2\/posts"}],"about":[{"href":"https:\/\/www.europesays.com\/es\/wp-json\/wp\/v2\/types\/post"}],"author":[{"embeddable":true,"href":"https:\/\/www.europesays.com\/es\/wp-json\/wp\/v2\/users\/2"}],"replies":[{"embeddable":true,"href":"https:\/\/www.europesays.com\/es\/wp-json\/wp\/v2\/comments?post=249930"}],"version-history":[{"count":0,"href":"https:\/\/www.europesays.com\/es\/wp-json\/wp\/v2\/posts\/249930\/revisions"}],"wp:featuredmedia":[{"embeddable":true,"href":"https:\/\/www.europesays.com\/es\/wp-json\/wp\/v2\/media\/249931"}],"wp:attachment":[{"href":"https:\/\/www.europesays.com\/es\/wp-json\/wp\/v2\/media?parent=249930"}],"wp:term":[{"taxonomy":"category","embeddable":true,"href":"https:\/\/www.europesays.com\/es\/wp-json\/wp\/v2\/categories?post=249930"},{"taxonomy":"post_tag","embeddable":true,"href":"https:\/\/www.europesays.com\/es\/wp-json\/wp\/v2\/tags?post=249930"}],"curies":[{"name":"wp","href":"https:\/\/api.w.org\/{rel}","templated":true}]}}