{"id":249942,"date":"2025-11-22T15:32:13","date_gmt":"2025-11-22T15:32:13","guid":{"rendered":"https:\/\/www.europesays.com\/es\/249942\/"},"modified":"2025-11-22T15:32:13","modified_gmt":"2025-11-22T15:32:13","slug":"descuentazo-por-este-tablet-android-de-gran-autonomia-y-muy-buena-pantalla","status":"publish","type":"post","link":"https:\/\/www.europesays.com\/es\/249942\/","title":{"rendered":"descuentazo por este tablet Android de gran autonom\u00eda y muy buena pantalla"},"content":{"rendered":"<p>Quien busca un tablet que sirva para todo, seguro que el <strong>Redmi Pad 2 Pro<\/strong> aparece como una buena oportunidad. El motivo es que re\u00fane en un \u00fanico dispositivo una pantalla grande, un hardware equilibrado y dise\u00f1o que facilita moverla de un lado a otro sin esfuerzo. Pues bien, AliExpress quiere hacerte la vida m\u00e1s sencilla con una oferta que baja su precio a niveles que son casi hist\u00f3ricos.<\/p>\n<p>El Redmi Pad 2 Pro completo para la multimedia<\/p>\n<p>Lo primero que llama la atenci\u00f3n es la pantalla de <strong>12,1 pulgadas<\/strong>, un panel IPS LCD que ofrece resoluci\u00f3n <strong>2.5K<\/strong> (2.560 x 1.600) y una reproducci\u00f3n de color realmente rica, con m\u00e1s de mil millones de tonos. Esta amplitud de color se agradece en tareas creativas, pero tambi\u00e9n cuando simplemente te sientas a ver un v\u00eddeo o navegues por redes sociales. La sensaci\u00f3n de inmersi\u00f3n es inmediata, tanto por el tama\u00f1o como por la nitidez, y forma parte de lo que hace que la experiencia general resulte tan c\u00f3moda. Adem\u00e1s, el Redmi Pad 2 Pro incorpora triple certificaci\u00f3n T\u00dcV Rheinland para luz azul, ausencia de parpadeo y protecci\u00f3n de ritmos circadianos.<\/p>\n<p><img decoding=\"async\" loading=\"lazy\" src=\"https:\/\/www.europesays.com\/es\/wp-content\/uploads\/2025\/11\/Redmi-Pad-2-Pro.jpg\" class=\"avp-product-image\"\/><img decoding=\"async\" loading=\"lazy\" src=\"https:\/\/www.europesays.com\/es\/wp-content\/uploads\/2025\/08\/aliexpress.png\" class=\"avp-store-logo\" alt=\"Aliexpress\"\/><strong>Redmi Pad 2 Pro<\/strong><\/p>\n<p>Con 8 GB de RAM y sistema operativo Android. Se debe utilizar el cup\u00f3n AVPE30.<\/p>\n<p>  349,99\u00a0\u20ac  Descuento 34,03%  230,88\u00a0\u20ac     <a data-google-interstitial=\"false\" href=\"https:\/\/tc.tradetracker.net\/?c=15716&amp;m=12&amp;a=406693&amp;r=single-152769&amp;u=https%3A%2F%2Fes.aliexpress.com%2Fitem%2F1005010173346827.html\" rel=\"sponsored nofollow noopener\" class=\"avp-product-button\" target=\"_blank\">Ver oferta<\/a>   <\/p>\n<p>Esa experiencia visual se acompa\u00f1a de un nivel de fluidez que sorprende en el d\u00eda a d\u00eda. La tasa de refresco llega hasta los <strong>120 Hz<\/strong> y se ajusta de manera adaptativa para equilibrar rendimiento y consumo energ\u00e9tico. A esto se suma una frecuencia de muestreo t\u00e1ctil de hasta 360 Hz, lo que se traduce en respuestas instant\u00e1neas al escribir, dibujar o jugar. Tanto si se edita v\u00eddeo como si se alterna entre aplicaciones de trabajo, la respuesta es r\u00e1pida y estable.<\/p>\n<p>El sonido del Redmi Pad 2 Pro est\u00e1 al mismo nivel que la imagen. Sus cuatro altavoces con compatibilidad Dolby Atmos proyectan un audio amplio y equilibrado, ideal para videollamadas, directos o simplemente para ver contenido sin necesidad de accesorios externos. El <strong>volumen resulta suficiente<\/strong> para llenar una habitaci\u00f3n peque\u00f1a y no se distorsiona con facilidad, algo que en streaming continuado se nota.<\/p>\n<p><img fetchpriority=\"high\" decoding=\"async\" class=\"aligncenter size-full wp-image-152771\" src=\"https:\/\/www.europesays.com\/es\/wp-content\/uploads\/2025\/11\/Redmi-Pad-2-Pro-chica.jpg\" alt=\"Uso del Redmi Pad 2 Pro\" width=\"1000\" height=\"623\"  \/><\/p>\n<p>Potencia que no decepciona<\/p>\n<p>En el interior, el Redmi Pad 2 Pro incorpora el chip <strong>Snapdragon 7s Gen 4<\/strong>, fabricado en 4 nm. Es un procesador pensado para mantener la fluidez incluso con varias aplicaciones abiertas, apoyado por <strong>8 GB de RAM LPDDR 4X<\/strong> que aseguran una buena gesti\u00f3n de multitarea. La <a href=\"https:\/\/www.avpasion.com\/que-es-como-trabaja-gpu-integrada-smartphone\/\" rel=\"nofollow noopener\" target=\"_blank\">GPU Adreno 810<\/a> ofrece un rendimiento s\u00f3lido tanto en juegos como en edici\u00f3n ligera de v\u00eddeo o gr\u00e1ficos. No es un dispositivo orientado a cargas de trabajo extremas, pero s\u00ed a un uso exigente y constante.<\/p>\n<p>En cuanto al almacenamiento, el tablet llega con <strong>256 GB UFS 2.2<\/strong>, suficientes para aplicaciones, material multimedia y proyectos grandes, con la ventaja de poder ampliarlo hasta 2 TB mediante <strong>microSD<\/strong>. Esto la convierte en una opci\u00f3n pr\u00e1ctica para quienes manejan archivos pesados o prefieren llevar su biblioteca digital completa siempre encima.<\/p>\n<p><img loading=\"lazy\" decoding=\"async\" class=\"aligncenter size-full wp-image-152772\" src=\"https:\/\/www.europesays.com\/es\/wp-content\/uploads\/2025\/11\/Redmi-Pad-2-Pro-colores.jpg\" alt=\"Pantalla del Redmi Pad 2 Pro\" width=\"1000\" height=\"673\"  \/><\/p>\n<p>Bien en bater\u00eda y conectividad<\/p>\n<p>La bater\u00eda de <strong>12.000 mAh<\/strong> es uno de sus puntos fuertes. Permite jornadas largas sin preocuparse por el porcentaje restante y, cuando toca cargar, los 33 W reducen bastante los tiempos. Adem\u00e1s, la carga inversa de hasta 27 W mediante USB tipo C permite utilizarla como fuente de energ\u00eda para otros dispositivos, algo especialmente \u00fatil si se lleva en la mochila como equipo de apoyo. En el apartado de conectividad, incluye <a href=\"https:\/\/www.avpasion.com\/importante-mas-televisores-incorporen-wi-fi-6\/\" rel=\"nofollow noopener\" target=\"_blank\">Wi-Fi 6<\/a> para conexiones m\u00e1s estables y r\u00e1pidas, as\u00ed como <strong>Bluetooth 5.4<\/strong> para accesorios modernos con menor latencia y mejor eficiencia energ\u00e9tica.<\/p>\n<p><img loading=\"lazy\" decoding=\"async\" class=\"aligncenter size-full wp-image-152775\" src=\"https:\/\/www.europesays.com\/es\/wp-content\/uploads\/2025\/11\/Redmi-Pad-2-Pro-uso.jpg\" alt=\"Tablet Android Redmi Pad 2 Pro\" width=\"1000\" height=\"568\"  \/><\/p>\n<p>El dise\u00f1o tambi\u00e9n contribuye a esa sensaci\u00f3n de tablet pensada para acompa\u00f1ar el d\u00eda entero. El cuerpo es <strong>met\u00e1lico<\/strong>, con acabado en Gris Grafito, un grosor de solo 7,5 mm y un peso de <strong>610 gramos<\/strong>. Se maneja con comodidad tanto en horizontal como en vertical y transmite solidez sin resultar pesada. Es una construcci\u00f3n que busca ser discreta, agradable al tacto y resistente para el uso continuo. Las c\u00e1maras, por su parte, aunque no est\u00e1n orientadas a fotograf\u00eda avanzada, resuelven bien su prop\u00f3sito: <strong>8MP tanto en la parte trasera como en la frontal<\/strong>, suficientes para videoconferencias, escaneo de documentos y grabaci\u00f3n en 1080p a 30 fps.<\/p>\n<p>Sistema operativo y oferta por el Redmi Pad 2 Pro<\/p>\n<p>Todo se mueve sobre HyperOS 2 basado en <strong>Android<\/strong>, con una interfaz ligera que aprovecha bien las dimensiones de la pantalla para dividir vistas, trabajar en paralelo o mantener ventanas flotantes. Por lo que queda claro que este tablet es una herramienta vers\u00e1til para quienes necesitan una pantalla amplia, buena autonom\u00eda y la libertad de llevar el trabajo y el ocio a cualquier parte.<\/p>\n<p><img decoding=\"async\" loading=\"lazy\" src=\"https:\/\/www.europesays.com\/es\/wp-content\/uploads\/2025\/11\/Redmi-Pad-2-Pro.jpg\" class=\"avp-product-image\"\/><img decoding=\"async\" loading=\"lazy\" src=\"https:\/\/www.europesays.com\/es\/wp-content\/uploads\/2025\/08\/aliexpress.png\" class=\"avp-store-logo\" alt=\"Aliexpress\"\/><strong>Redmi Pad 2 Pro<\/strong><\/p>\n<p>Con 8 GB de RAM y sistema operativo Android. Se debe utilizar el cup\u00f3n AVPE30.<\/p>\n<p>  349,99\u00a0\u20ac  Descuento 34,03%  230,88\u00a0\u20ac     <a data-google-interstitial=\"false\" href=\"https:\/\/tc.tradetracker.net\/?c=15716&amp;m=12&amp;a=406693&amp;r=single-152769&amp;u=https%3A%2F%2Fes.aliexpress.com%2Fitem%2F1005010173346827.html\" rel=\"sponsored nofollow noopener\" class=\"avp-product-button\" target=\"_blank\">Ver oferta<\/a>   <\/p>\n<p><img loading=\"lazy\" decoding=\"async\" class=\"aligncenter size-full wp-image-152770\" src=\"https:\/\/www.europesays.com\/es\/wp-content\/uploads\/2025\/11\/Oferta-Redmi-Pad-2-Pro-AliExpress.jpg\" alt=\"ferta Redmi Pad 2 Pro\" width=\"1200\" height=\"532\"  \/><\/p>\n<p>En lo que tiene que ver con la oferta, la que existe ahora en AliExpress dando uso al cup\u00f3n <strong>AVPE30<\/strong> permite comprar el Redmi Pad 2 Pro por <strong>230,88 euros<\/strong>, un importante descuento para tenerlo en casa sin pagar nada por el env\u00edo. Una oportunidad, como se ve, de las que no se debe dejar pasar si deseas comprar un nuevo tablet.<\/p>\n","protected":false},"excerpt":{"rendered":"Quien busca un tablet que sirva para todo, seguro que el Redmi Pad 2 Pro aparece como una&hellip;\n","protected":false},"author":2,"featured_media":249943,"comment_status":"","ping_status":"","sticky":false,"template":"","format":"standard","meta":{"footnotes":""},"categories":[81],"tags":[119,123,124,25,24,117,121,122,23,118,120],"class_list":{"0":"post-249942","1":"post","2":"type-post","3":"status-publish","4":"format-standard","5":"has-post-thumbnail","7":"category-ciencia-y-tecnologia","8":"tag-ciencia","9":"tag-ciencia-y-tecnologia","10":"tag-cienciaytecnologia","11":"tag-es","12":"tag-espana","13":"tag-science","14":"tag-science-and-technology","15":"tag-scienceandtechnology","16":"tag-spain","17":"tag-technology","18":"tag-tecnologia"},"share_on_mastodon":{"url":"https:\/\/pubeurope.com\/@es\/115594077912015536","error":""},"_links":{"self":[{"href":"https:\/\/www.europesays.com\/es\/wp-json\/wp\/v2\/posts\/249942","targetHints":{"allow":["GET"]}}],"collection":[{"href":"https:\/\/www.europesays.com\/es\/wp-json\/wp\/v2\/posts"}],"about":[{"href":"https:\/\/www.europesays.com\/es\/wp-json\/wp\/v2\/types\/post"}],"author":[{"embeddable":true,"href":"https:\/\/www.europesays.com\/es\/wp-json\/wp\/v2\/users\/2"}],"replies":[{"embeddable":true,"href":"https:\/\/www.europesays.com\/es\/wp-json\/wp\/v2\/comments?post=249942"}],"version-history":[{"count":0,"href":"https:\/\/www.europesays.com\/es\/wp-json\/wp\/v2\/posts\/249942\/revisions"}],"wp:featuredmedia":[{"embeddable":true,"href":"https:\/\/www.europesays.com\/es\/wp-json\/wp\/v2\/media\/249943"}],"wp:attachment":[{"href":"https:\/\/www.europesays.com\/es\/wp-json\/wp\/v2\/media?parent=249942"}],"wp:term":[{"taxonomy":"category","embeddable":true,"href":"https:\/\/www.europesays.com\/es\/wp-json\/wp\/v2\/categories?post=249942"},{"taxonomy":"post_tag","embeddable":true,"href":"https:\/\/www.europesays.com\/es\/wp-json\/wp\/v2\/tags?post=249942"}],"curies":[{"name":"wp","href":"https:\/\/api.w.org\/{rel}","templated":true}]}}