{"id":249946,"date":"2025-11-22T15:34:08","date_gmt":"2025-11-22T15:34:08","guid":{"rendered":"https:\/\/www.europesays.com\/es\/249946\/"},"modified":"2025-11-22T15:34:08","modified_gmt":"2025-11-22T15:34:08","slug":"rusia-nunca-sera-la-duena-de-nuestro-hogar","status":"publish","type":"post","link":"https:\/\/www.europesays.com\/es\/249946\/","title":{"rendered":"Rusia nunca ser\u00e1 la due\u00f1a de nuestro hogar"},"content":{"rendered":"<p class=\"c-paragraph\">El presidente de <a href=\"https:\/\/www.20minutos.es\/tags\/lugares\/ucrania.html\" title=\"Ucrania\" rel=\"nofollow noopener\" target=\"_blank\">Ucrania<\/a>, <a href=\"https:\/\/www.20minutos.es\/tags\/personas\/volodimir-zelenski.html\" title=\"Volod\u00edmir Zelenski\" rel=\"nofollow noopener\" target=\"_blank\">Volodimir Zelenski<\/a>, ha dicho este s\u00e1bado que <b>\u00ab<a href=\"https:\/\/www.20minutos.es\/tags\/lugares\/rusia.html\" title=\"Rusia\" rel=\"nofollow noopener\" target=\"_blank\">Rusia<\/a> nunca ser\u00e1 la due\u00f1a de nuestro hogar\u00bb,<\/b> al tiempo que inst\u00f3 a la unidad en un momento en el que el pa\u00eds lucha contra el mismo enemigo y debe decidir si acepta un plan de paz que contemplar\u00eda la cesi\u00f3n de territorio a Rusia y una amnist\u00eda por los cr\u00edmenes de guerra.<\/p>\n<p class=\"c-paragraph\">El presidente de Ucrania ha hecho estas declaraciones al conmemorar a las v\u00edctimas del Holodomor, <b>una hambruna provocada por Mosc\u00fa en 1932-1933<\/b>.\u00a0A las 16:00 hora local, los ucranianos han encendido velas para conmemorar a los millones de v\u00edctimas de la hambruna estalinista que se produjo una d\u00e9cada despu\u00e9s de que la mayor parte del pa\u00eds fuera ocupada y pasara a formar parte de la Uni\u00f3n Sovi\u00e9tica.<\/p>\n<p class=\"c-paragraph\">Esa hambruna fue \u00abuno de <b>los cr\u00edmenes m\u00e1s graves de la historia<\/b>\u00ab, se\u00f1al\u00f3 el jefe de Estado ucraniano en sus redes sociales.<\/p>\n<p class=\"c-paragraph\">El gesto de encender velas, a\u00f1adi\u00f3 Zelenski, demostrar\u00e1 \u00abque los ucranianos no han olvidado y <b>nunca perdonar\u00e1n a Mosc\u00fa<\/b> por este genocidio\u00bb.<\/p>\n<p class=\"c-paragraph\">Seg\u00fan el Instituto Nacional de la Memoria de Ucrania, al menos <b>4,5 millones de ucranianos <\/b>murieron mientras pueblos enteros eran bloqueados en lo que actualmente es reconocido como un genocidio por 28 pa\u00edses.<\/p>\n<p class=\"c-paragraph\">\u00abTodos sabemos c\u00f3mo y por qu\u00e9 millones de nuestros ciudadanos fueron condenados a morir de hambre, y c\u00f3mo<b> millones m\u00e1s nunca llegaron a nacer<\/b>. Y una vez m\u00e1s nos estamos defendiendo contra Rusia, una Rusia que no ha cambiado y que, una vez m\u00e1s, trae muerte\u00bb, recalc\u00f3 el mandatario.<\/p>\n<p class=\"c-paragraph\"><b>\u00abDebemos permanecer unidos en nuestra defensa,<\/b> as\u00ed como estamos unidos en la preservaci\u00f3n de nuestra memoria nacional\u00bb, enfatiz\u00f3.<\/p>\n<p class=\"c-paragraph\">\u00abDefendimos Ucrania, la defendemos ahora y <b>siempre la defenderemos.<\/b> Porque este es nuestro \u00fanico hogar. Y en nuestro hogar Rusia nunca ser\u00e1 la due\u00f1a\u00bb, asegur\u00f3.<\/p>\n<p class=\"c-paragraph\">Los recuerdos del Holodomor resuenan especialmente en un momento en el que est\u00e1 sobre la mesa<b> un plan de paz estadounidense de 28 puntos <\/b>que contemplar\u00eda la cesi\u00f3n de territorio a Rusia y, en su apartado 26, que \u00abtodas las partes en este conflicto recibir\u00e1n plena amnist\u00eda por sus acciones durante la guerra y acuerdan no formular exigencias o reclamaciones en el futuro\u00bb.<\/p>\n<p class=\"c-paragraph\">Zelenski, en este sentido, design\u00f3 este s\u00e1bado <b>un equipo negociador para trabajar con EEUU, Rusia <\/b>y otros socios internacionales en un plan de paz \u00abjusto y sostenible\u00bb, que estar\u00e1 encabezado por el m\u00e1ximo responsable de su gabinete, Andr\u00ed Yermak, y el jefe negociador, Rustem Um\u00e9rov, entre otros.<\/p>\n<p class=\"c-paragraph\">Este \u00faltimo ha anunciado este s\u00e1bado <b>consultas en Suiza en los pr\u00f3ximos d\u00edas con altos funcionarios de EEUU <\/b>sobre los posibles par\u00e1metros de un plan que ponga fin a la guerra con Rusia.<\/p>\n<p class=\"c-paragraph\">En un decreto firmado por Zelenski, este incluye en el equipo, adem\u00e1s del jefe de su oficina y del secretario del <b>Consejo de Seguridad Nacional y Defensa<\/b>, al jefe de la Inteligencia Militar (GRU), Kirilo Bud\u00e1nov, al jefe del Estado Mayor de las Fuerzas Armadas, Andr\u00ed Gnatov, y al jefe del Servicio de Inteligencia Exterior, Oleg Ivashchenko.<\/p>\n<p class=\"c-paragraph\">Asimismo, participar\u00e1n en las negociaciones el<b> viceministro de Exteriores<\/b> Sergu\u00ed Kislitsia, el vicesecretario del Consejo de Seguridad Nacional y Defensa, Yevgueni Ostriansk\u00ed, el subjefe del Servicio de Seguridad de Ucrania, Oleksandr Poklad, y el asesor de Yermak Oleksandr Bevz.<\/p>\n<p class=\"c-paragraph\">El decreto menciona que estas nueve personas participar\u00e1n \u00aben el proceso de negociaciones con Estados Unidos y<b> otros socios internacionales de Ucrania<\/b>, as\u00ed como con representantes de la Federaci\u00f3n Rusa, con el fin de lograr una paz justa y sostenible\u00bb.<\/p>\n<p class=\"c-paragraph\">Zelenski firm\u00f3 el decreto dos d\u00edas despu\u00e9s de recibir de representantes militares estadounidenses el borrador del plan de 28 puntos elaborado por EEUU para <b>poner fin a la guerra de Rusia en Ucrania<\/b>, y al que deber\u00eda responder antes del pr\u00f3ximo jueves, seg\u00fan el ultim\u00e1tum que le dio el presidente estadounidense, Donald Trump, la v\u00edspera.<\/p>\n<p class=\"c-paragraph\">El jefe de Estado ucraniano afirm\u00f3 el viernes en un discurso ante la naci\u00f3n que<b> buscar\u00e1 soluciones constructivas <\/b>con los principales socios y que presentar\u00e1 sus argumentos, intentar\u00e1 persuadir y ofrecer\u00e1 alternativas a algunos de los puntos del plan de Trump, negociado sin la implicaci\u00f3n de Ucrania ni de la Uni\u00f3n Europea (UE).<\/p>\n<p class=\"c-paragraph\">Tambi\u00e9n dijo que ahora es uno de los momentos m\u00e1s dif\u00edciles de la historia de Ucrania, que se encuentra bajo una de las presiones m\u00e1s fuertes hasta el momento, pues los ucranianos \u00abpueden verse ante una elecci\u00f3n muy dura:<b> o bien la p\u00e9rdida de nuestra dignidad, o el riesgo de perder a un socio clave<\/b>\u00ab, en referencia a EEUU.<\/p>\n<p class=\"c-paragraph\">Zelenski tambi\u00e9n prometi\u00f3 no traicionar el juramento que prest\u00f3 en 2019 cuando asumi\u00f3 su cargo al prometer defender la soberan\u00eda e independencia de Ucrania, a proteger los derechos y libertades de sus ciudadanos, y a cumplir la Constituci\u00f3n, <b>que proh\u00edbe la cesi\u00f3n de territorios.<\/b><\/p>\n<p class=\"c-paragraph\">El plan de Trump contempla que Ucrania, a cambio de garant\u00edas de seguridad no definidas, <b>reduzca el tama\u00f1o de sus Fuerzas Armadas a 600.000 efectivos,<\/b> acepte consagrar en su Constituci\u00f3n que no se unir\u00e1 a la OTAN, que a su vez no podr\u00e1 desplegar tropas en el pa\u00eds.<\/p>\n<p class=\"c-paragraph\">Adem\u00e1s, la ocupada pen\u00ednsula ucraniana de Crimea y las regiones orientales de <b>Lugansk y Donetsk ser\u00edan \u00abreconocidas como de facto rusas\u00bb,<\/b> incluido por Estados Unidos, en tanto que las provincias ucranianas sure\u00f1as de Jers\u00f3n y Zaporiyia quedar\u00edan congeladas a lo largo de la l\u00ednea de contacto.<\/p>\n<p class=\"c-paragraph\">Rusia por su parte, que ser\u00eda reintegrada en la comunidad internacional y el sistema econ\u00f3mico con el levantamiento de sanciones, <b>\u00abrenunciar\u00eda a otros territorios acordados <\/b>que controla fuera de las cinco regiones\u00bb, por ejemplo en Sumi, Jarkov o Dinpropetrovsk.<\/p>\n<p class=\"c-paragraph\">Otro punto establece<b> \u00abplena amnist\u00eda\u00bb <\/b>por las acciones durante la guerra, es decir por los cr\u00edmenes de guerra cometidos.<\/p>\n","protected":false},"excerpt":{"rendered":"El presidente de Ucrania, Volodimir Zelenski, ha dicho este s\u00e1bado que \u00abRusia nunca ser\u00e1 la due\u00f1a de nuestro&hellip;\n","protected":false},"author":2,"featured_media":249947,"comment_status":"","ping_status":"","sticky":false,"template":"","format":"standard","meta":{"footnotes":""},"categories":[42],"tags":[1575,17,18,13,14,11,61,62,63,64,19,20,9,10,15,16,2568,1605,7745,12,21,22,65,66,67,2318],"class_list":{"0":"post-249946","1":"post","2":"type-post","3":"status-publish","4":"format-standard","5":"has-post-thumbnail","7":"category-internacional","8":"tag-ante","9":"tag-breaking-news","10":"tag-breakingnews","11":"tag-featured-news","12":"tag-featurednews","13":"tag-headlines","14":"tag-internacional","15":"tag-international","16":"tag-international-news","17":"tag-internationalnews","18":"tag-latest-news","19":"tag-latestnews","20":"tag-news","21":"tag-noticias","22":"tag-noticias-destacadas","23":"tag-noticiasdestacadas","24":"tag-plan","25":"tag-planta","26":"tag-se","27":"tag-titulares","28":"tag-ultimas-noticias","29":"tag-ultimasnoticias","30":"tag-world","31":"tag-world-news","32":"tag-worldnews","33":"tag-zelenski"},"share_on_mastodon":{"url":"https:\/\/pubeurope.com\/@es\/115594085384276851","error":""},"_links":{"self":[{"href":"https:\/\/www.europesays.com\/es\/wp-json\/wp\/v2\/posts\/249946","targetHints":{"allow":["GET"]}}],"collection":[{"href":"https:\/\/www.europesays.com\/es\/wp-json\/wp\/v2\/posts"}],"about":[{"href":"https:\/\/www.europesays.com\/es\/wp-json\/wp\/v2\/types\/post"}],"author":[{"embeddable":true,"href":"https:\/\/www.europesays.com\/es\/wp-json\/wp\/v2\/users\/2"}],"replies":[{"embeddable":true,"href":"https:\/\/www.europesays.com\/es\/wp-json\/wp\/v2\/comments?post=249946"}],"version-history":[{"count":0,"href":"https:\/\/www.europesays.com\/es\/wp-json\/wp\/v2\/posts\/249946\/revisions"}],"wp:featuredmedia":[{"embeddable":true,"href":"https:\/\/www.europesays.com\/es\/wp-json\/wp\/v2\/media\/249947"}],"wp:attachment":[{"href":"https:\/\/www.europesays.com\/es\/wp-json\/wp\/v2\/media?parent=249946"}],"wp:term":[{"taxonomy":"category","embeddable":true,"href":"https:\/\/www.europesays.com\/es\/wp-json\/wp\/v2\/categories?post=249946"},{"taxonomy":"post_tag","embeddable":true,"href":"https:\/\/www.europesays.com\/es\/wp-json\/wp\/v2\/tags?post=249946"}],"curies":[{"name":"wp","href":"https:\/\/api.w.org\/{rel}","templated":true}]}}