{"id":249948,"date":"2025-11-22T15:35:09","date_gmt":"2025-11-22T15:35:09","guid":{"rendered":"https:\/\/www.europesays.com\/es\/249948\/"},"modified":"2025-11-22T15:35:09","modified_gmt":"2025-11-22T15:35:09","slug":"quienes-eran-oscar-diaz-y-anilson-soares-los-dos-companeros-fallecidos-en-el-derrumbe-de-la-mina-asturiana","status":"publish","type":"post","link":"https:\/\/www.europesays.com\/es\/249948\/","title":{"rendered":"Qui\u00e9nes eran \u00d3scar D\u00edaz y Anilson Soares, los dos compa\u00f1eros fallecidos en el derrumbe de la mina asturiana"},"content":{"rendered":"<p class=\"article-text\">\n        La tragedia que golpe\u00f3 ayer a la mina de antracita de Vega de Rengos, en Asturias, donde fallecieron dos trabajadores en un derrumbe, tiene hoy dos nombres y dos historias que dejan un profundo silencio en Cangas del Narcea y en toda Asturias: \u00d3scar D\u00edaz Rodr\u00edguez y Anilson Soares de Brito, compa\u00f1eros de galeria.\n    <\/p>\n<p>    <a href=\"https:\/\/www.eldiario.es\/asturias\/inspecciones-no-habrian-detectado-practica-ilegal-mina-zarreu-sostiene-experto-seguridad-minera_1_12773618.html\" data-mrf-recirculation=\"saber-mas\" data-dl-event=\"saber-mas\" rel=\"nofollow noopener\" target=\"_blank\"><\/p>\n<p class=\"know-more__title\">\u00abM\u00e1s inspecciones no habr\u00edan detectado una pr\u00e1ctica ilegal en la mina de Zarr\u00e9u\u00bb, sostiene un experto en Seguridad Minera<\/p>\n<p>            <img decoding=\"async\" class=\"lazy\" loading=\"lazy\" data-src=\"https:\/\/static.eldiario.es\/clip\/d4825d9b-8beb-45fd-b39e-c4ffea2b56f3_16-9-aspect-ratio_default_0.jpg\" src=\"data:image\/svg+xml,%3Csvg xmlns=\" http:=\"\" viewbox=\"0 0 880 495\" alt=\"&quot;M\u00e1s inspecciones no habr\u00edan detectado una pr\u00e1ctica ilegal en la mina de Zarr\u00e9u&quot;, sostiene un experto en Seguridad Minera\"\/><\/p>\n<p>                        <\/a><\/p>\n<p class=\"article-text\">\n        Los dos mineros quedaron atrapados a kil\u00f3metro y medio de la boca del yacimiento y ninguno pudo regresar con vida a casa. Nuevamente la mina se llevaba por delante la vida de dos personas j\u00f3venes y trabajadoras, vinculadas desde hace a\u00f1os al oficio, en este fat\u00eddico 2025 para la miner\u00eda asturiana, cuando ya en marzo murieron cinco mineros y resultaron heridos otros cuatro en la mina de Zarr\u00e9u (Dega\u00f1a),: la tragedia volvi\u00f3 a repetirse.\n    <\/p>\n<p>    \u00d3scar D\u00edaz:  el compromiso de una nueva generaci\u00f3n minera<\/p>\n<p class=\"article-text\">\n        \u00d3scar D\u00edaz, de 32 a\u00f1os, hab\u00eda crecido en Posada de Rengos, un pueblo donde la miner\u00eda forma parte del paisaje y de la identidad colectiva. Quienes le conoc\u00edan lo describen como una persona tranquila y discreta, trabajadora y con un enorme respeto hacia la mina y sus compa\u00f1eros. Destacan de \u00d3scar su forma de trabajo impecable y su sentido de la responsabilidad siempre intachable.\n    <\/p>\n<p>            <img decoding=\"async\" class=\"lazy\" loading=\"lazy\" data-src=\"https:\/\/static.eldiario.es\/clip\/61d0b63e-3cab-426e-ae25-9f29f39539e6_16-9-discover-aspect-ratio_default_0.jpg\" src=\"data:image\/svg+xml,%3Csvg xmlns=\" http:=\"\" viewbox=\"0 0 1200 675\" alt=\"Intervenci\u00f3n de emergencias en Vega de Rengos.\"\/><\/p>\n<p class=\"article-text\">\n        A su edad acumulaba ya un largo recorrido en la miner\u00eda asturiana. Disciplinado y con un temple que se valora especialmente bajo tierra, \u00d3scar sent\u00eda orgullo de formar parte de una tierra minera y representaba a una generaci\u00f3n que a\u00fan cree en este oficio y quiere seguir sosteni\u00e9ndolo. Lamentablemente, esas bocaminas entre las que se cri\u00f3 y que le hicieron enamorarse de la miner\u00eda desde bien peque\u00f1o, fueron los mismos agujeros que ayer le quitaron la vida, en una tarde gris, fr\u00eda y con lluvia en Cangas del Narcea, donde nadie quer\u00eda tener que enfrentarse a una tragedia como esta.\n    <\/p>\n<p>    Anilson Soares: de Cabo Verde a la mina<\/p>\n<p class=\"article-text\">\n        El segundo minero fallecido ayer en el tr\u00e1gico derrumbe de la mina de Vega de Rengos fue Anilson Soares, de 42 a\u00f1os, vecino de Villablino, adonde lleg\u00f3 tras emigrar desde Cabo Verde en busca de una oportunidad laboral que le permitiera una vida mejor. Esa oportunidad se la dio el mismo oficio que ayer le quit\u00f3 la vida: la miner\u00eda. Anilson formaba parte de la segunda generaci\u00f3n de caboverdianos que se asentaron hace cincuenta a\u00f1os en la comarca de Laciana, para trabajar en las empresas del carb\u00f3n de las cuencas leonesas.\n    <\/p>\n<p class=\"article-text\">\n        Padre de dos hijos,  de 15 y de 10 a\u00f1os, Anilson era una persona muy querida en la comarca, su car\u00e1cter afable y sonriente no pasaba desapercibido y se hac\u00eda querer, al igual que le ocurr\u00eda en la mina canguesa, donde siempre estaba dispuesto a echar una mano. Hace a\u00f1os, la mina ya se hab\u00eda cobrado la vida del hermano de Anilson, Adolfo, concretamente en el mismo mes, en noviembre de 2007, una explotaci\u00f3n de Hijos de Baldomero, en Laciana. Adolfo ten\u00eda 27 a\u00f1os.\n    <\/p>\n<p class=\"article-text\">\n        Aunque aquella herida nunca cerr\u00f3 del todo, \u00e9l continu\u00f3 trabajando en la bocamina,  en un trabajo que le permit\u00eda sostener econ\u00f3micamente a su familia y donde ten\u00eda la esperanza de no tener que dejar su vida. La sonrisa perenne de Anilson se apag\u00f3 ayer por la tarde en un derrumbe.\n    <\/p>\n<p>    Una mina revisada un d\u00eda antes<\/p>\n<p class=\"article-text\">\n        La explotaci\u00f3n en la que ambos trabajaban hab\u00eda superado su \u00faltima inspecci\u00f3n el jueves, apenas veinticuatro horas antes del derrumbe. Pero eso no impidi\u00f3 que el destino se torciera bajo tierra. All\u00ed, \u00d3scar y Anilson quedaron atrapados sin posibilidad de escapar de un derrumbe que se produjo en el nivel dos de la explotaci\u00f3n, gestionada por TYC Narcea. Aunque al principio existieron esperanzas de que pudieran sobrevivir, la Brigada de Salvamento Minero rescat\u00f3 ambos cuerpos sin vida. A la entrada de la mina, familiares, vecinos y amigos aguardaban con angustia, recordando c\u00f3mo hace apenas meses se hab\u00edan movilizado junto a la plantilla de 70 trabajadores para protestar por las condiciones de trabajo.\n    <\/p>\n<blockquote class=\"instagram-media\" data-instgrm-version=\"14\" data-instgrm-permalink=\"https:\/\/www.instagram.com\/p\/DRVl_f4jMx1\/\" data-instgrm-captioned=\"\"\/>\n<p class=\"article-text\">\n        El accidente se produce casi ocho meses despu\u00e9s del siniestro en la mina de Zarr\u00e9u (Dega\u00f1a), ocurrido el 31 de marzo, donde murieron cinco mineros y otros cuatro resultaron heridos. Tras aquel accidente, la Direcci\u00f3n General de Minas decret\u00f3 la paralizaci\u00f3n provisional del proyecto de investigaci\u00f3n complementaria de TYC Narcea en Vega de Rengos, que hab\u00eda sido levantada meses despu\u00e9s, tras comprobar que todos los permisos estaban en regla.\n    <\/p>\n<p>    Dos d\u00edas de luto<\/p>\n<p class=\"article-text\">\n        El presidente del Principado, Adri\u00e1n Barb\u00f3n, ha anunciado que se decretar\u00e1n dos d\u00edas de luto oficial tras el accidente, y ha explicado que la mina  contaba con unas condiciones de seguridad \u201cmuy elevadas\u201d, y que hab\u00eda sido inspeccionada el jueves.\n    <\/p>\n<p class=\"article-text\">\n        As\u00ed lo ha manifestado en Vega de Rengos, lugar al que se desplaz\u00f3 tras tener conocimiento del accidente, y tras anular su participaci\u00f3n en una acto  organizado por el PSOE de Castilla y Le\u00f3n.\n    <\/p>\n<blockquote class=\"twitter-tweet\" data-lang=\"es\"><p><a href=\"https:\/\/twitter.com\/X\/status\/1992027063679865160?ref_src=twsrc%5Etfw\" rel=\"nofollow noopener\" target=\"_blank\"><\/p><\/blockquote>\n<p class=\"article-text\">\n        Barb\u00f3n ha indicado que ya ha hablado con el presidente de Castilla y Le\u00f3n, Alfonso Fern\u00e1ndez Ma\u00f1ueco, ya que uno de los trabajadores fallecidos es asturiano y el otro leon\u00e9s, y que hoy cerrar\u00e1n la \u201chora concreta\u201d en la que decretar\u00e1n los dos d\u00edas de luto oficial, que tambi\u00e9n han comunicado a los alcaldes de Cangas de Narcea y Villablino.\n    <\/p>\n<p>    Investigaci\u00f3n abierta<\/p>\n<p class=\"article-text\">\n        \u201cAhora hay que dejar que se investigue\u201d, ha dicho el m\u00e1ximo responsable del Ejecutivo auton\u00f3mico asturiano, quien ha reiterado que la mina en la que ayer fallecieron dos trabajadores pas\u00f3 una inspecci\u00f3n el d\u00eda anterior a que se produjera el accidente mortal, en concreto, en la zona en la que tuvo lugar el derrumbe.\n    <\/p>\n<p class=\"article-text\">\n        Asimismo, ha revelado que a los propios trabajadores \u201cles cuesta entender lo que sucedi\u00f3, m\u00e1s all\u00e1 de lo que es una tragedia en el \u00e1mbito de la mina\u201d, que en el caso de la explotaci\u00f3n canguesa ya fue objeto de una \u201cenorme revisi\u00f3n como consecuencia de otros accidentes\u201d ocurridos en Asturias, el \u00faltimo hace ocho meses en Cerredo, donde cinco mineros perdieran la vida por una explosi\u00f3n de gas gris\u00fa.\n    <\/p>\n<p>    \u201cTodo estaba en orden\u201d<\/p>\n<p class=\"article-text\">\n        Las condiciones de seguridad en la mina de Rengos eran \u201cmuy elevadas\u201d, seg\u00fan ha destacado Barb\u00f3n, quien ha recordado que la instalaci\u00f3n \u201cse cerr\u00f3 hasta que se analizaron determinados aspectos\u201d, y que tras la revisi\u00f3n \u201ctodo estaba en orden\u201d, como tambi\u00e9n manifestaron las \u201corganizaciones sindicales y los propios trabajadores\u201d.\n    <\/p>\n<p class=\"article-text\">\n        \u201cVamos a ver d\u00f3nde est\u00e1 el problema, si es geol\u00f3gico\u201d, ha se\u00f1alado el presidente del Ejecutivo asturiano, que ha valorado la respuesta \u201cr\u00e1pida\u201d y el agradecimiento por las labores de rescate, as\u00ed como las condolencias del Gobierno del Principado a los familiares y amigos de las v\u00edctimas.\n    <\/p>\n<p>    <a href=\"https:\/\/www.eldiario.es\/asturias\/derrumbe-pozo-cangas-narcea_1_12788156.html\" data-mrf-recirculation=\"saber-mas-abajo\" data-dl-event=\"saber-mas-abajo\" rel=\"nofollow noopener\" target=\"_blank\"><\/p>\n<p class=\"know-more__title\">\nDos mineros fallecen por un derrumbe en un pozo de Cangas del Narcea<\/p>\n<p>            <img decoding=\"async\" class=\"lazy\" loading=\"lazy\" data-src=\"https:\/\/static.eldiario.es\/clip\/ce06d6ab-1d13-4bcd-920b-24e90ca4931f_16-9-aspect-ratio_default_0.jpg\" src=\"data:image\/svg+xml,%3Csvg xmlns=\" http:=\"\" viewbox=\"0 0 880 495\" alt=\"Dos mineros fallecen por un derrumbe en un pozo de Cangas del Narcea\"\/><\/p>\n<p>                        <\/a><\/p>\n<p class=\"article-text\">\n        Asturias vuelve a estar de luto.\n    <\/p>\n<p>                                    <script async src=\"https:\/\/platform.twitter.com\/widgets.js\" charset=\"utf-8\"><\/script><script async src=\"\/\/www.instagram.com\/embed.js\"><\/script><\/p>\n","protected":false},"excerpt":{"rendered":"La tragedia que golpe\u00f3 ayer a la mina de antracita de Vega de Rengos, en Asturias, donde fallecieron&hellip;\n","protected":false},"author":2,"featured_media":249949,"comment_status":"","ping_status":"","sticky":false,"template":"","format":"standard","meta":{"footnotes":""},"categories":[8],"tags":[63442,15983,17,18,14347,14889,779,25,24,18892,13,14,11,19,20,11618,9,10,15,16,2789,63443,23,12,21,22],"class_list":{"0":"post-249948","1":"post","2":"type-post","3":"status-publish","4":"format-standard","5":"has-post-thumbnail","7":"category-espana","8":"tag-anilson","9":"tag-asturiana","10":"tag-breaking-news","11":"tag-breakingnews","12":"tag-companeros","13":"tag-derrumbe","14":"tag-diaz","15":"tag-es","16":"tag-espana","17":"tag-fallecidos","18":"tag-featured-news","19":"tag-featurednews","20":"tag-headlines","21":"tag-latest-news","22":"tag-latestnews","23":"tag-mina","24":"tag-news","25":"tag-noticias","26":"tag-noticias-destacadas","27":"tag-noticiasdestacadas","28":"tag-oscar","29":"tag-soares","30":"tag-spain","31":"tag-titulares","32":"tag-ultimas-noticias","33":"tag-ultimasnoticias"},"share_on_mastodon":{"url":"https:\/\/pubeurope.com\/@es\/115594089346472827","error":""},"_links":{"self":[{"href":"https:\/\/www.europesays.com\/es\/wp-json\/wp\/v2\/posts\/249948","targetHints":{"allow":["GET"]}}],"collection":[{"href":"https:\/\/www.europesays.com\/es\/wp-json\/wp\/v2\/posts"}],"about":[{"href":"https:\/\/www.europesays.com\/es\/wp-json\/wp\/v2\/types\/post"}],"author":[{"embeddable":true,"href":"https:\/\/www.europesays.com\/es\/wp-json\/wp\/v2\/users\/2"}],"replies":[{"embeddable":true,"href":"https:\/\/www.europesays.com\/es\/wp-json\/wp\/v2\/comments?post=249948"}],"version-history":[{"count":0,"href":"https:\/\/www.europesays.com\/es\/wp-json\/wp\/v2\/posts\/249948\/revisions"}],"wp:featuredmedia":[{"embeddable":true,"href":"https:\/\/www.europesays.com\/es\/wp-json\/wp\/v2\/media\/249949"}],"wp:attachment":[{"href":"https:\/\/www.europesays.com\/es\/wp-json\/wp\/v2\/media?parent=249948"}],"wp:term":[{"taxonomy":"category","embeddable":true,"href":"https:\/\/www.europesays.com\/es\/wp-json\/wp\/v2\/categories?post=249948"},{"taxonomy":"post_tag","embeddable":true,"href":"https:\/\/www.europesays.com\/es\/wp-json\/wp\/v2\/tags?post=249948"}],"curies":[{"name":"wp","href":"https:\/\/api.w.org\/{rel}","templated":true}]}}