{"id":249950,"date":"2025-11-22T15:36:57","date_gmt":"2025-11-22T15:36:57","guid":{"rendered":"https:\/\/www.europesays.com\/es\/249950\/"},"modified":"2025-11-22T15:36:57","modified_gmt":"2025-11-22T15:36:57","slug":"trump-dice-que-confia-en-que-mamdani-hara-un-gran-trabajo-en-nueva-york","status":"publish","type":"post","link":"https:\/\/www.europesays.com\/es\/249950\/","title":{"rendered":"Trump dice que conf\u00eda en que Mamdani \u00abhar\u00e1 un gran trabajo\u00bb en Nueva York"},"content":{"rendered":"<p>Washington (EFE).- El presidente de Estados Unidos, Donald Trump, y el alcalde electo de Nueva York, el dem\u00f3crata Zohran Mamdani, coincidieron en que la reuni\u00f3n que tuvieron este viernes en la Casa Blanca fue \u00abmuy productiva\u00bb, un encuentro que se produjo tras una tensa campa\u00f1a electoral llena de ataques entre ambos.<\/p>\n<p>Al concluir la reuni\u00f3n, Trump y Mamdani ofrecieron una rueda de prensa en el Despacho Oval, en la que el republicano permaneci\u00f3 sentado en su escritorio y el dem\u00f3crata se situ\u00f3 de pie a su lado, mostrando ambos una inesperada cordialidad.<\/p>\n<p>\u00abTengo mucha confianza en que puede hacer un buen trabajo\u00bb, dijo Trump, quien detall\u00f3 que el encuentro, que se llev\u00f3 a cabo a puerta cerrada, fue \u00abmuy productivo\u00bb.<\/p>\n<p>El republicano asegur\u00f3 que cree que los neoyorquinos \u00abcon suerte, tendr\u00e1n un alcalde realmente excelente\u00bb y prometi\u00f3 a Mamdani ayudarlo a \u00abhacer realidad el sue\u00f1o de todos\u00bb.<\/p>\n<p><img data-recalc-dims=\"1\" fetchpriority=\"high\" decoding=\"async\" width=\"900\" height=\"600\" src=\"https:\/\/www.europesays.com\/es\/wp-content\/uploads\/2025\/11\/Trump_reunion_Mamdani.webp\" alt=\"Trump, tras una reuni\u00f3n &quot;productiva&quot; con el alcalde Zohran Mamdani: Har\u00e1 un gran trabajo en Nueva York\" class=\"wp-image-2308086\" style=\"width:980px;height:auto\"  \/>El presidente de Estados Unidos, Donald Trump, durante su reuni\u00f3n con Mamdani en la Casa Blanca, en Nueva York (EE.UU.). EFE\/EPA\/ Yuri Gripas<\/p>\n<p>El mandatario, quien en ocasiones anteriores tild\u00f3 a Mamdani de \u00abcomunista\u00bb, dijo que el dem\u00f3crata \u00abtiene ideas un tanto extravagantes\u00bb pero cree que con \u00absuerte\u00bb sorprender\u00e1 a \u00abmuchos conservadores\u00bb \u00aby tambi\u00e9n a muchos liberales\u00bb.<\/p>\n<p>El giro de posturas en la relaci\u00f3n de Trump y Mamdani<\/p>\n<p>Por su parte,<a href=\"https:\/\/efe.com\/mundo\/2025-11-05\/alcalde-electo-nueva-york-zohran-mamdani-equipo-gobierno-transicion\/\" rel=\"nofollow noopener\" target=\"_blank\"> Mamdani<\/a>, quien asumir\u00e1 el poder el pr\u00f3ximo 1 de enero, coincidi\u00f3 en que la reuni\u00f3n fue \u00abpositiva\u00bb y dijo que ambos tienen posturas claras y que la reuni\u00f3n se centr\u00f3 en buscar pol\u00edticas para servir a los habitantes de la ciudad y no en sus diferencias.<\/p>\n<p>El giro de postura entre ambos surge luego de una larga campa\u00f1a pol\u00edtica donde Mamdani se refiri\u00f3 a Trump como \u00abun d\u00e9spota\u00bb y por su parte el republicano asegur\u00f3 que muchos habitantes de Nueva York iban a huir hacia Florida por un posible \u00abr\u00e9gimen comunista\u00bb.<\/p>\n<p><img loading=\"lazy\" data-recalc-dims=\"1\" decoding=\"async\" width=\"900\" height=\"600\" src=\"https:\/\/www.europesays.com\/es\/wp-content\/uploads\/2025\/11\/Mamdani_Trump.webp\" alt=\"Trump asegura que conf\u00eda en que el alcalde Zohran Mamdani &quot;har\u00e1 un gran trabajo&quot; en Nueva York\" class=\"wp-image-2308076\" style=\"width:980px;height:auto\"  \/>Fotograf\u00eda de archivo del alcalde electo de Nueva York, Zohran Mamdani. EFE\/EPA\/ Olga Fedorova <\/p>\n<p>Durante la ronda de preguntas en el Despacho Oval, Mamdani se\u00f1al\u00f3 que tambi\u00e9n discutieron sobre los despliegues de la Patrulla Fronteriza en la Gran Manzana y Trump le sigui\u00f3 diciendo que ambos buscan una ciudad \u00ablibre de crimen\u00bb.<\/p>\n<p>La victoria de Zohran Mamdani en las elecciones municipales del 4 de noviembre de 2025 fue hist\u00f3rica: obtuvo aproximadamente el 50,6 % de los votos frente al 41,2 % de Andrew Cuomo y el 7,4 % de Curtis Sliwa y Con s\u00f3lo 34 a\u00f1os, se convierte en uno de los alcaldes m\u00e1s j\u00f3venes en la historia reciente de la ciudad y es el primer alcalde musulm\u00e1n de Nueva York.<\/p>\n","protected":false},"excerpt":{"rendered":"Washington (EFE).- El presidente de Estados Unidos, Donald Trump, y el alcalde electo de Nueva York, el dem\u00f3crata&hellip;\n","protected":false},"author":2,"featured_media":249951,"comment_status":"","ping_status":"","sticky":false,"template":"","format":"standard","meta":{"footnotes":""},"categories":[5],"tags":[17,18,115,25,24,13,14,582,11,19,20,9,10,15,16,896,952,23,12,936,21,22],"class_list":{"0":"post-249950","1":"post","2":"type-post","3":"status-publish","4":"format-standard","5":"has-post-thumbnail","7":"category-titulares","8":"tag-breaking-news","9":"tag-breakingnews","10":"tag-eeuu","11":"tag-es","12":"tag-espana","13":"tag-featured-news","14":"tag-featurednews","15":"tag-gobierno","16":"tag-headlines","17":"tag-latest-news","18":"tag-latestnews","19":"tag-news","20":"tag-noticias","21":"tag-noticias-destacadas","22":"tag-noticiasdestacadas","23":"tag-nueva-york","24":"tag-politica","25":"tag-spain","26":"tag-titulares","27":"tag-trump","28":"tag-ultimas-noticias","29":"tag-ultimasnoticias"},"share_on_mastodon":{"url":"https:\/\/pubeurope.com\/@es\/115594097606726957","error":""},"_links":{"self":[{"href":"https:\/\/www.europesays.com\/es\/wp-json\/wp\/v2\/posts\/249950","targetHints":{"allow":["GET"]}}],"collection":[{"href":"https:\/\/www.europesays.com\/es\/wp-json\/wp\/v2\/posts"}],"about":[{"href":"https:\/\/www.europesays.com\/es\/wp-json\/wp\/v2\/types\/post"}],"author":[{"embeddable":true,"href":"https:\/\/www.europesays.com\/es\/wp-json\/wp\/v2\/users\/2"}],"replies":[{"embeddable":true,"href":"https:\/\/www.europesays.com\/es\/wp-json\/wp\/v2\/comments?post=249950"}],"version-history":[{"count":0,"href":"https:\/\/www.europesays.com\/es\/wp-json\/wp\/v2\/posts\/249950\/revisions"}],"wp:featuredmedia":[{"embeddable":true,"href":"https:\/\/www.europesays.com\/es\/wp-json\/wp\/v2\/media\/249951"}],"wp:attachment":[{"href":"https:\/\/www.europesays.com\/es\/wp-json\/wp\/v2\/media?parent=249950"}],"wp:term":[{"taxonomy":"category","embeddable":true,"href":"https:\/\/www.europesays.com\/es\/wp-json\/wp\/v2\/categories?post=249950"},{"taxonomy":"post_tag","embeddable":true,"href":"https:\/\/www.europesays.com\/es\/wp-json\/wp\/v2\/tags?post=249950"}],"curies":[{"name":"wp","href":"https:\/\/api.w.org\/{rel}","templated":true}]}}