{"id":249962,"date":"2025-11-22T15:53:15","date_gmt":"2025-11-22T15:53:15","guid":{"rendered":"https:\/\/www.europesays.com\/es\/249962\/"},"modified":"2025-11-22T15:53:15","modified_gmt":"2025-11-22T15:53:15","slug":"joan-garcia-regresa-gerard-martin-de-central-y-eric-de-pivote-sancet-y-unai-titulares","status":"publish","type":"post","link":"https:\/\/www.europesays.com\/es\/249962\/","title":{"rendered":"Joan Garcia regresa, Gerard Mart\u00edn de central y Eric de pivote; Sancet y Unai, titulares"},"content":{"rendered":"<p class=\"mb-4 text-lg md:leading-8 break-words\">Barcelona, 22 nov (EFE).- El regreso de Joan Garcia a la porter\u00eda, la presencia de Gerard Mart\u00edn como central junto a Pau Cubars\u00ed y el paso de Eric Garcia al centro del campo son las principales novedades del Barcelona para enfrentarse este s\u00e1bado en el Spotify Camp Nou al Athletic Club, que saldr\u00e1 de inicio con Oihan Sancet y Unai G\u00f3mez.<\/p>\n<p class=\"mb-4 text-lg md:leading-8 break-words\">El guardameta reaparecer\u00e1 despu\u00e9s de casi dos meses de baja por lesi\u00f3n, al igual que el delantero Raphael Dias &#8216;Raphinha&#8217;, que esperar\u00e1 su oportunidad en el banquillo, mientras que Marcus Rashford ha sido baja de \u00faltima hora por un proceso gripal.<\/p>\n<p class=\"mb-4 text-lg md:leading-8 break-words\">La alineaci\u00f3n del Barcelona estar\u00e1 formada por Joan Garcia; Kounde, Cubars\u00ed, Gerard Mart\u00edn, Balde; Ferm\u00edn, Eric, Dani Olmo; Lamine Yamal, Lewadowski y Ferran.<\/p>\n<p class=\"mb-4 text-lg md:leading-8 break-words\">Por su parte, el Athletic Club presentar\u00e1 las novedades de Oihan Sancet y Unai G\u00f3mez en la zona de ataque, y saltar\u00e1 al terreno de juego con Unai Sim\u00f3n; Gorosabel, Vivian, Laporte, Yuri; De Galarreta, Jaureguizar; Berenguer, Sancet, Nico Williams; Unai G\u00f3mez.<\/p>\n<p class=\"mb-4 text-lg md:leading-8 break-words\">(c) Agencia EFE<\/p>\n","protected":false},"excerpt":{"rendered":"Barcelona, 22 nov (EFE).- El regreso de Joan Garcia a la porter\u00eda, la presencia de Gerard Mart\u00edn como&hellip;\n","protected":false},"author":2,"featured_media":249963,"comment_status":"","ping_status":"","sticky":false,"template":"","format":"standard","meta":{"footnotes":""},"categories":[93],"tags":[2203,210,168,995,10445,25,24,25696,883,3254,51372,23,167,63444],"class_list":{"0":"post-249962","1":"post","2":"type-post","3":"status-publish","4":"format-standard","5":"has-post-thumbnail","7":"category-deportes","8":"tag-athletic-club","9":"tag-barcelona","10":"tag-deportes","11":"tag-efe","12":"tag-eric-garcia","13":"tag-es","14":"tag-espana","15":"tag-gerard-martin","16":"tag-joan-garcia","17":"tag-marcus-rashford","18":"tag-oihan-sancet","19":"tag-spain","20":"tag-sports","21":"tag-unai-gomez"},"share_on_mastodon":{"url":"https:\/\/pubeurope.com\/@es\/115594160089254507","error":""},"_links":{"self":[{"href":"https:\/\/www.europesays.com\/es\/wp-json\/wp\/v2\/posts\/249962","targetHints":{"allow":["GET"]}}],"collection":[{"href":"https:\/\/www.europesays.com\/es\/wp-json\/wp\/v2\/posts"}],"about":[{"href":"https:\/\/www.europesays.com\/es\/wp-json\/wp\/v2\/types\/post"}],"author":[{"embeddable":true,"href":"https:\/\/www.europesays.com\/es\/wp-json\/wp\/v2\/users\/2"}],"replies":[{"embeddable":true,"href":"https:\/\/www.europesays.com\/es\/wp-json\/wp\/v2\/comments?post=249962"}],"version-history":[{"count":0,"href":"https:\/\/www.europesays.com\/es\/wp-json\/wp\/v2\/posts\/249962\/revisions"}],"wp:featuredmedia":[{"embeddable":true,"href":"https:\/\/www.europesays.com\/es\/wp-json\/wp\/v2\/media\/249963"}],"wp:attachment":[{"href":"https:\/\/www.europesays.com\/es\/wp-json\/wp\/v2\/media?parent=249962"}],"wp:term":[{"taxonomy":"category","embeddable":true,"href":"https:\/\/www.europesays.com\/es\/wp-json\/wp\/v2\/categories?post=249962"},{"taxonomy":"post_tag","embeddable":true,"href":"https:\/\/www.europesays.com\/es\/wp-json\/wp\/v2\/tags?post=249962"}],"curies":[{"name":"wp","href":"https:\/\/api.w.org\/{rel}","templated":true}]}}