{"id":249982,"date":"2025-11-22T16:10:21","date_gmt":"2025-11-22T16:10:21","guid":{"rendered":"https:\/\/www.europesays.com\/es\/249982\/"},"modified":"2025-11-22T16:10:21","modified_gmt":"2025-11-22T16:10:21","slug":"el-pasado-de-kiko-rivera-como-pequeno-del-alma-de-isabel-pantoja-que-isa-no-disfruto","status":"publish","type":"post","link":"https:\/\/www.europesays.com\/es\/249982\/","title":{"rendered":"El pasado de Kiko Rivera como &#8216;peque\u00f1o del alma&#8217; de Isabel Pantoja que Isa no disfrut\u00f3"},"content":{"rendered":"<p>El conflicto entre <strong>Isabel Pantoja<\/strong> y su hijo, Kiko Rivera, <a href=\"https:\/\/okdiario.com\/look\/actualidad\/aviso-urgente-kiko-rivera-sobre-isabel-pantoja-necesita-ayuda-psicologica-urgente-2426586\" rel=\"nofollow noopener\" target=\"_blank\">lleva acaparando titulares desde hace a\u00f1os<\/a>. Sin embargo, hubo una \u00e9poca en la que la relaci\u00f3n entre madre e hijo era realmente envidiable. De hecho, la tonadillera no ten\u00eda problema en gritar el amor que sent\u00eda por <strong>su \u00abpeque\u00f1o del alma\u00bb<\/strong> a los cuatro vientos. Es m\u00e1s, ambos protagonizaban una de las escenas m\u00e1s tiernas y que ha quedado grabada para la posteridad, cuando Pantoja subi\u00f3 al escenario a Kiko para cantar juntos.<\/p>\n<p>\n<img decoding=\"async\" loading=\"lazy\" class=\"size-medium wp-image-2431078\" alt=\"Isabel Pantoja y Kiko Rivera cuando era un nin\u0303o. (Foto: Gtres)\" width=\"620\" height=\"349\"  src=\"https:\/\/www.europesays.com\/es\/wp-content\/uploads\/2025\/10\/placeholder.jpg\"  bad-src=\"https:\/\/www.europesays.com\/es\/wp-content\/uploads\/2025\/10\/placeholder.jpg\"\/><\/p>\n<p><img decoding=\"async\" loading=\"lazy\" class=\"size-medium wp-image-2431078\" src=\"https:\/\/www.europesays.com\/es\/wp-content\/uploads\/2025\/11\/isabel-pantoja-y-kiko-rivera-cuando-era-un-nino-620x349.jpg\" alt=\"Isabel Pantoja y Kiko Rivera cuando era un nin\u0303o. (Foto: Gtres)\" width=\"620\" height=\"349\"  \/><\/p>\n<p> Isabel Pantoja y Kiko Rivera cuando era un nin\u0303o. (Foto: Gtres)\n<\/p>\n<p>Han pasado ya m\u00e1s de 30 a\u00f1os de ese momento, en el que Isabel no dudaba en pasarle el micr\u00f3fono a su hijo y este pudo demostrar por primera vez su talento en p\u00fablico. \u00abAnte todo, soy madre\u00bb, pronunciaba orgullosa la cantante sobre el escenario del Teatro Lope de Vega de Madrid con la reina Sof\u00eda como invitada de honor. \u00abY lo \u00fanico que pido a Dios es que le d\u00e9 mucha salud\u00bb. Ese fue un concierto muy esperado, ya que supon\u00eda su vuelta al trabajo tras la tr\u00e1gica muerte de su gran amor, Paquirri, y que dejaba una frase tan famosa y popular que incluso se ha estampado en camisetas y bolsos que se venden online. <strong>\u00abMi peque\u00f1o del alma\u2026 Con tu piel de canela\u00bb<\/strong>, completaba Kiko las frases de la canci\u00f3n demostrando que la conoc\u00eda a la perfecci\u00f3n con apenas 3 a\u00f1itos.<\/p>\n<p>\n<img decoding=\"async\" loading=\"lazy\" class=\"wp-image-2431069 size-full\" alt=\"Isabel Pantoja y Kiko Rivera. (Foto: Gtres)\" width=\"1378\" height=\"2075\"  src=\"https:\/\/www.europesays.com\/es\/wp-content\/uploads\/2025\/10\/placeholder.jpg\"  bad-src=\"https:\/\/www.europesays.com\/es\/wp-content\/uploads\/2025\/10\/placeholder.jpg\"\/><\/p>\n<p><img decoding=\"async\" loading=\"lazy\" class=\"wp-image-2431069 size-full\" src=\"https:\/\/www.europesays.com\/es\/wp-content\/uploads\/2025\/11\/isabel-pantoja-posa-junto-a-su-hijo-e1763670234316.jpg\" alt=\"Isabel Pantoja y Kiko Rivera. (Foto: Gtres)\" width=\"1378\" height=\"2075\"  \/><\/p>\n<p> Isabel Pantoja y Kiko Rivera. (Foto: Gtres)\n<\/p>\n<p>La traici\u00f3n de Isabel Pantoja a su \u2018peque\u00f1o del alma\u2019<\/p>\n<p>Nada hac\u00eda presagiar en aquel momento que Pantoja y Rivera terminar\u00edan envueltos en una terrible guerra medi\u00e1tica. Y menos que la herencia de Paquirri, -su padre-, se interpondr\u00eda entre ambos. En Cantora, la herencia envenenada, el ex de Irene Rosales sacaba a relucir<a href=\"https:\/\/okdiario.com\/look\/actualidad\/kiko-rivera-cuenta-todo-infidelidades-desgaste-irene-reproche-duro-madre-2420829\" rel=\"nofollow noopener\" target=\"_blank\"> una parte realmente oscura de su pasado<\/a>. Ya no solo de las ocasiones en las que no sinti\u00f3 el cari\u00f1o de su madre, sino de la complicada personalidad que tendr\u00eda la artista. <strong>\u00abSolo soy alguien a quien la persona que m\u00e1s idolatraba me ha fallado de una manera irreparable enga\u00f1\u00e1ndome toda la vida\u00bb<\/strong>, se lamentaba.<\/p>\n<p>Conforme fue creciendo, Kiko tuvo que amoldarse tambi\u00e9n a las numerosas parejas y amistades que han pasado por la vida de su madre; de Encarna S\u00e1nchez,\u00a0 a <strong>Mar\u00eda del Monte<\/strong>, Diego G\u00f3mez o <strong>Juli\u00e1n Mu\u00f1oz<\/strong>. Hasta que, en 1996, Pantoja tomaba la decisi\u00f3n de ampliar la familia mediante<strong> la adopci\u00f3n de la peque\u00f1a Isa<\/strong>, nacida en Per\u00fa. Entonces, el Dj comenz\u00f3 a ejercer de hermano mayor, aunque la adolescencia de la joven no fue f\u00e1cil ni mucho menos. Tanto es as\u00ed, que ella misma ha denunciado p\u00fablicamente ciertos episodios en los que la humillaron o recibi\u00f3 tratos vejatorios.<\/p>\n<p>\n<img decoding=\"async\" loading=\"lazy\" class=\"size-medium wp-image-2431074\" alt=\"Isabel Pantoja junto a sus dos hijos, Kiko e Isa. (Foto: Gtres)\" width=\"620\" height=\"349\"  src=\"https:\/\/www.europesays.com\/es\/wp-content\/uploads\/2025\/10\/placeholder.jpg\"  bad-src=\"https:\/\/www.europesays.com\/es\/wp-content\/uploads\/2025\/10\/placeholder.jpg\"\/><\/p>\n<p><img decoding=\"async\" loading=\"lazy\" class=\"size-medium wp-image-2431074\" src=\"https:\/\/www.europesays.com\/es\/wp-content\/uploads\/2025\/11\/isabel-pantoja-junto-a-sus-dos-hijos-kiko-e-isa-620x349.jpg\" alt=\"Isabel Pantoja junto a sus dos hijos, Kiko e Isa. (Foto: Gtres)\" width=\"620\" height=\"349\"  \/><\/p>\n<p> Isabel Pantoja junto a sus dos hijos, Kiko e Isa. (Foto: Gtres)\n<\/p>\n<p>Cuando Isa lleg\u00f3 a la vida de los Pantoja, Kiko ya ten\u00eda 12 a\u00f1os, por lo que \u00e9l siempre sinti\u00f3 el peso de tener que cuidarla. \u00abJam\u00e1s volver\u00eda a la adolescencia, me llevaron a un internado y cambi\u00f3 much\u00edsimo mi vida, lo hicieron para tener un control sobre m\u00ed\u00bb, confesaba p\u00fablicamente. El punto de inflexi\u00f3n llegaba cuando Chabelita cumpli\u00f3 16 a\u00f1os y decidi\u00f3 tener su primer novio, lo que para su madre resultaba inadmisible. <strong>\u00abEso significaba hacer muchas cosas que mi madre no quer\u00eda que hiciera\u00bb<\/strong>, lamentaba tajante.<\/p>\n<p>Pese a que Isabel Pantoja siempre ha defendido que quiere a sus dos hijos por igual, parece que entre ellos la diferencia s\u00ed que hizo bastante notable, y no solo en cuesti\u00f3n de edad. Heridas del pasado que terminaron pas\u00e1ndoles factura a los hermanos, ya que a d\u00eda de hoy siguen distanciados.<\/p>\n","protected":false},"excerpt":{"rendered":"El conflicto entre Isabel Pantoja y su hijo, Kiko Rivera, lleva acaparando titulares desde hace a\u00f1os. Sin embargo,&hellip;\n","protected":false},"author":2,"featured_media":249983,"comment_status":"","ping_status":"","sticky":false,"template":"","format":"standard","meta":{"footnotes":""},"categories":[174],"tags":[255,146,147,25,24,256,63446,23],"class_list":{"0":"post-249982","1":"post","2":"type-post","3":"status-publish","4":"format-standard","5":"has-post-thumbnail","7":"category-famosos","8":"tag-celebrities","9":"tag-entertainment","10":"tag-entretenimiento","11":"tag-es","12":"tag-espana","13":"tag-famosos","14":"tag-kiko-rivera-pequeno-del-alma","15":"tag-spain"},"share_on_mastodon":{"url":"https:\/\/pubeurope.com\/@es\/115594227354672553","error":""},"_links":{"self":[{"href":"https:\/\/www.europesays.com\/es\/wp-json\/wp\/v2\/posts\/249982","targetHints":{"allow":["GET"]}}],"collection":[{"href":"https:\/\/www.europesays.com\/es\/wp-json\/wp\/v2\/posts"}],"about":[{"href":"https:\/\/www.europesays.com\/es\/wp-json\/wp\/v2\/types\/post"}],"author":[{"embeddable":true,"href":"https:\/\/www.europesays.com\/es\/wp-json\/wp\/v2\/users\/2"}],"replies":[{"embeddable":true,"href":"https:\/\/www.europesays.com\/es\/wp-json\/wp\/v2\/comments?post=249982"}],"version-history":[{"count":0,"href":"https:\/\/www.europesays.com\/es\/wp-json\/wp\/v2\/posts\/249982\/revisions"}],"wp:featuredmedia":[{"embeddable":true,"href":"https:\/\/www.europesays.com\/es\/wp-json\/wp\/v2\/media\/249983"}],"wp:attachment":[{"href":"https:\/\/www.europesays.com\/es\/wp-json\/wp\/v2\/media?parent=249982"}],"wp:term":[{"taxonomy":"category","embeddable":true,"href":"https:\/\/www.europesays.com\/es\/wp-json\/wp\/v2\/categories?post=249982"},{"taxonomy":"post_tag","embeddable":true,"href":"https:\/\/www.europesays.com\/es\/wp-json\/wp\/v2\/tags?post=249982"}],"curies":[{"name":"wp","href":"https:\/\/api.w.org\/{rel}","templated":true}]}}