{"id":249984,"date":"2025-11-22T16:11:42","date_gmt":"2025-11-22T16:11:42","guid":{"rendered":"https:\/\/www.europesays.com\/es\/249984\/"},"modified":"2025-11-22T16:11:42","modified_gmt":"2025-11-22T16:11:42","slug":"el-museo-de-malaga-revisa-la-aportacion-del-arquitecto-guerrero-strachan-a-la-ciudad-en-la-exposicion-mas-que-un-grano-de-arena-noticias","status":"publish","type":"post","link":"https:\/\/www.europesays.com\/es\/249984\/","title":{"rendered":"El Museo de M\u00e1laga revisa la aportaci\u00f3n del arquitecto Guerrero Strachan a la ciudad en la exposici\u00f3n \u2018M\u00e1s que un grano de arena\u2019 &#8211; Noticias"},"content":{"rendered":"<p class=\"Standard\">El Museo de M\u00e1laga, dependiente de la Consejer\u00eda de Cultura y Deporte, ha inaugurado esta ma\u00f1ana en la Sala de Exposiciones Temporales \u2018Eugenio Chicano\u2019 la exposici\u00f3n \u2018M\u00e1s que un grano de arena\u2019, organizada con el Colegio de Arquitectos de M\u00e1laga, para rendir homenaje a Fernando Guerrero Strachan (M\u00e1laga, 1879-1930). La muestra, que podr\u00e1 visitarse hasta marzo de 2026, re\u00fane a m\u00e1s de un centenar de piezas tanto profesionales como personales del arquitecto con motivo del centenario de la construcci\u00f3n del edificio que actualmente alberga su sede colegial, obra del malague\u00f1o.<\/p>\n<p class=\"Standard\">En el acto de inauguraci\u00f3n han participado la directora general de Museos y Conjuntos, Aurora Villalobos, la decana del Colegio Oficial de Arquitectos de M\u00e1laga, Susana G\u00f3mez de Lara, la directora del Museo de M\u00e1laga, Mar\u00eda Morente, y Enrique Bravo Lanzac comisario de la exposici\u00f3n junto a Juan Jos\u00e9 Guti\u00e9rrez Blanco, Francisco Gonz\u00e1lez Fern\u00e1ndez y Luis Ruiz Padr\u00f3n. <\/p>\n<p class=\"Standard\">\u2018M\u00e1s que un grano de arena\u2019 exhibe un amplio conjunto documental y gr\u00e1fico de los proyectos del arquitecto, junto a pinturas, grabados, piezas arqueol\u00f3gicas, documentos hist\u00f3ricos y objetos personales, que ayudan a entender las m\u00faltiples facetas de un creador fundamental en la historia urbana y cultural de M\u00e1laga. As\u00ed, la muestra aborda la transformaci\u00f3n de la ciudad entre los siglos XIX y XX, el panorama cultural y arquitect\u00f3nico de la \u00e9poca y la figura de Fernando Guerrero Strachan.<\/p>\n<p class=\"Standard\">A trav\u00e9s del hilo conductor de la trayectoria personal y profesional de Fernando Guerrero Strachan, el contenido de la exposici\u00f3n \u201cestablece un interesante di\u00e1logo con los propios contenidos de la exposici\u00f3n permanente del Museo de M\u00e1laga\u201d. Y al mismo tiempo, nos permite profundizar en uno de los rasgos de identidad de los contenidos del actual Museo de M\u00e1laga\u201d, ha explicado la directora general de Museos y Conjuntos, Aurora Villalobos. <\/p>\n<p class=\"Standard\">Para Susana G\u00f3mez de Lara, por su parte, esta exposici\u00f3n pone el \u201cbroche de oro a un ciclo que iniciamos en junio de 2024 \u2018Guerrero Strachan. 100 a\u00f1os de la casa de los arquitectos\u2019, del que nos sentimos especialmente orgullosos. Durante estos meses hemos contado con el respaldo de buena parte de la ciudadan\u00eda, que nos ha ido acompa\u00f1ando en las distintas actividades programadas para acercarse a una de las figuras clave de los inicios de la M\u00e1laga moderna\u201d.<\/p>\n<p class=\"Standard\">El recorrido por la exposici\u00f3n se inicia con una introducci\u00f3n a la figura de Guerrero Strachan, a partir del lema que da t\u00edtulo a la muestra, \u2018M\u00e1s que un grano de arena\u2019, extra\u00eddo de la memoria del Pabell\u00f3n de M\u00e1laga en la Exposici\u00f3n Iberoamericana de 1929, donde el arquitecto expresaba su deseo de dotar a la arquitectura malague\u00f1a de un car\u00e1cter propio, prop\u00f3sito que marc\u00f3 toda su trayectoria y que, sin saberlo, acabar\u00eda convirti\u00e9ndose en su testamento vital. <\/p>\n<p class=\"Standard\">A partir de ah\u00ed, la muestra sit\u00faa al visitante en la M\u00e1laga en la que naci\u00f3 y trabaj\u00f3 Guerrero Strachan, una ciudad en ebullici\u00f3n, reci\u00e9n sometida a transformaciones que modelar\u00edan su imagen urbana en el siglo XX. Contin\u00faa la propuesta con una inmersi\u00f3n en la sociedad y modelo productivo que hicieron posible esos cambios. En este contexto Strachan madur\u00f3 su visi\u00f3n del mundo, impregn\u00e1ndose de referencias est\u00e9ticas que m\u00e1s tarde se reflejar\u00edan en sus propuestas arquitect\u00f3nicas tanto en su forma como en los conceptos que las sustenta.<\/p>\n<p class=\"Standard\">El visitante podr\u00e1 conocer la amplitud y diversidad de su obra a trav\u00e9s de una selecci\u00f3n de la producci\u00f3n m\u00e1s representativa del arquitecto. En este sentido, la muestra propone una lectura que pone de relieve la riqueza de su trayectoria profesional y la evoluci\u00f3n de su lenguaje estil\u00edstico m\u00e1s all\u00e1 de los t\u00f3picos habituales. Por \u00faltimo, tambi\u00e9n ofrece una mirada \u00edntima a la dimensi\u00f3n m\u00e1s humana y poli\u00e9drica del arquitecto. En ella aborda su papel como alcalde, fil\u00e1ntropo y persona familiar, y re\u00fane objetos personales, documentos y fotograf\u00edas procedentes del legado que conservas descendientes.<\/p>\n<p class=\"Standard\"><strong>Strachan y el Museo de M\u00e1laga<\/strong><\/p>\n<p class=\"Standard\">Guerrero Strachan fue un art\u00edfice destacado de la transformaci\u00f3n urban\u00edstica y arquitect\u00f3nica que conoce la ciudad de M\u00e1laga a finales del siglo XIX y comienzos del siglo XX, expresi\u00f3n de un importante cambio social, econ\u00f3mico y cultural: el paso de un modelo de ciudad apoyado econ\u00f3micamente en la industria a una ciudad con aspiraciones a convertirse en atractivo tur\u00edstico. En este contexto de una cierta modernidad, M\u00e1laga reinterpreta su historia, pensando ante todo en su presente. Una nueva burgues\u00eda lidera el cambio econ\u00f3mico y cultural en una ciudad que se transformar\u00e1 radicalmente, asentando las bases de la se\u00f1a de identidad de la M\u00e1laga actual. \u00a0En esos momentos, en los que Fernando Guerrero Strachan desarrolla su actividad profesional, y ostenta la alcald\u00eda del municipio y la presidencia de la Real Academia de Bellas Artes de San Telmo, se inicia la aventura de los dos museos de la ciudad: el Museo Arqueol\u00f3gico y el Museo de Bellas Artes, hoy Museo de M\u00e1laga.<\/p>\n<p class=\"Standard\">El Museo de M\u00e1laga eligi\u00f3 para la reapertura en el Palacio de Aduana reflexionar sobre esta transformaci\u00f3n de la ciudad a finales del siglo XIX y primer tercio del XX, siendo el hilo conductor para relatar la idiosincrasia de la formaci\u00f3n de sus colecciones es arte y arqueolog\u00eda, que se iniciaron muy condicionados y en sinton\u00eda con las aspiraciones de una ciudad en plena transformaci\u00f3n. Una transformaci\u00f3n de la que Guerrero Strachan es uno de sus principales protagonistas. <\/p>\n","protected":false},"excerpt":{"rendered":"El Museo de M\u00e1laga, dependiente de la Consejer\u00eda de Cultura y Deporte, ha inaugurado esta ma\u00f1ana en la&hellip;\n","protected":false},"author":2,"featured_media":249985,"comment_status":"","ping_status":"","sticky":false,"template":"","format":"standard","meta":{"footnotes":""},"categories":[173],"tags":[229,233,231,230,232,234,146,147,25,24,63447,23],"class_list":{"0":"post-249984","1":"post","2":"type-post","3":"status-publish","4":"format-standard","5":"has-post-thumbnail","7":"category-arte-y-diseno","8":"tag-arte","9":"tag-arte-y-diseno","10":"tag-arts","11":"tag-arts-and-design","12":"tag-design","13":"tag-diseno","14":"tag-entertainment","15":"tag-entretenimiento","16":"tag-es","17":"tag-espana","18":"tag-museos-y-promocion-del-arte","19":"tag-spain"},"share_on_mastodon":{"url":"https:\/\/pubeurope.com\/@es\/115594230708594113","error":""},"_links":{"self":[{"href":"https:\/\/www.europesays.com\/es\/wp-json\/wp\/v2\/posts\/249984","targetHints":{"allow":["GET"]}}],"collection":[{"href":"https:\/\/www.europesays.com\/es\/wp-json\/wp\/v2\/posts"}],"about":[{"href":"https:\/\/www.europesays.com\/es\/wp-json\/wp\/v2\/types\/post"}],"author":[{"embeddable":true,"href":"https:\/\/www.europesays.com\/es\/wp-json\/wp\/v2\/users\/2"}],"replies":[{"embeddable":true,"href":"https:\/\/www.europesays.com\/es\/wp-json\/wp\/v2\/comments?post=249984"}],"version-history":[{"count":0,"href":"https:\/\/www.europesays.com\/es\/wp-json\/wp\/v2\/posts\/249984\/revisions"}],"wp:featuredmedia":[{"embeddable":true,"href":"https:\/\/www.europesays.com\/es\/wp-json\/wp\/v2\/media\/249985"}],"wp:attachment":[{"href":"https:\/\/www.europesays.com\/es\/wp-json\/wp\/v2\/media?parent=249984"}],"wp:term":[{"taxonomy":"category","embeddable":true,"href":"https:\/\/www.europesays.com\/es\/wp-json\/wp\/v2\/categories?post=249984"},{"taxonomy":"post_tag","embeddable":true,"href":"https:\/\/www.europesays.com\/es\/wp-json\/wp\/v2\/tags?post=249984"}],"curies":[{"name":"wp","href":"https:\/\/api.w.org\/{rel}","templated":true}]}}