{"id":24999,"date":"2025-08-04T12:37:08","date_gmt":"2025-08-04T12:37:08","guid":{"rendered":"https:\/\/www.europesays.com\/es\/24999\/"},"modified":"2025-08-04T12:37:08","modified_gmt":"2025-08-04T12:37:08","slug":"el-club-de-liverpool-que-lleva-el-nombre-de-bilbao-y-hoy-animara-al-athletic-en-anfield","status":"publish","type":"post","link":"https:\/\/www.europesays.com\/es\/24999\/","title":{"rendered":"El club de Liverpool que lleva el nombre de Bilbao y hoy animar\u00e1 al Athletic en Anfield"},"content":{"rendered":"<p>El Athletic lleva muy a gala su conexi\u00f3n con Inglaterra. El nombre, sus primeros jugadores y hasta su camiseta llegaron desde all\u00ed. Pero el club  &#8230; rojiblanco tambi\u00e9n ha dejado su huella en Gran Breta\u00f1a. No hay mayor reconocimiento, probablemente, para una entidad que inspirar a otra. Es lo que ha sucedido con el Stocky Bilbao, un equipo para ni\u00f1os de entre 5 y 8 a\u00f1os de Liverpool que ha tomado el nombre de la capital vizca\u00edna y luce un escudo muy similar al de la entidad bilba\u00edna, puente de San Ant\u00f3n incluido.<\/p>\n<p><a href=\"http:\/\/www.elcorreo.com\/athletic\/decena-jovenes-athleticzales-arropa-athletic-llegada-liverpool-20250804080553-nt.html#vtm_modulosEngag=mod-rel:athletic:noticia:1:cmp:2-not\" class=\"v-a-link\" title=\"Ni\u00f1os athleticzales arropan al Athletic a su llegada a Liverpool\" rel=\"nofollow noopener\" target=\"_blank\"><br \/>\n<img decoding=\"async\" loading=\"lazy\" class=\"v-a-img\" src=\"https:\/\/www.europesays.com\/es\/wp-content\/uploads\/2025\/08\/recibimiento-liverpool-athletic-kNdF--366x256@El Correo.jpg\" alt=\"Ni\u00f1os athleticzales arropan al Athletic a su llegada a Liverpool\"\/><br \/>\n<\/a><\/p>\n<p><a href=\"http:\/\/www.elcorreo.com\/athletic\/doble-cita-anfield-athletic-mide-liverpool-derrochador-20250803001708-nt.html#vtm_modulosEngag=mod-rel:athletic:noticia:2:cmp:2-not\" class=\"v-a-link\" title=\"Doble cita en Anfield: El Athletic se mide al Liverpool m\u00e1s derrochador\" rel=\"nofollow noopener\" target=\"_blank\"><br \/>\n<img decoding=\"async\" loading=\"lazy\" class=\"v-a-img\" src=\"https:\/\/www.europesays.com\/es\/wp-content\/uploads\/2025\/08\/liverpool 2 beranguer y mane afp-klsC--366x256@El Correo.jpg\" alt=\"Doble cita en Anfield: El Athletic se mide al Liverpool m\u00e1s derrochador\"\/><br \/>\n<\/a><\/p>\n<p class=\"v-p\">Los integrantes de este club de Liverpool acudir\u00e1n este lunes a Anfield al doble enfrentamiento (18.00 y 21.00 horas) entre los dos equipos. Ir\u00e1n en torno a cien entre ni\u00f1os, padres y entrenadores. Antes, los ni\u00f1os visitaron al Athletic en su hotel en Liverpool. Muy emocionados, recibieron regalos y se hicieron fotos con los jugadores y lograron aut\u00f3grafos de ellos. <\/p>\n<p class=\"v-p\">Es un d\u00eda de j\u00fabilo para ellos. Los chiquillos ya se quedaron prendados cuando en 2024 acudieron a presenciar un Everton-Athletic del torneo sub&#8217;21 Premier League International Cup. Los ni\u00f1os se colocaron en la banda y se emocionaron cuando los jugadores se fotografiaron con ellos.<\/p>\n<p class=\"v-p\">\u00bfDe d\u00f3nde sale este Stocky Bilbao? La causa hay que buscarla en el siempre inquieto Stephen Lally, hincha del Everton que puso su atenci\u00f3n en el club rojiblanco cuando Howard Kendall, mito del club de Liverpool, se hizo cargo de su banquillo a finales de los a\u00f1os 80.<\/p>\n<p>Visita a San Mam\u00e9s<\/p>\n<p class=\"v-p\">Su hijo sufr\u00eda de ansiedad social y no quer\u00eda entrar en un club de desconocidos. As\u00ed que decidi\u00f3 fundar uno con los chicos de su barrio tras el covid. \u00abYo crec\u00ed siendo fan\u00e1tico del Everton y siempre he seguido el f\u00fatbol espa\u00f1ol con un ojo puesto en Bilbao. Me atrajo porque encontr\u00e9 muchas similitudes entre ellos y el Everton. Siempre me ha parecido fascinante que ambos sean miembros fundadores de sus ligas de f\u00fatbol. Es f\u00e1cil seguir al Real Madrid o al Bar\u00e7a, como me hubiera sido f\u00e1cil seguir al Liverpool, pero hay algo que siempre ha encendido una llama en m\u00ed, creo que significa mucho m\u00e1s para Everton o el Athletic ganar cosas\u00bb, explic\u00f3 el fundador a &#8216;Relevo&#8217; en 2014.<\/p>\n<p class=\"v-p\">En aquella visita de 2024 el Athletic regal\u00f3 detalles a los chiquillos y la relaci\u00f3n se intensific\u00f3 con una visita de miembros del club a un partido en San Mam\u00e9s. Este lunes estar\u00e1n en Anfield atra\u00eddos por el club que les sirve de inspiraci\u00f3n.<\/p>\n","protected":false},"excerpt":{"rendered":"El Athletic lleva muy a gala su conexi\u00f3n con Inglaterra. El nombre, sus primeros jugadores y hasta su&hellip;\n","protected":false},"author":2,"featured_media":25000,"comment_status":"","ping_status":"","sticky":false,"template":"","format":"standard","meta":{"footnotes":""},"categories":[268],"tags":[14045,14044,2182,2601,1798,168,25,24,280,282,315,1238,6414,14043,281,23,167],"class_list":{"0":"post-24999","1":"post","2":"type-post","3":"status-publish","4":"format-standard","5":"has-post-thumbnail","7":"category-futbol","8":"tag-anfield","9":"tag-animara","10":"tag-athletic","11":"tag-bilbao","12":"tag-club","13":"tag-deportes","14":"tag-es","15":"tag-espana","16":"tag-football","17":"tag-futbol","18":"tag-hoy","19":"tag-liverpool","20":"tag-lleva","21":"tag-nombre","22":"tag-soccer","23":"tag-spain","24":"tag-sports"},"share_on_mastodon":{"url":"","error":""},"_links":{"self":[{"href":"https:\/\/www.europesays.com\/es\/wp-json\/wp\/v2\/posts\/24999","targetHints":{"allow":["GET"]}}],"collection":[{"href":"https:\/\/www.europesays.com\/es\/wp-json\/wp\/v2\/posts"}],"about":[{"href":"https:\/\/www.europesays.com\/es\/wp-json\/wp\/v2\/types\/post"}],"author":[{"embeddable":true,"href":"https:\/\/www.europesays.com\/es\/wp-json\/wp\/v2\/users\/2"}],"replies":[{"embeddable":true,"href":"https:\/\/www.europesays.com\/es\/wp-json\/wp\/v2\/comments?post=24999"}],"version-history":[{"count":0,"href":"https:\/\/www.europesays.com\/es\/wp-json\/wp\/v2\/posts\/24999\/revisions"}],"wp:featuredmedia":[{"embeddable":true,"href":"https:\/\/www.europesays.com\/es\/wp-json\/wp\/v2\/media\/25000"}],"wp:attachment":[{"href":"https:\/\/www.europesays.com\/es\/wp-json\/wp\/v2\/media?parent=24999"}],"wp:term":[{"taxonomy":"category","embeddable":true,"href":"https:\/\/www.europesays.com\/es\/wp-json\/wp\/v2\/categories?post=24999"},{"taxonomy":"post_tag","embeddable":true,"href":"https:\/\/www.europesays.com\/es\/wp-json\/wp\/v2\/tags?post=24999"}],"curies":[{"name":"wp","href":"https:\/\/api.w.org\/{rel}","templated":true}]}}