{"id":249992,"date":"2025-11-22T16:18:12","date_gmt":"2025-11-22T16:18:12","guid":{"rendered":"https:\/\/www.europesays.com\/es\/249992\/"},"modified":"2025-11-22T16:18:12","modified_gmt":"2025-11-22T16:18:12","slug":"victor-manuel-dice-lo-que-haria-con-el-213-de-espanoles-que-ven-buena-la-etapa-del-franquismo-para-tomar-nota","status":"publish","type":"post","link":"https:\/\/www.europesays.com\/es\/249992\/","title":{"rendered":"V\u00edctor Manuel dice lo que har\u00eda con el 21,3% de espa\u00f1oles que ven buena la etapa del franquismo: para tomar nota"},"content":{"rendered":"<p>El <a href=\"http:\/\/huffingtonpost.es\/virales\/victor-manuel-responde-pocos-han-hecho-19-jovenes-echa-franquismo.html\" rel=\"nofollow noopener\" target=\"_blank\">cantautor <b>V\u00edctor Manuel<\/b><\/a>, autor de canciones como Solo pienso en ti y El abuelo V\u00edtor, con premios como el Grammy Latino a la Excelencia musical y la Medalla de Oro al M\u00e9rito en las Bellas Artes, ha hablado nuevamente sobre aquellos que a\u00f1oran la etapa dictatorial del franquismo o de aquellos j\u00f3venes que ven aquel tiempo con buenos ojos.<\/p>\n<p>En una encuesta del Centro de Investigaciones Sociol\u00f3gicas\u2014conocida por sus siglas CIS\u2014 del pasado mes de octubre, un<b> <a href=\"https:\/\/www.huffingtonpost.es\/virales\/victor-manuel-problemas-definir-abascal-forma-breve-contundente.html\" rel=\"nofollow noopener\" target=\"_blank\">21,3% de los espa\u00f1oles cre\u00edan que el franquismo era una etapa \u00abbuena\u00bb o \u00abmuy buena\u00bb<\/a><\/b>, mientras que el 19% eran j\u00f3venes que pensaban que era \u00abbuena\u00bb.<\/p>\n<p>V\u00edctor Manuel publica un nuevo \u00e1lbum al que ha llamado Solo a solas conmigo, en el que habla tanto de la clase pol\u00edtica como del <b>deseo de algunos espa\u00f1oles de que vuelva la dictadura franquista.\u00a0<\/b><\/p>\n<p>En una entrevista concedida a Europa Press, el cantante afirma que en la canci\u00f3n Yo nac\u00ed a la sombra de un cerezo pone \u00aben el escaparate que hay gente, como se ve, que no le importar\u00eda volver a <b>vivir una dictadura o que le parece bueno una dictadura<\/b> o posible una dictadura. Y lo escribo desde el asombro\u00bb.<\/p>\n<p>\u00abPero, \u00bfc\u00f3mo saben ellos que eso es bueno o malo? <b>Lo han vivido, tendr\u00e1n opiniones suficientes para contrastar, si eso es bueno es malo, \u00bfno?<\/b>\u00ab, ha defendido en la citada entrevista.<\/p>\n<p>\u00bfQu\u00e9 har\u00eda V\u00edctor Manuel con los que a\u00f1oran el franquismo?<\/p>\n<p>A diferencia de otras ocasiones, el cantante ha desvelado lo que gustar\u00eda hacer con los espa\u00f1oles que a\u00f1oran la etapa autoritaria de Francisco Franco. Le gustar\u00eda, precisamente, llevar a todas esas personas <b>\u00abpor el t\u00fanel del tiempo\u00bb para que vivan un \u00abratito\u00bb en el franquismo<\/b> y conozcan como era esa etapa realmente.<\/p>\n<p>De hecho, a una joven que a\u00f1orase el franquismo, le dir\u00eda: \u00abA ver, t\u00fa eres chica. Mira, t\u00fa no pod\u00edas abrirte una cuenta en el banco porque eras chica. <b>\u00bfTe parece bien? No pod\u00edas abortar si cre\u00edas que ten\u00edas que abortar, \u00bfte parece bien?<\/b>\u00ab.<\/p>\n<p>\u00abSon cosas tan tontas que individualmente, <b>si t\u00fa las contrastas con la gente una a una,<\/b> y da igual la ideolog\u00eda, es muy raro que la gente opine as\u00ed\u00bb, ha afirmado.<\/p>\n","protected":false},"excerpt":{"rendered":"El cantautor V\u00edctor Manuel, autor de canciones como Solo pienso en ti y El abuelo V\u00edtor, con premios&hellip;\n","protected":false},"author":2,"featured_media":249993,"comment_status":"","ping_status":"","sticky":false,"template":"","format":"standard","meta":{"footnotes":""},"categories":[91],"tags":[18592,146,147,25,24,17307,1470,23,42290],"class_list":{"0":"post-249992","1":"post","2":"type-post","3":"status-publish","4":"format-standard","5":"has-post-thumbnail","7":"category-entretenimiento","8":"tag-cis","9":"tag-entertainment","10":"tag-entretenimiento","11":"tag-es","12":"tag-espana","13":"tag-francisco-franco","14":"tag-franquismo","15":"tag-spain","16":"tag-victor-manuel"},"share_on_mastodon":{"url":"https:\/\/pubeurope.com\/@es\/115594258476333099","error":""},"_links":{"self":[{"href":"https:\/\/www.europesays.com\/es\/wp-json\/wp\/v2\/posts\/249992","targetHints":{"allow":["GET"]}}],"collection":[{"href":"https:\/\/www.europesays.com\/es\/wp-json\/wp\/v2\/posts"}],"about":[{"href":"https:\/\/www.europesays.com\/es\/wp-json\/wp\/v2\/types\/post"}],"author":[{"embeddable":true,"href":"https:\/\/www.europesays.com\/es\/wp-json\/wp\/v2\/users\/2"}],"replies":[{"embeddable":true,"href":"https:\/\/www.europesays.com\/es\/wp-json\/wp\/v2\/comments?post=249992"}],"version-history":[{"count":0,"href":"https:\/\/www.europesays.com\/es\/wp-json\/wp\/v2\/posts\/249992\/revisions"}],"wp:featuredmedia":[{"embeddable":true,"href":"https:\/\/www.europesays.com\/es\/wp-json\/wp\/v2\/media\/249993"}],"wp:attachment":[{"href":"https:\/\/www.europesays.com\/es\/wp-json\/wp\/v2\/media?parent=249992"}],"wp:term":[{"taxonomy":"category","embeddable":true,"href":"https:\/\/www.europesays.com\/es\/wp-json\/wp\/v2\/categories?post=249992"},{"taxonomy":"post_tag","embeddable":true,"href":"https:\/\/www.europesays.com\/es\/wp-json\/wp\/v2\/tags?post=249992"}],"curies":[{"name":"wp","href":"https:\/\/api.w.org\/{rel}","templated":true}]}}