{"id":250001,"date":"2025-11-22T16:23:42","date_gmt":"2025-11-22T16:23:42","guid":{"rendered":"https:\/\/www.europesays.com\/es\/250001\/"},"modified":"2025-11-22T16:23:42","modified_gmt":"2025-11-22T16:23:42","slug":"la-cumbre-del-g20-adopta-una-declaracion-consensuada","status":"publish","type":"post","link":"https:\/\/www.europesays.com\/es\/250001\/","title":{"rendered":"La Cumbre del G20 adopta una declaraci\u00f3n consensuada"},"content":{"rendered":"<p>Johannesburgo (EFE).- Los jefes de Estado y de Gobierno del G20, foro que re\u00fane a las principales econom\u00edas del mundo, adoptaron este s\u00e1bado una declaraci\u00f3n de l\u00edderes durante su cumbre anual en Johannesburgo, pese a la ausencia de Estados Unidos en los debates.<\/p>\n<p>La presidencia sudafricana del G20, que asumi\u00f3 en diciembre de 2024, anunci\u00f3 en la red social X que la declaraci\u00f3n fue adoptada por \u00abuna abrumadora mayor\u00eda\u00bb de los Estados miembros.<\/p>\n<p>Un texto cerrado este viernes<\/p>\n<p>\u00abLa adopci\u00f3n de la declaraci\u00f3n de la cumbre env\u00eda una se\u00f1al importante al mundo de que el multilateralismo puede dar resultados y de hecho los da\u00bb, destac\u00f3.<\/p>\n<p>Previamente, no obstante, Vincent Magwenya, portavoz del presidente sudafricano, Cyril Ramaphosa, hab\u00eda asegurado que el documento fue adoptado por la \u00abunanimidad de todos los pa\u00edses presentes\u00bb, lo que \u00abdemuestra el compromiso que los miembros del G20 tienen con el multilateralismo como principio para la colaboraci\u00f3n y la cooperaci\u00f3n\u00bb.<\/p>\n<p><img data-recalc-dims=\"1\" fetchpriority=\"high\" decoding=\"async\" width=\"900\" height=\"600\" src=\"https:\/\/www.europesays.com\/es\/wp-content\/uploads\/2025\/11\/g20-lula.webp\" alt=\"cumbre G20 Lula\" class=\"wp-image-2308623\"  \/>El presidente de Brasil, Luiz Inacio Lula da Silva, antes del inicio de la cumbre. EFE\/EPA\/Thomas Mukoya<\/p>\n<p>Magwenya explic\u00f3 que, aunque la declaraci\u00f3n suele aprobarse al final de la cumbre, a lo largo del viernes, durante varias conversaciones bilaterales, \u00absurgi\u00f3 la idea de que deb\u00edamos proceder primero a adoptar la declaraci\u00f3n de la cumbre como primer punto del d\u00eda y luego continuar con el resto de la sesi\u00f3n\u00bb.<\/p>\n<p>El portavoz destac\u00f3 que la adopci\u00f3n del texto fue posible gracias al trabajo realizado durante todo el a\u00f1o por los equipos ministeriales y por los representantes de los Estados en los d\u00edas previos a la cumbre, que cerraron a \u00faltima hora del viernes un documento final con el que los l\u00edderes pudieran estar de acuerdo.<\/p>\n<p>Argentina se desmarca<\/p>\n<p>Sin embargo, el ministro de Relaciones Exteriores de Argentina, Pablo Quirno, anunci\u00f3 este s\u00e1bado que su pa\u00eds \u00abno puede\u00bb respaldar la declaraci\u00f3n adoptada por los l\u00edderes del G20 debido a \u00abdiscrepancias\u00bb con el texto acordado.<\/p>\n<p>\u00abHemos se\u00f1alado las l\u00edneas rojas identificadas (\u2026) con el objetivo de apoyar las metas m\u00e1s amplias del G20. Esas l\u00edneas rojas siguen vigentes\u00bb, afirm\u00f3 ante el plenario Quirno, que acudi\u00f3 a la cita en representaci\u00f3n del presidente argentino, Javier Milei.<\/p>\n<p>El ministro subray\u00f3 que, para Argentina, \u00abes crucial preservar la integridad\u00bb del principio \u00abcentral\u00bb del G20, que es el \u00abconsenso\u00bb, y reconocer cu\u00e1ndo este no se ha alcanzado \u00aben lugar de avanzar con un documento que no refleje fielmente una voluntad colectiva\u00bb. <\/p>\n<p>Un \u00abpunto de orientaci\u00f3n\u00bb<\/p>\n<p>Si bien el contenido de la declaraci\u00f3n a\u00fan no ha trascendido, Magwenya adelant\u00f3 que el texto reafirma que la Carta de las Naciones Unidas \u00absigue siendo el punto de orientaci\u00f3n central para analizar y abordar las disputas, evitar el uso de la fuerza y comprometernos con la resoluci\u00f3n pac\u00edfica de los conflictos\u00bb.<\/p>\n<p><img loading=\"lazy\" data-recalc-dims=\"1\" decoding=\"async\" width=\"900\" height=\"600\" src=\"https:\/\/www.europesays.com\/es\/wp-content\/uploads\/2025\/11\/g20.webp\" alt=\"Cumbre G20 Johannesburgo\" class=\"wp-image-2308546\"  \/>El presidente de Sud\u00e1frica, Cyril Ramaphosa, reciube a la primera ministra de Italia, Giorgia Meloni, al inicio de la cumbre. EFE\/EPA\/Halden Krog<\/p>\n<p>Asimismo, se\u00f1al\u00f3 que la declaraci\u00f3n identifica \u00abcuatro de los conflictos m\u00e1s graves del mundo: la Rep\u00fablica Democr\u00e1tica del Congo, Sud\u00e1n, Ucrania y Palestina\u00bb.<\/p>\n<p>La primera jornada de la cumbre se desarrolla este s\u00e1bado marcada por la ausencia de Estados Unidos en los debates, despu\u00e9s de que su presidente, Donald Trump, decidiera boicotear el encuentro al asegurar que los afrik\u00e1ners (sudafricanos blancos descendientes de colonos neerlandeses) \u00abest\u00e1n siendo asesinados y masacrados\u00bb y que sus tierras est\u00e1n siendo \u00abconfiscadas ilegalmente\u00bb en Sud\u00e1frica, lo que Pretoria niega rotundamente.<\/p>\n<p>La ausencia de Estados Unidos<\/p>\n<p>Ramaphosa indic\u00f3, no obstante, que este jueves recibi\u00f3 una notificaci\u00f3n de \u00faltima hora de Washington sobre un cambio de postura respecto a la participaci\u00f3n estadounidense, que finalmente se limitar\u00e1 a la asistencia del encargado de negocios de la Embajada en Pretoria, Marc Dillard, a la ceremonia del domingo en la que Sud\u00e1frica ceder\u00e1 la presidencia rotatoria del G20 a EE.UU., que la asumir\u00e1 a partir del 1 de diciembre.<\/p>\n<p>En ese sentido, la Casa Blanca ha recalcado que Estados Unidos no intervendr\u00e1 en los debates de la cumbre.<\/p>\n<p>Unos cuarenta l\u00edderes, incluidos los del G20 y los de pa\u00edses invitados -como Espa\u00f1a-, participan en la cumbre, aunque destacan las sonadas ausencias no s\u00f3lo de Trump, sino tambi\u00e9n -y por distintos motivos- del presidente de China, Xi Jinping; Argentina, Javier Milei; Rusia, Vlad\u00edmir Putin; y M\u00e9xico, Claudia Sheinbaum. <\/p>\n","protected":false},"excerpt":{"rendered":"Johannesburgo (EFE).- Los jefes de Estado y de Gobierno del G20, foro que re\u00fane a las principales econom\u00edas&hellip;\n","protected":false},"author":2,"featured_media":250002,"comment_status":"","ping_status":"","sticky":false,"template":"","format":"standard","meta":{"footnotes":""},"categories":[5],"tags":[17,18,25,24,13,14,34962,11,19,20,9,10,15,16,23,12,21,22],"class_list":{"0":"post-250001","1":"post","2":"type-post","3":"status-publish","4":"format-standard","5":"has-post-thumbnail","7":"category-titulares","8":"tag-breaking-news","9":"tag-breakingnews","10":"tag-es","11":"tag-espana","12":"tag-featured-news","13":"tag-featurednews","14":"tag-g20","15":"tag-headlines","16":"tag-latest-news","17":"tag-latestnews","18":"tag-news","19":"tag-noticias","20":"tag-noticias-destacadas","21":"tag-noticiasdestacadas","22":"tag-spain","23":"tag-titulares","24":"tag-ultimas-noticias","25":"tag-ultimasnoticias"},"share_on_mastodon":{"url":"https:\/\/pubeurope.com\/@es\/115594278286177908","error":""},"_links":{"self":[{"href":"https:\/\/www.europesays.com\/es\/wp-json\/wp\/v2\/posts\/250001","targetHints":{"allow":["GET"]}}],"collection":[{"href":"https:\/\/www.europesays.com\/es\/wp-json\/wp\/v2\/posts"}],"about":[{"href":"https:\/\/www.europesays.com\/es\/wp-json\/wp\/v2\/types\/post"}],"author":[{"embeddable":true,"href":"https:\/\/www.europesays.com\/es\/wp-json\/wp\/v2\/users\/2"}],"replies":[{"embeddable":true,"href":"https:\/\/www.europesays.com\/es\/wp-json\/wp\/v2\/comments?post=250001"}],"version-history":[{"count":0,"href":"https:\/\/www.europesays.com\/es\/wp-json\/wp\/v2\/posts\/250001\/revisions"}],"wp:featuredmedia":[{"embeddable":true,"href":"https:\/\/www.europesays.com\/es\/wp-json\/wp\/v2\/media\/250002"}],"wp:attachment":[{"href":"https:\/\/www.europesays.com\/es\/wp-json\/wp\/v2\/media?parent=250001"}],"wp:term":[{"taxonomy":"category","embeddable":true,"href":"https:\/\/www.europesays.com\/es\/wp-json\/wp\/v2\/categories?post=250001"},{"taxonomy":"post_tag","embeddable":true,"href":"https:\/\/www.europesays.com\/es\/wp-json\/wp\/v2\/tags?post=250001"}],"curies":[{"name":"wp","href":"https:\/\/api.w.org\/{rel}","templated":true}]}}