{"id":250007,"date":"2025-11-22T16:32:09","date_gmt":"2025-11-22T16:32:09","guid":{"rendered":"https:\/\/www.europesays.com\/es\/250007\/"},"modified":"2025-11-22T16:32:09","modified_gmt":"2025-11-22T16:32:09","slug":"oficial-suspendido-el-marbella-atletico-madrileno","status":"publish","type":"post","link":"https:\/\/www.europesays.com\/es\/250007\/","title":{"rendered":"Oficial: Suspendido el Marbella-Atl\u00e9tico Madrile\u00f1o"},"content":{"rendered":"<p data-gtm-element-container=\"modulo-texto-link\" class=\"paragraph\">El encuentro que deb\u00edan disputar\u00a0este s\u00e1bado a las 16 horas de la tarde en el Ban\u00fas Football Center el<strong> Atl\u00e9tico Madrile\u00f1o <\/strong>y el <strong>Marbella <\/strong>ha sido suspendido despu\u00e9s de que el club rojiblanco solicitase por la ma\u00f1ana que no se jugase por una intoxicaci\u00f3n alimentaria que ha afectado a los jugadores y al cuerpo t\u00e9cnico de la expedici\u00f3n rojiblanca.<\/p>\n<p data-gtm-element-container=\"modulo-texto-link\" class=\"paragraph\">El equipo dirigido por <strong>Fernando Torres<\/strong> se desplaz\u00f3 a la ciudad malague\u00f1a el viernes por la tarde. Cen\u00f3 en el hotel de concentraci\u00f3n y durante la noche comenzaron a sentir malestar. Esta ma\u00f1ana segu\u00edan enfermos y fue cuando el club tom\u00f3 la decisi\u00f3n de pedir la suspensi\u00f3n.\u00a0<\/p>\n<p>    Lee tambi\u00e9n<\/p>\n<p data-gtm-element-container=\"modulo-texto-link\" class=\"paragraph\">El club colchonero solicit\u00f3 a la RFEF el aplazamiento y fue aprobado.\u00a0 \u00abLa mayor parte de nuestros jugadores y cuerpo t\u00e9cnico no ha podido descansar adecuadamente la pasada noche debido al malestar provocado por la intoxicaci\u00f3n alimentaria. Los s\u00edntomas han persistido esta ma\u00f1ana, por lo que el club ha enviado una solicitud al Juez \u00danico de Competiciones No Profesionales adjuntando los certificados m\u00e9dicos que confirman que los jugadores no est\u00e1n aptos para disputar el encuentro.<strong> El juez ha atendido la solicitud por motivo de causa mayor, aceptando la suspensi\u00f3n del encuentro\u00bb, <\/strong>explic\u00f3 el Atl\u00e9tico en su comunicado.<\/p>\n<p data-gtm-element-container=\"modulo-texto-link\" class=\"paragraph\">Ahira, las dos entidades deber\u00e1n buscar una nueva fecha para la disputa de un encuentro al que el <strong>Madrile\u00f1o <\/strong>llegaba en buen momento, como l\u00edder del grupo 2 de la Primera RFEF con tres puntos de ventaja sobre el segundo. En cambio, el <strong>Marbella <\/strong>era pen\u00faltimo en la clasificaci\u00f3n despu\u00e9s de haber sumado un solo punto de los \u00faltimos 15 en juego.<\/p>\n<p data-gtm-element-container=\"modulo-texto-link\" class=\"paragraph\">Aunque la intoxicaci\u00f3n alimentaria afect\u00f3 al n\u00facleo del plantel de <strong>Fernando Torres, <\/strong>no lo hizo con<strong> Salvador Esquivel<\/strong>, portero titular del filial y habitual tercero en las convocatorias del primer equipo. El arquero regres\u00f3 a Madrid antes de que se conociera la decisi\u00f3n de la RFEF para ponerse a las \u00f3rdenes de <strong>Simeone <\/strong>y estar el domingo en el banquillo visitante del Coliseum de Getafe.<\/p>\n","protected":false},"excerpt":{"rendered":"El encuentro que deb\u00edan disputar\u00a0este s\u00e1bado a las 16 horas de la tarde en el Ban\u00fas Football Center&hellip;\n","protected":false},"author":2,"featured_media":250008,"comment_status":"","ping_status":"","sticky":false,"template":"","format":"standard","meta":{"footnotes":""},"categories":[268],"tags":[168,25,24,280,282,281,23,167],"class_list":{"0":"post-250007","1":"post","2":"type-post","3":"status-publish","4":"format-standard","5":"has-post-thumbnail","7":"category-futbol","8":"tag-deportes","9":"tag-es","10":"tag-espana","11":"tag-football","12":"tag-futbol","13":"tag-soccer","14":"tag-spain","15":"tag-sports"},"share_on_mastodon":{"url":"https:\/\/pubeurope.com\/@es\/115594313430053875","error":""},"_links":{"self":[{"href":"https:\/\/www.europesays.com\/es\/wp-json\/wp\/v2\/posts\/250007","targetHints":{"allow":["GET"]}}],"collection":[{"href":"https:\/\/www.europesays.com\/es\/wp-json\/wp\/v2\/posts"}],"about":[{"href":"https:\/\/www.europesays.com\/es\/wp-json\/wp\/v2\/types\/post"}],"author":[{"embeddable":true,"href":"https:\/\/www.europesays.com\/es\/wp-json\/wp\/v2\/users\/2"}],"replies":[{"embeddable":true,"href":"https:\/\/www.europesays.com\/es\/wp-json\/wp\/v2\/comments?post=250007"}],"version-history":[{"count":0,"href":"https:\/\/www.europesays.com\/es\/wp-json\/wp\/v2\/posts\/250007\/revisions"}],"wp:featuredmedia":[{"embeddable":true,"href":"https:\/\/www.europesays.com\/es\/wp-json\/wp\/v2\/media\/250008"}],"wp:attachment":[{"href":"https:\/\/www.europesays.com\/es\/wp-json\/wp\/v2\/media?parent=250007"}],"wp:term":[{"taxonomy":"category","embeddable":true,"href":"https:\/\/www.europesays.com\/es\/wp-json\/wp\/v2\/categories?post=250007"},{"taxonomy":"post_tag","embeddable":true,"href":"https:\/\/www.europesays.com\/es\/wp-json\/wp\/v2\/tags?post=250007"}],"curies":[{"name":"wp","href":"https:\/\/api.w.org\/{rel}","templated":true}]}}