{"id":250059,"date":"2025-11-22T17:18:10","date_gmt":"2025-11-22T17:18:10","guid":{"rendered":"https:\/\/www.europesays.com\/es\/250059\/"},"modified":"2025-11-22T17:18:10","modified_gmt":"2025-11-22T17:18:10","slug":"el-athletic-arranca-con-nico-williams-y-sancet-ante-el-barca","status":"publish","type":"post","link":"https:\/\/www.europesays.com\/es\/250059\/","title":{"rendered":"El Athletic arranca con Nico Williams y Sancet ante el Bar\u00e7a"},"content":{"rendered":"<p data-gtm-element-container=\"modulo-texto-link\" class=\"paragraph\">El Athletic afronta su visita al Bar\u00e7a sin reservar casi nada para el partido de Champions del pr\u00f3ximo martes en Praga. Nico Williams y Sancet, de esta manera, forman en el equipo de salida de Valverde. Equipo en el que sobre el papel Unai G\u00f3mez volver\u00e1 a ejercer de delantero centro.<\/p>\n<p data-gtm-element-container=\"modulo-texto-link\" class=\"paragraph\">La alineaci\u00f3n bilba\u00edna est\u00e1 formada por Unai Sim\u00f3n; Gorosabel, Vivian, Laporte, Yuri; Galarreta, Jauregizar; Berenguer, Sancet, Nico Williams; y Unai G\u00f3mez. La convocatoria rojiblanca se completa con Padilla, Paredes, Vesga, Guruzeta, Areso, Lekue, Adama, Nico Serrano, Robert Navarro, Izeta, Rego y Selton.<\/p>\n<p>    Lee tambi\u00e9n<\/p>\n<p data-gtm-element-container=\"modulo-texto-link\" class=\"paragraph\">Flick, por su parte, apuesta de salida por Joan Garc\u00eda; Kound\u00e9, Cubarsi, Gerard Mart\u00edn, Balde; Ferm\u00edn, Eric, Olmo; Lamine Yamal, Lewandowski y Ferran.<\/p>\n","protected":false},"excerpt":{"rendered":"El Athletic afronta su visita al Bar\u00e7a sin reservar casi nada para el partido de Champions del pr\u00f3ximo&hellip;\n","protected":false},"author":2,"featured_media":250060,"comment_status":"","ping_status":"","sticky":false,"template":"","format":"standard","meta":{"footnotes":""},"categories":[268],"tags":[168,25,24,280,282,281,23,167],"class_list":{"0":"post-250059","1":"post","2":"type-post","3":"status-publish","4":"format-standard","5":"has-post-thumbnail","7":"category-futbol","8":"tag-deportes","9":"tag-es","10":"tag-espana","11":"tag-football","12":"tag-futbol","13":"tag-soccer","14":"tag-spain","15":"tag-sports"},"share_on_mastodon":{"url":"https:\/\/pubeurope.com\/@es\/115594494344444617","error":""},"_links":{"self":[{"href":"https:\/\/www.europesays.com\/es\/wp-json\/wp\/v2\/posts\/250059","targetHints":{"allow":["GET"]}}],"collection":[{"href":"https:\/\/www.europesays.com\/es\/wp-json\/wp\/v2\/posts"}],"about":[{"href":"https:\/\/www.europesays.com\/es\/wp-json\/wp\/v2\/types\/post"}],"author":[{"embeddable":true,"href":"https:\/\/www.europesays.com\/es\/wp-json\/wp\/v2\/users\/2"}],"replies":[{"embeddable":true,"href":"https:\/\/www.europesays.com\/es\/wp-json\/wp\/v2\/comments?post=250059"}],"version-history":[{"count":0,"href":"https:\/\/www.europesays.com\/es\/wp-json\/wp\/v2\/posts\/250059\/revisions"}],"wp:featuredmedia":[{"embeddable":true,"href":"https:\/\/www.europesays.com\/es\/wp-json\/wp\/v2\/media\/250060"}],"wp:attachment":[{"href":"https:\/\/www.europesays.com\/es\/wp-json\/wp\/v2\/media?parent=250059"}],"wp:term":[{"taxonomy":"category","embeddable":true,"href":"https:\/\/www.europesays.com\/es\/wp-json\/wp\/v2\/categories?post=250059"},{"taxonomy":"post_tag","embeddable":true,"href":"https:\/\/www.europesays.com\/es\/wp-json\/wp\/v2\/tags?post=250059"}],"curies":[{"name":"wp","href":"https:\/\/api.w.org\/{rel}","templated":true}]}}