{"id":250104,"date":"2025-11-22T17:56:08","date_gmt":"2025-11-22T17:56:08","guid":{"rendered":"https:\/\/www.europesays.com\/es\/250104\/"},"modified":"2025-11-22T17:56:08","modified_gmt":"2025-11-22T17:56:08","slug":"yolanda-diaz-acusa-al-tribunal-supremo-de-haber-condenado-injustamente-al-fiscal-general-del-estado-politica","status":"publish","type":"post","link":"https:\/\/www.europesays.com\/es\/250104\/","title":{"rendered":"Yolanda D\u00edaz acusa al Tribunal Supremo de haber condenado \u00abinjustamente\u00bb al fiscal general del Estado | Pol\u00edtica"},"content":{"rendered":"<p class=\"loc\">Madrid<\/p>\n<p>La vicepresidenta segunda del Gobierno, Yolanda D\u00edaz, ha acusado a una parte del poder judicial de estar \u00abentregada\u00bb al derribo del Ejecutivo tras la condena \u00abinjusta\u00bb del Tribunal Supremo al fiscal general del Estado, \u00c1lvaro Garc\u00eda Ortiz.<\/p>\n<p>Durante su intervenci\u00f3n inicial en la conferencia pol\u00edtica de Sumar, celebrada este s\u00e1bado en Madrid, D\u00edaz ha defendido que Garc\u00eda Ortiz es un \u00abhombre inocente\u00bb.<\/p>\n<p>La l\u00edder de Sumar ha calificado el fallo del Supremo como un \u00abpunto de inflexi\u00f3n\u00bb, al considerar que la sentencia ha provocado un \u00abgigantesco descr\u00e9dito\u00bb del poder judicial, que \u00abest\u00e1 m\u00e1s fracturado que nunca\u00bb a ra\u00edz de esta resoluci\u00f3n.<\/p>\n<p>Adem\u00e1s, ha advertido de que el mensaje que se transmite es que existen sectores del poder econ\u00f3mico, medi\u00e1tico y pol\u00edtico volcados en derribar al Ejecutivo, y ha sostenido que tambi\u00e9n una parte de la judicatura pretende \u00abhacer caer al mejor Gobierno progresista que tenemos en Espa\u00f1a\u00bb.<\/p>\n<p>Podemos carga contra el Gobierno por permitir que la derecha \u00abasesine civilmente\u00bb al fiscal general<\/p>\n<p>La secretaria general de Podemos, Ione Belarra, ha acusado este s\u00e1bado al Gobierno de permitir que la \u00abderecha pol\u00edtica, medi\u00e1tica y judicial asesine civilmente\u00bb al fiscal general del Estado para \u00abtapar la corrupci\u00f3n\u00bb de la presidenta de la Comunidad de Madrid, Isabel D\u00edaz Ayuso.<\/p>\n<p>En su intervenci\u00f3n en el Consejo Ciudadano Estatal, la l\u00edder de la formaci\u00f3n ha enmarcado su discurso en la propuesta dirigida al PSOE para \u00abreventar a la derecha\u00bb.<\/p>\n<p>\u00abO reventamos a la derecha o la derecha va a reventar a la gente y los m\u00e1s b\u00e1sicos principios democr\u00e1ticos [&#8230;] Algunos se llevaron las manos a la cabeza cuando dijimos que hab\u00eda que reventar a la derecha, que no significa otra cosa m\u00e1s que hay que desarticular la estructura de poder\u00bb, ha afirmado.<\/p>\n<p>A continuaci\u00f3n, ha detallado que el primer punto de ese plan debe ser la \u00abdemocratizaci\u00f3n de la justicia\u00bb, donde ha enumerado medidas como la renovaci\u00f3n del Consejo General del Poder Judicial (CGPJ), la modificaci\u00f3n en el acceso a la carrera judicial para que \u00abno sean solo los ricos\u00bb quienes puedan entrar y la supresi\u00f3n de los aforamientos.<\/p>\n<p>\u00abBasta ya de golpismo judicial, sea contra Podemos, sea contra los independentistas, sea contra los activistas, sea contra el fiscal general del Estado\u00bb, ha indicado, para a\u00f1adir que, a 50 a\u00f1os de la muerte de Franco, el poder judicial ha experimentado \u00abapenas t\u00edmidos cambios\u00bb en estas cinco d\u00e9cadas.<\/p>\n","protected":false},"excerpt":{"rendered":"Madrid La vicepresidenta segunda del Gobierno, Yolanda D\u00edaz, ha acusado a una parte del poder judicial de estar&hellip;\n","protected":false},"author":2,"featured_media":250105,"comment_status":"","ping_status":"","sticky":false,"template":"","format":"standard","meta":{"footnotes":""},"categories":[8],"tags":[17,18,25,24,13,14,11,19,20,9,10,15,16,23,12,21,22],"class_list":{"0":"post-250104","1":"post","2":"type-post","3":"status-publish","4":"format-standard","5":"has-post-thumbnail","7":"category-espana","8":"tag-breaking-news","9":"tag-breakingnews","10":"tag-es","11":"tag-espana","12":"tag-featured-news","13":"tag-featurednews","14":"tag-headlines","15":"tag-latest-news","16":"tag-latestnews","17":"tag-news","18":"tag-noticias","19":"tag-noticias-destacadas","20":"tag-noticiasdestacadas","21":"tag-spain","22":"tag-titulares","23":"tag-ultimas-noticias","24":"tag-ultimasnoticias"},"share_on_mastodon":{"url":"https:\/\/pubeurope.com\/@es\/115594643744292765","error":""},"_links":{"self":[{"href":"https:\/\/www.europesays.com\/es\/wp-json\/wp\/v2\/posts\/250104","targetHints":{"allow":["GET"]}}],"collection":[{"href":"https:\/\/www.europesays.com\/es\/wp-json\/wp\/v2\/posts"}],"about":[{"href":"https:\/\/www.europesays.com\/es\/wp-json\/wp\/v2\/types\/post"}],"author":[{"embeddable":true,"href":"https:\/\/www.europesays.com\/es\/wp-json\/wp\/v2\/users\/2"}],"replies":[{"embeddable":true,"href":"https:\/\/www.europesays.com\/es\/wp-json\/wp\/v2\/comments?post=250104"}],"version-history":[{"count":0,"href":"https:\/\/www.europesays.com\/es\/wp-json\/wp\/v2\/posts\/250104\/revisions"}],"wp:featuredmedia":[{"embeddable":true,"href":"https:\/\/www.europesays.com\/es\/wp-json\/wp\/v2\/media\/250105"}],"wp:attachment":[{"href":"https:\/\/www.europesays.com\/es\/wp-json\/wp\/v2\/media?parent=250104"}],"wp:term":[{"taxonomy":"category","embeddable":true,"href":"https:\/\/www.europesays.com\/es\/wp-json\/wp\/v2\/categories?post=250104"},{"taxonomy":"post_tag","embeddable":true,"href":"https:\/\/www.europesays.com\/es\/wp-json\/wp\/v2\/tags?post=250104"}],"curies":[{"name":"wp","href":"https:\/\/api.w.org\/{rel}","templated":true}]}}