{"id":250114,"date":"2025-11-22T18:07:12","date_gmt":"2025-11-22T18:07:12","guid":{"rendered":"https:\/\/www.europesays.com\/es\/250114\/"},"modified":"2025-11-22T18:07:12","modified_gmt":"2025-11-22T18:07:12","slug":"tamara-falco-celebra-sus-44-anos-con-un-vestido-satinado-de-mango-en-color-tendencia-con-escote-infinito","status":"publish","type":"post","link":"https:\/\/www.europesays.com\/es\/250114\/","title":{"rendered":"Tamara Falc\u00f3 celebra sus 44 a\u00f1os con un vestido satinado de Mango, en color tendencia, con escote infinito"},"content":{"rendered":"<p class=\"c-paragraph\"><b>Tamara Falc\u00f3<\/b> terminaba la semana celebrando su cumplea\u00f1os de la forma m\u00e1s especial. Aunque, seg\u00fan confirmaba a la prensa, el d\u00eda hab\u00eda comenzado de la forma m\u00e1s rom\u00e1ntica en su casa junto a \u00cd\u00f1igo Onieva, con globos y un gran desayuno, como le prepara cada a\u00f1o, no pod\u00eda terminar de una forma m\u00e1s glamurosa. La marquesa de Gri\u00f1\u00f3n soplaba <b>sus 44 velas<\/b> rodeada de los suyos, pero sacaba un ratito para ense\u00f1arnos su &#8216;look&#8217;.<\/p>\n<p class=\"c-paragraph\">Un estilismo mucho m\u00e1s sensual de lo que nos tiene acostumbradas, en color tendencia y perfecto para triunfar en cualquier plan de noche de estas Navidades. Te contamos todos los detalles de su estilismo, pero te adelantamos lo mejor: <b>el vestido es de Mango y puedes replicarlo por 60\u20ac<\/b>. Desc\u00fabrelo y convi\u00e9rtete en la invitada m\u00e1s elegante de esta temporada, al estilo de Tamara Falc\u00f3.<\/p>\n<p>El &#8216;look&#8217; de Tamara Falc\u00f3 para celebrar sus 44 a\u00f1os<\/p>\n<p class=\"c-paragraph\">A pesar de que tiene un estilo cl\u00e1sico, con toques preppy, innegable, no hay tendencia que se le resista a Tamara Falc\u00f3. La marquesa de Gri\u00f1on es toda una insider y, consciente de las prendas que le favorecen, no duda en demostrarlo en cada ocasi\u00f3n. Los jeans y las blazer son dos de sus prendas m\u00e1s recurrentes en el d\u00eda a d\u00eda, pero en las ocasiones especiales suele sorprendernos con <b>los vestidos m\u00e1s femeninos<\/b>. As\u00ed lo hac\u00eda anoche, con el &#8216;look&#8217; m\u00e1s especial para celebrar su 44\u00ba cumplea\u00f1os.<\/p>\n<p class=\"c-paragraph\">Tamara Falc\u00f3 se ha enfundado en un vestido de color <b>marr\u00f3n chocolate<\/b> en tendencia, ideal para aportar calidez y sofisticaci\u00f3n a cualquier estilismo y muy f\u00e1cil de combinar con complementos dorados. Un modelo satinado con tirantes finos y escote en pico decorado con fruncidos, que realzaba al m\u00e1ximo su feminidad. Se trata, no obstante, de un vestido de la colecci\u00f3n de verano de <b>Mango<\/b>, que actualmente no se encuentra en la web, pero que podemos conseguir en un modelo id\u00e9ntico, <b>en color burdeos<\/b>, por 59,99\u20ac.<\/p>\n<p class=\"c-paragraph\">En cuanto al &#8216;beauty look&#8217;, Tamara Falc\u00f3 ha optado por llevar<b> su cabello suelto<\/b>, peinado con ondas naturales. Una melena bob atemporal, que aportaba frescura y un toque inocente a su imagen, rejuveneci\u00e9ndola. En cunado a los complementos, por \u00faltimo, la socialit\u00e9 prefiri\u00f3\u00a0<b>prescindir de las joyas<\/b>, para concentrar en el vestido toda la atenci\u00f3n de su &#8216;look&#8217;. Un estilismo impecable con el que, sin duda, se ha convertido en pura inspiraci\u00f3n para estas fiestas.<\/p>\n","protected":false},"excerpt":{"rendered":"Tamara Falc\u00f3 terminaba la semana celebrando su cumplea\u00f1os de la forma m\u00e1s especial. Aunque, seg\u00fan confirmaba a la&hellip;\n","protected":false},"author":2,"featured_media":250115,"comment_status":"","ping_status":"","sticky":false,"template":"","format":"standard","meta":{"footnotes":""},"categories":[174],"tags":[13005,6951,255,146,147,25,24,5177,256,23,20899,5176],"class_list":{"0":"post-250114","1":"post","2":"type-post","3":"status-publish","4":"format-standard","5":"has-post-thumbnail","7":"category-famosos","8":"tag-13005","9":"tag-celebra","10":"tag-celebrities","11":"tag-entertainment","12":"tag-entretenimiento","13":"tag-es","14":"tag-espana","15":"tag-falco","16":"tag-famosos","17":"tag-spain","18":"tag-sus","19":"tag-tamara"},"share_on_mastodon":{"url":"https:\/\/pubeurope.com\/@es\/115594686858376989","error":""},"_links":{"self":[{"href":"https:\/\/www.europesays.com\/es\/wp-json\/wp\/v2\/posts\/250114","targetHints":{"allow":["GET"]}}],"collection":[{"href":"https:\/\/www.europesays.com\/es\/wp-json\/wp\/v2\/posts"}],"about":[{"href":"https:\/\/www.europesays.com\/es\/wp-json\/wp\/v2\/types\/post"}],"author":[{"embeddable":true,"href":"https:\/\/www.europesays.com\/es\/wp-json\/wp\/v2\/users\/2"}],"replies":[{"embeddable":true,"href":"https:\/\/www.europesays.com\/es\/wp-json\/wp\/v2\/comments?post=250114"}],"version-history":[{"count":0,"href":"https:\/\/www.europesays.com\/es\/wp-json\/wp\/v2\/posts\/250114\/revisions"}],"wp:featuredmedia":[{"embeddable":true,"href":"https:\/\/www.europesays.com\/es\/wp-json\/wp\/v2\/media\/250115"}],"wp:attachment":[{"href":"https:\/\/www.europesays.com\/es\/wp-json\/wp\/v2\/media?parent=250114"}],"wp:term":[{"taxonomy":"category","embeddable":true,"href":"https:\/\/www.europesays.com\/es\/wp-json\/wp\/v2\/categories?post=250114"},{"taxonomy":"post_tag","embeddable":true,"href":"https:\/\/www.europesays.com\/es\/wp-json\/wp\/v2\/tags?post=250114"}],"curies":[{"name":"wp","href":"https:\/\/api.w.org\/{rel}","templated":true}]}}