{"id":250120,"date":"2025-11-22T18:13:09","date_gmt":"2025-11-22T18:13:09","guid":{"rendered":"https:\/\/www.europesays.com\/es\/250120\/"},"modified":"2025-11-22T18:13:09","modified_gmt":"2025-11-22T18:13:09","slug":"espana-pasa-a-la-final-de-la-copa-davis-tras-derrotar-a-alemania-en-dobles","status":"publish","type":"post","link":"https:\/\/www.europesays.com\/es\/250120\/","title":{"rendered":"Espa\u00f1a pasa a la final de la Copa Davis tras derrotar a Alemania en dobles"},"content":{"rendered":"<p class=\"articleParagraph\">El d\u00fao de espa\u00f1oles formado por <b>Marcel Granollers y Pedro Mart\u00ednez han conseguido el pase a la final de la Copa Davis<\/b>, que se celebrar\u00e1 este domingo a partir desde las 15:00 horas contra Italia. Lo han hecho con una victoria decisiva ante Tim Puetz y Kevin Krawietz (6-2, 3-6 y 6-3).<\/p>\n<p class=\"articleParagraph\">Granollers y Mart\u00ednez <b>se plantaron en pista ante los &#8216;maestros&#8217; de 2024, Krawietz y P\u00fctz<\/b>, y no pudieron empezar de mejor manera. Nada m\u00e1s inaugurarse el encuentro, la pareja espa\u00f1ola rompi\u00f3 el servicio de los alemanes, antes de ganar otros dos juegos consecutivos en blanco y confirmar la segunda rotura.<\/p>\n<p>Un doble espa\u00f1ol excepcional<\/p>\n<p class=\"articleParagraph\">El d\u00fao alem\u00e1n quebr\u00f3 la mala racha ganando su saque y desaprovech\u00f3 dos oportunidades de &#8216;break&#8217; para acercarse en el marcador, pero el catal\u00e1n y el valenciano no perdonaron y cerraron esa manga con su servicio. No obstante, Krawietz y P\u00fctz reaccionaron en el siguiente set, pues <b>en el cuarto juego cristalizaron su primera bola de &#8216;break&#8217;<\/b>.<\/p>\n<p class=\"articleParagraph\">Letales en ese escenario, se apuntaron dicho juego en blanco y de inmediato tambi\u00e9n ganaron en blanco su servicio, encauzando un triunfo parcial que no tardaron en festejar. Con el partido empatado, el tercer y \u00faltimo set demostr\u00f3 a\u00fan m\u00e1s intensidad y las parejas apenas se concedieron tregua en el inicio, si bien una rotura lo cambi\u00f3 todo.<\/p>\n","protected":false},"excerpt":{"rendered":"El d\u00fao de espa\u00f1oles formado por Marcel Granollers y Pedro Mart\u00ednez han conseguido el pase a la final&hellip;\n","protected":false},"author":2,"featured_media":250121,"comment_status":"","ping_status":"","sticky":false,"template":"","format":"standard","meta":{"footnotes":""},"categories":[93],"tags":[168,25,24,23,167],"class_list":{"0":"post-250120","1":"post","2":"type-post","3":"status-publish","4":"format-standard","5":"has-post-thumbnail","7":"category-deportes","8":"tag-deportes","9":"tag-es","10":"tag-espana","11":"tag-spain","12":"tag-sports"},"share_on_mastodon":{"url":"https:\/\/pubeurope.com\/@es\/115594710669701097","error":""},"_links":{"self":[{"href":"https:\/\/www.europesays.com\/es\/wp-json\/wp\/v2\/posts\/250120","targetHints":{"allow":["GET"]}}],"collection":[{"href":"https:\/\/www.europesays.com\/es\/wp-json\/wp\/v2\/posts"}],"about":[{"href":"https:\/\/www.europesays.com\/es\/wp-json\/wp\/v2\/types\/post"}],"author":[{"embeddable":true,"href":"https:\/\/www.europesays.com\/es\/wp-json\/wp\/v2\/users\/2"}],"replies":[{"embeddable":true,"href":"https:\/\/www.europesays.com\/es\/wp-json\/wp\/v2\/comments?post=250120"}],"version-history":[{"count":0,"href":"https:\/\/www.europesays.com\/es\/wp-json\/wp\/v2\/posts\/250120\/revisions"}],"wp:featuredmedia":[{"embeddable":true,"href":"https:\/\/www.europesays.com\/es\/wp-json\/wp\/v2\/media\/250121"}],"wp:attachment":[{"href":"https:\/\/www.europesays.com\/es\/wp-json\/wp\/v2\/media?parent=250120"}],"wp:term":[{"taxonomy":"category","embeddable":true,"href":"https:\/\/www.europesays.com\/es\/wp-json\/wp\/v2\/categories?post=250120"},{"taxonomy":"post_tag","embeddable":true,"href":"https:\/\/www.europesays.com\/es\/wp-json\/wp\/v2\/tags?post=250120"}],"curies":[{"name":"wp","href":"https:\/\/api.w.org\/{rel}","templated":true}]}}