{"id":250132,"date":"2025-11-22T18:19:08","date_gmt":"2025-11-22T18:19:08","guid":{"rendered":"https:\/\/www.europesays.com\/es\/250132\/"},"modified":"2025-11-22T18:19:08","modified_gmt":"2025-11-22T18:19:08","slug":"quien-quiera-consenso-por-el-consenso-que-se-vaya-a-un-spa-o-una-sauna","status":"publish","type":"post","link":"https:\/\/www.europesays.com\/es\/250132\/","title":{"rendered":"\u00abQuien quiera consenso por el consenso que se vaya a un spa o una sauna\u00bb"},"content":{"rendered":"<p style=\"\">Plaza de los Bandos a rebosar en el centro de Salamanca y muchos j\u00f3venes desafiando a la g\u00e9lida ma\u00f1ana <strong>para arropar a Santiago Abascal<\/strong>, que llega a la capital charra con un discurso en clave muy nacional y en el que no hac\u00eda ni  &#8230; un gui\u00f1o ni apuntada la m\u00ednima direcci\u00f3n sobre qui\u00e9n ser\u00e1 el candidato de <a href=\"https:\/\/www.abc.es\/sevilla\/ciudad\/intrahistoria-vox-forzo-pleno-extraordinario-policia-local-20251122171945-nts.html\" target=\"_self\" data-voc-vtm-id=\"in-text-traffic\" title=\"Vox\" rel=\"nofollow noopener\">Vox<\/a> a las elecciones auton\u00f3micas del pr\u00f3ximo mes de marzo, despu\u00e9s de que a quien eligi\u00f3 para la cita de 2022, Juan Garc\u00eda-Gallardo, se marchase.<\/p>\n<p class=\"voc-p\" style=\"\">As\u00ed que, justo cuando se cumple 50 a\u00f1os de la muerte de Franco y el medio siglo de la restauraci\u00f3n de la Monarqu\u00eda, Abascal no dejaba pasar la oportunidad para <strong>defender su plant\u00f3n a los actos<\/strong> presididos este viernes por el Rey <a href=\"https:\/\/www.abc.es\/espana\/casa-real\/celebracion-privada-juan-carlos-reina-sofia-reune-20251122063526-nt.html\" target=\"_self\" data-voc-vtm-id=\"in-text-traffic\" title=\"Felipe\" rel=\"nofollow noopener\">Felipe<\/a> VI y, de paso, cargar contra el PP y su l\u00edder nacional, Alberto N\u00fa\u00f1ez Feij\u00f3o, por haber estado presente.<\/p>\n<p class=\"voc-p\" style=\"\">\u00abDe risotadas\u00bb con el ministro de la Presidencia, F\u00e9lix Bola\u00f1os, cuestionaba el dirigente de Vox. \u00abNosotros no estamos para chistes ni para risotadas\u00bb, sosten\u00eda el presidente de la formaci\u00f3n, quien calificaba de \u00absarao\u00bb el acto en el sal\u00f3n del Trono del Palacio Real en el que Su Majestad impuso el Tois\u00f3n de Oro a la Reina Sof\u00eda, Felipe Gonz\u00e1lez, Miquel Roca y Miguel Herrero y Rodr\u00edguez de Mi\u00f1\u00f3n. <\/p>\n<p class=\"voc-p\" style=\"\">\u00abLo que est\u00e1 pasando en Espa\u00f1a, no pasa en ning\u00fan sitio\u00bb, consideraba Abascal, quien aseguraba que el pa\u00eds, como la imagen en la &#8216;performance&#8217; celebra esta semana en el Congreso en la que uno sali\u00f3 \u00abhaciendo el pino\u00bb, <strong>\u00abes la Espa\u00f1a del rev\u00e9s\u00bb<\/strong>, con el parlamento \u00abconvertido en un mercado persa\u00bb. A ah\u00ed, sosten\u00eda, \u00abno\u00bb encontrar\u00e1n a Vox.<\/p>\n<p class=\"voc-p\" style=\"\">\u00abQuien quiera el consenso por el consenso, yo le voy a dar una soluci\u00f3n, que <strong>se vaya a un spa o a una sauna<\/strong>\u00bb, espetaba Abascal, quien incid\u00eda en su negativa a estar \u00abde risotadas\u00bb como Feij\u00f3o en un acto, sosten\u00eda, \u00abde imposici\u00f3n\u00bb de la Memoria Hist\u00f3rica.<\/p>\n<p class=\"voc-p\" style=\"\">\u00abLo que hay enfrente, <strong>no nos puede hacer fingir normalidad<\/strong>\u00bb, sosten\u00eda el pol\u00edtico, convencido de que \u00abEspa\u00f1a est\u00e1 gobernada por una mafia\u00bb, a cuyo frente situaba como \u00abcapo\u00bb a Pedro S\u00e1nchez, al que cuestionaba tambi\u00e9n por ausentarse despu\u00e9s del acto con los Reyes, y dejar \u00abal virrey de la mafia\u00bb, F\u00e9lix Bola\u00f1os,<strong> \u00abde risitas con Feij\u00f3o\u00bb<\/strong>.<\/p>\n<p class=\"voc-p\" style=\"\">Precisamente sobre el PP, Abascal aseguraba que desde Vox, para quien es el \u00abmomento no s\u00f3lo de hacer oposici\u00f3n\u00bb, est\u00e1n dispuestos al \u00abacuerdo\u00bb con el Partido Popular. Eso s\u00ed, con sus condiciones, que repet\u00eda en varias ocasiones. \u00abNos tenemos poner de acuerdo con el PP <strong>un segundo despu\u00e9s de que el PP rompa todos sus acuerdos con el PSOE<\/strong>\u00bb, apuntaba, se\u00f1alando expresamente a Bruselas y  Ceuta, adem\u00e1s de los acuerdos en materia judicial, constitucional y \u00abtodos los \u00f3rdenes\u00bb. <\/p>\n<p class=\"voc-p\" style=\"\">\u00abNuestra voluntad es \u00e9sa\u00bb, incid\u00eda. \u00abNo nos vais a ver sentados con el <a href=\"https:\/\/www.abc.es\/espana\/extremadura\/abascal-denuncia-sanchez-sigue-puesto-pese-condena-20251121141143-nt.html\" target=\"_self\" data-voc-vtm-id=\"in-text-traffic\" title=\"PSOE\" rel=\"nofollow noopener\">PSOE<\/a>\u00bb, el<strong> \u00abpartido del crimen y de la mafia\u00bb<\/strong>, aseguraba Abascal, quien recordaba que cuando ha habido ocasi\u00f3n de sumar una mayor\u00eda, como en Murcia, Baleares, Comunidad Valencia, Extremadura o Castilla y Le\u00f3n, se han unido a los populares para no dar el poder a los socialistas. Eso s\u00ed, rompieron y salieron de los gobierno, paso que volv\u00eda a defender. <\/p>\n","protected":false},"excerpt":{"rendered":"Plaza de los Bandos a rebosar en el centro de Salamanca y muchos j\u00f3venes desafiando a la g\u00e9lida&hellip;\n","protected":false},"author":2,"featured_media":250133,"comment_status":"","ping_status":"","sticky":false,"template":"","format":"standard","meta":{"footnotes":""},"categories":[8],"tags":[686,17,18,23861,5443,25,24,13,14,11,19,20,9,10,15,16,44923,10910,3051,63463,1787,23,12,21,22,5123],"class_list":{"0":"post-250132","1":"post","2":"type-post","3":"status-publish","4":"format-standard","5":"has-post-thumbnail","7":"category-espana","8":"tag-abascal","9":"tag-breaking-news","10":"tag-breakingnews","11":"tag-consenso","12":"tag-defiende","13":"tag-es","14":"tag-espana","15":"tag-featured-news","16":"tag-featurednews","17":"tag-headlines","18":"tag-latest-news","19":"tag-latestnews","20":"tag-news","21":"tag-noticias","22":"tag-noticias-destacadas","23":"tag-noticiasdestacadas","24":"tag-planton","25":"tag-quiera","26":"tag-reyes","27":"tag-sauna","28":"tag-spa","29":"tag-spain","30":"tag-titulares","31":"tag-ultimas-noticias","32":"tag-ultimasnoticias","33":"tag-vaya"},"share_on_mastodon":{"url":"https:\/\/pubeurope.com\/@es\/115594734153242342","error":""},"_links":{"self":[{"href":"https:\/\/www.europesays.com\/es\/wp-json\/wp\/v2\/posts\/250132","targetHints":{"allow":["GET"]}}],"collection":[{"href":"https:\/\/www.europesays.com\/es\/wp-json\/wp\/v2\/posts"}],"about":[{"href":"https:\/\/www.europesays.com\/es\/wp-json\/wp\/v2\/types\/post"}],"author":[{"embeddable":true,"href":"https:\/\/www.europesays.com\/es\/wp-json\/wp\/v2\/users\/2"}],"replies":[{"embeddable":true,"href":"https:\/\/www.europesays.com\/es\/wp-json\/wp\/v2\/comments?post=250132"}],"version-history":[{"count":0,"href":"https:\/\/www.europesays.com\/es\/wp-json\/wp\/v2\/posts\/250132\/revisions"}],"wp:featuredmedia":[{"embeddable":true,"href":"https:\/\/www.europesays.com\/es\/wp-json\/wp\/v2\/media\/250133"}],"wp:attachment":[{"href":"https:\/\/www.europesays.com\/es\/wp-json\/wp\/v2\/media?parent=250132"}],"wp:term":[{"taxonomy":"category","embeddable":true,"href":"https:\/\/www.europesays.com\/es\/wp-json\/wp\/v2\/categories?post=250132"},{"taxonomy":"post_tag","embeddable":true,"href":"https:\/\/www.europesays.com\/es\/wp-json\/wp\/v2\/tags?post=250132"}],"curies":[{"name":"wp","href":"https:\/\/api.w.org\/{rel}","templated":true}]}}