{"id":250142,"date":"2025-11-22T18:29:11","date_gmt":"2025-11-22T18:29:11","guid":{"rendered":"https:\/\/www.europesays.com\/es\/250142\/"},"modified":"2025-11-22T18:29:11","modified_gmt":"2025-11-22T18:29:11","slug":"el-1x1-de-la-victoria-del-celta-ante-el-alaves","status":"publish","type":"post","link":"https:\/\/www.europesays.com\/es\/250142\/","title":{"rendered":"El \u00ab1&#215;1\u00bb de la victoria del Celta\u00a0ante el Alav\u00e9s"},"content":{"rendered":"<p>\t\t\t\t\t\tIlaix Moriba fue el mejor en el sufrido triunfo del conjunto de Gir\u00e1ldez<br \/>\n\t\t\t\t\t\t\t\t\t\t\t\t<strong>22 nov 2025<\/strong> . Actualizado a las 16:37 h.\t\t\t\t\t\t<\/p>\n<p>\t\t\t\t\t\t\t\t\t\t\t\t\t\t\t\t\t\t\tEl mejor\u00a0| Ilaix Moriba | 7<\/p>\n<p class=\"txt\">El motor del Celta. Recuper\u00f3 balones, lleg\u00f3 en segunda l\u00ednea y control\u00f3 el partido.<\/p>\n<p>Radu | 5<\/p>\n<p class=\"txt\">Cumpli\u00f3 en el poco trabajo que tuvo. Los tiros del rival fueron muy centrados.<\/p>\n<p>\t\t\t\t           \t\t\t\t\t\t\t\t\t\t\t\t\t\t\t\t\t\t\t\t\tJavi Rodr\u00edguez | 6<\/p>\n<p class=\"txt\">Cumpli\u00f3 en el apartado defensivo y supo jugar durante una hora con una amenaza de amarilla.<\/p>\n<p>Starfelt | 6<\/p>\n<p class=\"txt\">Super\u00f3 con nota la marca a Boy\u00e9 e impuso sus cent\u00edmetros en el juego a\u00e9reo. Tuvo un error en la salida de bal\u00f3n.<\/p>\n<p>\t\t\t\t\t\t \t\t\t\t\t\t\t\t\t\t\t\t\t\t\t\t\t\t\t\t\t\t\tMarcos Alonso | 6<\/p>\n<p class=\"txt\">Bien en el corte, clave en la salida de bal\u00f3n y con alg\u00fan problema m\u00e1s en la cobertura.<\/p>\n<p>\t\t\t\t           \t\t\t\t\t\t\t\t\t\t\t\t\t\t\t\t\t\t\t\t\tJavi Rueda | 5<\/p>\n<p class=\"txt\">Se le not\u00f3 la inactividad. Cumpli\u00f3 en la faceta defensiva pero solo lleg\u00f3 una vez arriba con claridad.<\/p>\n<p>\t\t\t\t\t\t \t\t\t\t\t\t\t\t\t\t\t\t\t\t\t\t\t\t\t\t\t\t\tBeltr\u00e1n | 5<\/p>\n<p class=\"txt\">Mucho trabajo en la presi\u00f3n y en equilibrar al equipo, pero con m\u00e1s problemas con el bal\u00f3n.<\/p>\n<p>Carreira | 6<\/p>\n<p class=\"txt\">Muy activo y certero en la faceta defensiva y dej\u00e1ndose ver en zonas de ataque. Tuvo m\u00e1s problemas con el bal\u00f3n.<\/p>\n<p>\t\t\t\t           \t\t\t\t\t\t\t\t\t\t\t\t\t\t\t\t\t\t\t\t\tIago Aspas | 7<\/p>\n<p class=\"txt\">Siempre acaba siendo decisivo. Tras un primer tiempo con poca influencia, entr\u00f3 m\u00e1s en juego en el segundo acto, provoc\u00f3 el penalti y lo marc\u00f3.<\/p>\n<p>\t\t\t\t\t\t \t\t\t\t\t\t\t\t\t\t\t\t\t\t\t\t\t\t\t\t\t\t\tPablo Dur\u00e1n | 6<\/p>\n<p class=\"txt\">Mucho trabajo y una oportunidad para el tomi\u00f1\u00e9s en todo el partido. No dej\u00f3 de incordiar.<\/p>\n<p>Bryan Zaragoza | 5<\/p>\n<p class=\"txt\">Comenz\u00f3 muy bien provocando una tarjeta pero se fue diluyendo con el partido.<\/p>\n<p>\t\t\t\t           \t\t\t\t\t\t\t\t\t\t\t\t\t\t\t\t\t\t\t\t\tMingueza | 5<\/p>\n<p class=\"txt\">Le dio ox\u00edgeno a la banda derecha y tir\u00f3 de calidad para controlar el partido con el bal\u00f3n.<\/p>\n<p>\t\t\t\t\t\t \t\t\t\t\t\t\t\t\t\t\t\t\t\t\t\t\t\t\t\t\t\t\tBorja Iglesias | 6<\/p>\n<p class=\"txt\">Buenos minutos del delantero, jugando de espaldas, controlando el bal\u00f3n y durmiendo el partido.<\/p>\n<p>Aidoo | 5<\/p>\n<p class=\"txt\">Hizo un par de cortes certeros. Va a m\u00e1s en su aportaci\u00f3n.<\/p>\n<p>\t\t\t\t           \t\t\t\t\t\t\t\t\t\t\t\t\t\t\t\t\t\t\t\t\tMiguel Rom\u00e1n | &#8211;<\/p>\n<p class=\"txt\">Tuvo una ocasi\u00f3n en el \u00faltimo c\u00f3rner. Fall\u00f3 un par de entregas en la recta final.<\/p>\n<p>Jones | &#8211;<\/p>\n<p class=\"txt\">Sali\u00f3 en la izquierda del ataque, tuvo un mano a mano con Sivera.<\/p>\n<p>&#13;<br \/>\n\tArchivado en:&#13;<br \/>\n\t\t\t\t\t<a href=\"https:\/\/www.lavozdegalicia.es\/temas\/celta\/\" target=\"_blank\" class=\"mg-l\" rel=\"nofollow noopener\">Celta<\/a>&#13;<br \/>\n\t\t\t\t\t<a href=\"https:\/\/www.lavozdegalicia.es\/temas\/deportivo-alaves\/\" target=\"_blank\" class=\"mg-l\" rel=\"nofollow noopener\">Deportivo Alav\u00e9s<\/a>&#13;<br \/>\n\t&#13;<\/p>\n","protected":false},"excerpt":{"rendered":"Ilaix Moriba fue el mejor en el sufrido triunfo del conjunto de Gir\u00e1ldez 22 nov 2025 . Actualizado&hellip;\n","protected":false},"author":2,"featured_media":250143,"comment_status":"","ping_status":"","sticky":false,"template":"","format":"standard","meta":{"footnotes":""},"categories":[268],"tags":[290,168,13894,25,24,280,282,281,23,167],"class_list":{"0":"post-250142","1":"post","2":"type-post","3":"status-publish","4":"format-standard","5":"has-post-thumbnail","7":"category-futbol","8":"tag-celta","9":"tag-deportes","10":"tag-deportivo-alaves","11":"tag-es","12":"tag-espana","13":"tag-football","14":"tag-futbol","15":"tag-soccer","16":"tag-spain","17":"tag-sports"},"share_on_mastodon":{"url":"https:\/\/pubeurope.com\/@es\/115594773577141033","error":""},"_links":{"self":[{"href":"https:\/\/www.europesays.com\/es\/wp-json\/wp\/v2\/posts\/250142","targetHints":{"allow":["GET"]}}],"collection":[{"href":"https:\/\/www.europesays.com\/es\/wp-json\/wp\/v2\/posts"}],"about":[{"href":"https:\/\/www.europesays.com\/es\/wp-json\/wp\/v2\/types\/post"}],"author":[{"embeddable":true,"href":"https:\/\/www.europesays.com\/es\/wp-json\/wp\/v2\/users\/2"}],"replies":[{"embeddable":true,"href":"https:\/\/www.europesays.com\/es\/wp-json\/wp\/v2\/comments?post=250142"}],"version-history":[{"count":0,"href":"https:\/\/www.europesays.com\/es\/wp-json\/wp\/v2\/posts\/250142\/revisions"}],"wp:featuredmedia":[{"embeddable":true,"href":"https:\/\/www.europesays.com\/es\/wp-json\/wp\/v2\/media\/250143"}],"wp:attachment":[{"href":"https:\/\/www.europesays.com\/es\/wp-json\/wp\/v2\/media?parent=250142"}],"wp:term":[{"taxonomy":"category","embeddable":true,"href":"https:\/\/www.europesays.com\/es\/wp-json\/wp\/v2\/categories?post=250142"},{"taxonomy":"post_tag","embeddable":true,"href":"https:\/\/www.europesays.com\/es\/wp-json\/wp\/v2\/tags?post=250142"}],"curies":[{"name":"wp","href":"https:\/\/api.w.org\/{rel}","templated":true}]}}