{"id":250154,"date":"2025-11-22T18:37:13","date_gmt":"2025-11-22T18:37:13","guid":{"rendered":"https:\/\/www.europesays.com\/es\/250154\/"},"modified":"2025-11-22T18:37:13","modified_gmt":"2025-11-22T18:37:13","slug":"una-taza-de-cafe-diaria-reduce-el-riesgo-de-fibrilacion-auricular-segun-un-nuevo-estudio","status":"publish","type":"post","link":"https:\/\/www.europesays.com\/es\/250154\/","title":{"rendered":"Una taza de caf\u00e9 diaria reduce el riesgo de fibrilaci\u00f3n auricular, seg\u00fan un nuevo estudio"},"content":{"rendered":"<p><img alt=\"Un estudio internacional revela que\" class=\"global-image\" decoding=\"async\" fetchpriority=\"high\" height=\"816\" loading=\"eager\" src=\"https:\/\/www.europesays.com\/es\/wp-content\/uploads\/2025\/11\/CV4VXGRIJZFZHPBUZAQTPAIAXE.jpg\" width=\"1456\"\/>Un estudio internacional revela que una taza de caf\u00e9 diaria reduce el riesgo de fibrilaci\u00f3n auricular en adultos con arritmias card\u00edacas (Imagen Ilustrativa Infobae)<\/p>\n<p class=\"paragraph\">Una taza de <a href=\"https:\/\/www.infobae.com\/salud\/ciencia\/2025\/10\/23\/un-nuevo-beneficio-del-cafe-cuantas-tazas-se-necesitan-para-reducir-el-riesgo-de-fragilidad-en-mayores-de-55-anos\/\" target=\"_blank\" rel=\"noreferrer nofollow noopener\" title=\"https:\/\/www.infobae.com\/salud\/ciencia\/2025\/10\/23\/un-nuevo-beneficio-del-cafe-cuantas-tazas-se-necesitan-para-reducir-el-riesgo-de-fragilidad-en-mayores-de-55-anos\/\"><b>caf\u00e9<\/b><\/a> al d\u00eda podr\u00eda ofrecer protecci\u00f3n frente a una de las <b>arritmias card\u00edacas<\/b> m\u00e1s comunes, seg\u00fan un estudio presentado en la reuni\u00f3n de Sesiones Cient\u00edficas 2025 de la <b>Asociaci\u00f3n Americana del Coraz\u00f3n<\/b>. <\/p>\n<p class=\"paragraph\">El hallazgo, reportado por The Independent, desaf\u00eda la creencia tradicional de que la <b>cafe\u00edna<\/b> es perjudicial para quienes padecen problemas card\u00edacos y aporta nueva evidencia sobre el impacto del caf\u00e9 en la <b>salud cardiovascular<\/b>. <\/p>\n<p class=\"paragraph\">La <b>fibrilaci\u00f3n auricular<\/b>, que afecta a m\u00e1s de <b>10 millones de adultos<\/b> en <b>Estados Unidos<\/b>, ha mostrado una tendencia creciente en las \u00faltimas d\u00e9cadas, impulsada por factores como la <b>obesidad<\/b> y el <b>envejecimiento<\/b> de la poblaci\u00f3n.<\/p>\n<p class=\"paragraph\">El <a rel=\"noopener noreferrer sponsored nofollow\" href=\"https:\/\/jamanetwork.com\/journals\/jama\/article-abstract\/2841253?utm_source=chatgpt.com\" target=\"_blank\" title=\"https:\/\/jamanetwork.com\/journals\/jama\/article-abstract\/2841253?utm_source=chatgpt.com\">estudio<\/a>, liderado por el <b>Dr. Gregory Marcus<\/b>, electrofisi\u00f3logo de la <b>Universidad de California en San Francisco Health<\/b>, y con el <b>Dr. Christopher Wong<\/b> como primer autor, incluy\u00f3 a <b>200 adultos<\/b> diagnosticados con fibrilaci\u00f3n auricular o aleteo auricular en Estados Unidos, Canad\u00e1 y Australia.<\/p>\n<p><img alt=\"La investigaci\u00f3n desaf\u00eda la creencia\" class=\"global-image\" decoding=\"async\" fetchpriority=\"low\" height=\"604\" loading=\"lazy\" src=\"https:\/\/www.europesays.com\/es\/wp-content\/uploads\/2025\/11\/ESGIR6VRERB3TANEWA2ZBGOVAI.png\" width=\"918\"\/>La investigaci\u00f3n desaf\u00eda la creencia tradicional sobre los efectos negativos de la cafe\u00edna en la salud cardiovascular de pacientes con fibrilaci\u00f3n auricular (Cr\u00e9dito: Freepik)<\/p>\n<p class=\"paragraph\">Durante seis meses,<b> los participantes recibieron una cardioversi\u00f3n el\u00e9ctrica para restablecer el ritmo card\u00edaco normal.<\/b> Posteriormente, la mitad del grupo recibi\u00f3 la indicaci\u00f3n de consumir al menos una taza de caf\u00e9 diaria, mientras que la otra mitad elimin\u00f3 por completo la cafe\u00edna de su dieta.<\/p>\n<p class=\"paragraph\">Los resultados, detallados por The Independent, revelaron que el riesgo de recurrencia de la fibrilaci\u00f3n auricular fue menor entre quienes mantuvieron el consumo de caf\u00e9:<b> el 47% de este grupo experiment\u00f3 episodios recurrentes, frente al 64% del grupo que evit\u00f3 la cafe\u00edna. <\/b><\/p>\n<p class=\"paragraph\">Esta diferencia <b>representa una reducci\u00f3n del 39% en el riesgo de nuevos episodios para quienes bebieron caf\u00e9.<\/b> El Dr. Wong calific\u00f3 los resultados como \u201casombrosos\u201d, mientras que el Dr. Marcus destac\u00f3 que el caf\u00e9 podr\u00eda influir positivamente en la salud card\u00edaca.<\/p>\n<p class=\"paragraph\">En cuanto a los posibles mecanismos detr\u00e1s de este efecto, el Dr. Marcus explic\u00f3 a The Independent que el caf\u00e9 puede<b> aumentar la actividad f\u00edsica, un factor conocido por reducir la incidencia de fibrilaci\u00f3n auricular. <\/b>Adem\u00e1s, la cafe\u00edna act\u00faa como <b>diur\u00e9tico<\/b>, lo que podr\u00eda contribuir a disminuir la presi\u00f3n arterial y, en consecuencia, el riesgo de <a href=\"https:\/\/www.infobae.com\/salud\/2025\/11\/12\/como-detectar-y-prevenir-la-fibrilacion-auricular-la-arritmia-silenciosa-que-eleva-el-riesgo-de-acv\/\" target=\"_blank\" rel=\"noreferrer nofollow noopener\" title=\"https:\/\/www.infobae.com\/salud\/2025\/11\/12\/como-detectar-y-prevenir-la-fibrilacion-auricular-la-arritmia-silenciosa-que-eleva-el-riesgo-de-acv\/\">arritmias. <\/a><\/p>\n<p><img alt=\"Los posibles mecanismos protectores del\" class=\"global-image\" decoding=\"async\" fetchpriority=\"low\" height=\"768\" loading=\"lazy\" src=\"https:\/\/www.europesays.com\/es\/wp-content\/uploads\/2025\/11\/BIA7CEVWJBFTLG7JFYLT5O6LQY.png\" width=\"1408\"\/>Los posibles mecanismos protectores del caf\u00e9 incluyen el aumento de la actividad f\u00edsica, el efecto diur\u00e9tico y las propiedades antiinflamatorias de sus componentes (Imagen Ilustrativa Infobae)<\/p>\n<p class=\"paragraph\">Otros componentes del caf\u00e9 poseen propiedades <b>antiinflamatorias<\/b> que tambi\u00e9n podr\u00edan desempe\u00f1ar un papel protector. Los investigadores advirtieron que los resultados podr\u00edan estar parcialmente relacionados con h\u00e1bitos de vida m\u00e1s saludables entre quienes consumen caf\u00e9, como la preferencia por bebidas menos perjudiciales.<\/p>\n<p class=\"paragraph\">La fibrilaci\u00f3n auricular, tambi\u00e9n llamada <b>FA<\/b>, representa una preocupaci\u00f3n creciente en salud p\u00fablica. Seg\u00fan datos recogidos por The Independent, uno de cada 22 estadounidenses convive con esta afecci\u00f3n, cifra que triplica las estimaciones de hace dos d\u00e9cadas. <\/p>\n<p class=\"paragraph\">El aumento de la obesidad y el envejecimiento han impulsado la prevalencia de la FA, que puede derivar en complicaciones graves como <b>insuficiencia card\u00edaca<\/b>, <b>accidentes cerebrovasculares<\/b> y <b>muerte s\u00fabita<\/b>. Tradicionalmente, los m\u00e9dicos recomendaban a los pacientes con problemas card\u00edacos evitar la cafe\u00edna para prevenir el aumento de la frecuencia card\u00edaca y la presi\u00f3n arterial, una pr\u00e1ctica que este nuevo estudio pone en cuesti\u00f3n.<\/p>\n<p><img alt=\"La fibrilaci\u00f3n auricular afecta a\" class=\"global-image\" decoding=\"async\" fetchpriority=\"low\" height=\"816\" loading=\"lazy\" src=\"https:\/\/www.europesays.com\/es\/wp-content\/uploads\/2025\/11\/SU3PIM34KVCB3GJOYHZODDTO5A.jpg\" width=\"1456\"\/>La fibrilaci\u00f3n auricular afecta a m\u00e1s de 10 millones de adultos en Estados Unidos y su prevalencia ha aumentado por la obesidad y el envejecimiento (Imagen Ilustrativa Infobae)<\/p>\n<p class=\"paragraph\">A pesar de los beneficios observados, los especialistas insisten en la necesidad de precauci\u00f3n. Los autores del estudio, citados por The Independent, se\u00f1alaron que <b>algunas personas pueden experimentar un empeoramiento de los s\u00edntomas con la cafe\u00edna o el caf\u00e9<\/b>, por lo que la respuesta individual debe guiar las recomendaciones m\u00e9dicas. <\/p>\n<p class=\"paragraph\">El Dr. Marcus sugiri\u00f3 que los profesionales de la salud consideren la posibilidad de permitir a sus pacientes con fibrilaci\u00f3n auricular experimentar con bebidas que contengan cafe\u00edna, como el t\u00e9 o el caf\u00e9, siempre que no se presenten efectos adversos.<\/p>\n<p><img alt=\"Los hallazgos impulsan a la\" class=\"global-image\" decoding=\"async\" fetchpriority=\"low\" height=\"1366\" loading=\"lazy\" src=\"https:\/\/www.europesays.com\/es\/wp-content\/uploads\/2025\/11\/IMOFJ6WBYVF2DPKHZM5IQ4BNJE.jpg\" width=\"2048\"\/>Los hallazgos impulsan a la comunidad m\u00e9dica a reconsiderar las pautas sobre el consumo de caf\u00e9 en pacientes con arritmias, bajo supervisi\u00f3n profesional (DPA)<\/p>\n<p class=\"paragraph\">La presentaci\u00f3n de estos resultados en la <b>Asociaci\u00f3n Americana del Coraz\u00f3n refuerza el inter\u00e9s de la comunidad cient\u00edfica en reevaluar las recomendaciones sobre el consumo de caf\u00e9 en pacientes con arritmias.<\/b><\/p>\n<p class=\"paragraph\">Los hallazgos invitan a que m\u00e9dicos y pacientes reconsideren el papel del caf\u00e9 en la dieta de quienes padecen fibrilaci\u00f3n auricular, siempre bajo supervisi\u00f3n m\u00e9dica y atentos a la respuesta individual.<\/p>\n","protected":false},"excerpt":{"rendered":"Un estudio internacional revela que una taza de caf\u00e9 diaria reduce el riesgo de fibrilaci\u00f3n auricular en adultos&hellip;\n","protected":false},"author":2,"featured_media":250155,"comment_status":"","ping_status":"","sticky":false,"template":"","format":"standard","meta":{"footnotes":""},"categories":[92],"tags":[4251,777,634,4808,25,24,165,45115,193,5993,717,166,23,2965,28660],"class_list":{"0":"post-250154","1":"post","2":"type-post","3":"status-publish","4":"format-standard","5":"has-post-thumbnail","7":"category-salud","8":"tag-bienestar","9":"tag-ciudad","10":"tag-deporte","11":"tag-ejercicio","12":"tag-es","13":"tag-espana","14":"tag-health","15":"tag-luna-llena","16":"tag-noche","17":"tag-parque","18":"tag-running","19":"tag-salud","20":"tag-spain","21":"tag-urbanismo","22":"tag-vida-saludable"},"share_on_mastodon":{"url":"https:\/\/pubeurope.com\/@es\/115594805665548979","error":""},"_links":{"self":[{"href":"https:\/\/www.europesays.com\/es\/wp-json\/wp\/v2\/posts\/250154","targetHints":{"allow":["GET"]}}],"collection":[{"href":"https:\/\/www.europesays.com\/es\/wp-json\/wp\/v2\/posts"}],"about":[{"href":"https:\/\/www.europesays.com\/es\/wp-json\/wp\/v2\/types\/post"}],"author":[{"embeddable":true,"href":"https:\/\/www.europesays.com\/es\/wp-json\/wp\/v2\/users\/2"}],"replies":[{"embeddable":true,"href":"https:\/\/www.europesays.com\/es\/wp-json\/wp\/v2\/comments?post=250154"}],"version-history":[{"count":0,"href":"https:\/\/www.europesays.com\/es\/wp-json\/wp\/v2\/posts\/250154\/revisions"}],"wp:featuredmedia":[{"embeddable":true,"href":"https:\/\/www.europesays.com\/es\/wp-json\/wp\/v2\/media\/250155"}],"wp:attachment":[{"href":"https:\/\/www.europesays.com\/es\/wp-json\/wp\/v2\/media?parent=250154"}],"wp:term":[{"taxonomy":"category","embeddable":true,"href":"https:\/\/www.europesays.com\/es\/wp-json\/wp\/v2\/categories?post=250154"},{"taxonomy":"post_tag","embeddable":true,"href":"https:\/\/www.europesays.com\/es\/wp-json\/wp\/v2\/tags?post=250154"}],"curies":[{"name":"wp","href":"https:\/\/api.w.org\/{rel}","templated":true}]}}