{"id":250162,"date":"2025-11-22T18:41:08","date_gmt":"2025-11-22T18:41:08","guid":{"rendered":"https:\/\/www.europesays.com\/es\/250162\/"},"modified":"2025-11-22T18:41:08","modified_gmt":"2025-11-22T18:41:08","slug":"el-temor-a-un-fracaso-colectivo-por-el-empuje-de-la-ultraderecha-impone-un-acuerdo-aguado-en-la-cop30","status":"publish","type":"post","link":"https:\/\/www.europesays.com\/es\/250162\/","title":{"rendered":"El temor a un fracaso colectivo por el empuje de la ultraderecha impone un acuerdo aguado en la COP30"},"content":{"rendered":"<p class=\"article-text\">\n        La cumbre del clima COP30 de Bel\u00e9m do Par\u00e1, la conferencia que el presidente brasile\u00f1o, Lula da Silva llev\u00f3 a la Amazon\u00eda y a la que le subieron las expectativas al poner encima de la mesa la posibilidad de crear una ruta de abandono de los combustibles f\u00f3siles, se ha chocado con la realidad: la decisi\u00f3n final alcanzada es un acuerdo aguado que no menciona la causa del cambio clim\u00e1tico ante la negativa de varios pa\u00edses a incorporar una gu\u00eda con la que superar la dependencia del petr\u00f3leo, el gas y el carb\u00f3n.\n    <\/p>\n<p class=\"article-text\">\n        El temor a cerrar la conferencia sin alg\u00fan tipo de consenso se ha impuesto. Ya lo avanz\u00f3 este viernes el presidente de la COP30 Andr\u00e9 Correa do Lago,<a href=\"https:\/\/www.eldiario.es\/sociedad\/presidente-cop30-advierte-peligro-amenaza-cumbre-no-dividirnos-acuerdo-paris_1_12787412.html\" target=\"_blank\" data-mrf-recirculation=\"links-noticia\" class=\"link\" rel=\"nofollow noopener\"> al decir que lo importante era<\/a> \u201cpreservar el multilateralismo\u201d ahora que EEUU ha abandonado las conversaciones clim\u00e1ticas y la oleada ultraconservadora socava las pol\u00edticas ambientales tanto en Am\u00e9rica como en Europa. \u201cPerdemos todos\u201d dijo al pedir que los pa\u00edses encontraran un territorio com\u00fan.\n    <\/p>\n<p class=\"article-text\">\n        Esa realidad se concreta en que, del primer borrador de acuerdo aparecido el martes que incorporaba la opci\u00f3n de abrir esa<a href=\"https:\/\/www.eldiario.es\/sociedad\/cop-arrinconar-petroleo-gas-carbon-primer-borrador-pide-cortar-dependencia-medidas_1_12777851.html\" target=\"_blank\" data-mrf-recirculation=\"links-noticia\" class=\"link\" rel=\"nofollow noopener\"> hoja de ruta encaminada a abandonar los combustibles f\u00f3siles<\/a> (la causa de las emisiones de CO2 que est\u00e1n desequilibrando el clima) se ha pasado a un versi\u00f3n en la que se menciona un \u201cAcelerador Global de Implementaci\u00f3n\u201d.\n    <\/p>\n<p class=\"article-text\">\n        El presidente Do Lago, tras aprobarse los textos oficiales, ha dicho que \u201ccrear\u00e1 dos hojas de ruta\u201d una para \u201cdetener y revertir la deforestaci\u00f3n\u201d y otra para \u201ctransitar lejos de los combustibles f\u00f3siles\u201d. Pero no son acuerdos de la conferencia. Se ha comprometido a presentar su trabajo en abril de 2026 en una reuni\u00f3n de la ONU en Colombia.\n    <\/p>\n<p>    Menci\u00f3n indirecta a la transici\u00f3n<\/p>\n<p class=\"article-text\">\n        \u00bfQu\u00e9 es el acelerador? El texto explica que se trata de una \u201ciniciativa solidaria, cooperativa y voluntaria\u201d para \u201cacelerar la implementaci\u00f3n\u201d. Traducido, quiere decir apretar en la puesta en marcha de medidas. El objetivo, afirma, es \u201cmantener el 1,5\u00baC grados al alcance\u201d. Esa es la temperatura extra m\u00e1xima a la que se quiere limitar el calentamiento global del planeta.\n    <\/p>\n<p class=\"article-text\">\n        Los pa\u00edses, en este acuerdo, aseguran que esta es la respuesta a \u201cla urgencia, las brechas y desaf\u00edos\u201d.\n    <\/p>\n<p class=\"article-text\">\n        La v\u00eda que se ha encontardo para no romperlo todo ha sido incorporar una menci\u00f3n al Consenso de Dubai, la hist\u00f3rica declaraci\u00f3n de 2023 donde s\u00ed se mencion\u00f3 por primera (y \u00fanica vez) los combustibles f\u00f3siles en una decisi\u00f3n de una COP. Ah\u00ed se compromet\u00edan a \u201ctransitar lejos de los combustibles f\u00f3siles\u201d.\n    <\/p>\n<p class=\"article-text\">\n        Una referencia indirecta y algo enrevesada que parece que ha contentado a la Uni\u00f3n Europea, uno de los grupos de estados que advirtieron de que, sin un lenguaje ambicioso sobre recortar emisiones y, por tanto, abordar el problema de los combustibles f\u00f3siles, no habr\u00eda acuerdo en Brasil.\n    <\/p>\n<p class=\"article-text\">\n        \u201cNo hay avance\u201d, concluye el coordinador de cambio clim\u00e1tico de Ecologistas en Acci\u00f3n, Javier Andaluz. \u201cLas \u00faltimas 48 horas de la COP han sido una p\u00e9rdida de tiempo porque apenas se han introducido cambios en la proposici\u00f3n del viernes\u201d, a\u00f1ade.\n    <\/p>\n<p class=\"article-text\">\n        La decisi\u00f3n final lanza en este sentido la \u201cMisi\u00f3n de Bel\u00e9n hacia el 1,5\u201d para facilitar que los planes clim\u00e1ticos nacionales sean m\u00e1s ambiciosos. Sus conclusiones deber\u00edan ser publicadas el a\u00f1o que viene. Los planes clim\u00e1ticos actuales abocan a un calentamiento global de 2,5\u00baC. Los recortes de emisiones previstos si se cumplieran tal y como est\u00e1n se quedan en el 12% para 2035 cuando los cient\u00edficos han se\u00f1alado que deber\u00edan llegar al 57%.\n    <\/p>\n<p>    Bloqueo de productores y consumidores de f\u00f3siles<\/p>\n<p class=\"article-text\">\n        Si unos 80 pa\u00edses salieron p\u00fablicamente a apoyar la idea de crear esa ahora fracasada hoja de ruta para alejarse del petr\u00f3leo, el gas y el carb\u00f3n, Do Lago a\u00f1adi\u00f3 este viernes tras eliminar esa opci\u00f3n en su \u00faltima propuesta que hab\u00eda \u201cotros ochenta\u201d que se hab\u00edan opuesto. Arabia Saud\u00ed, Emiratos \u00c1rabes Unidos, Rusia o India, entre otros, bloqueaban volver a hablar expl\u00edcitamente de este asunto.\n    <\/p>\n<p class=\"article-text\">\n        \u201cPosiciones extremas\u201d, explic\u00f3 Do Lago al describir c\u00f3mo ve\u00eda la situaci\u00f3n. El sistema de estas conferencias en las que los acuerdos son por consenso otorgan una capacidad real de veto a quienes no se den por satisfechos.\n    <\/p>\n<p class=\"article-text\">\n        Lo que ocurre es que el territorio com\u00fan que  hab\u00eda pedido Correa do Lago, al final, se ha parecido m\u00e1s a la postura de los petroestados que se han negado a admitir m\u00e1s menciones al petr\u00f3leo o el gas (su fuente de riqueza) que a las declaraciones de Lula da Silva o la Uni\u00f3n Europea que han estado repitiendo durante dos semanas que era el momento de \u201cla verdad\u201d, de la \u201cacci\u00f3n\u201d y de la famosa \u201choja de ruta para superar la dependencia de los combustibles f\u00f3siles\u201d.\n    <\/p>\n<p>    <a href=\"https:\/\/www.eldiario.es\/sociedad\/imposible-limitar-cambio-climatico-afrontar-abandono-combustibles-fosiles_1_12779430.html\" data-mrf-recirculation=\"saber-mas-abajo\" data-dl-event=\"saber-mas-abajo\" rel=\"nofollow noopener\" target=\"_blank\"><\/p>\n<p class=\"know-more__title\">Por qu\u00e9 es imposible limitar el cambio clim\u00e1tico sin afrontar el abandono de los combustibles f\u00f3siles <\/p>\n<p>            <img decoding=\"async\" class=\"lazy\" loading=\"lazy\" data-src=\"https:\/\/static.eldiario.es\/clip\/a3a9e58d-8491-4eff-80e7-47f116ae8d8d_16-9-aspect-ratio_default_0.jpg\" src=\"data:image\/svg+xml,%3Csvg xmlns=\" http:=\"\" viewbox=\"0 0 880 495\" alt=\"Por qu\u00e9 es imposible limitar el cambio clim\u00e1tico sin afrontar el abandono de los combustibles f\u00f3siles\"\/><\/p>\n<p>                        <\/a><\/p>\n<p class=\"article-text\">\n        La directora de Greenpeace Espa\u00f1a, Eva Salda\u00f1a, ha comentado desde Brasil que la hoja de ruta \u201cse ha visto bloqueada por pa\u00edses que se niegan a apoyar esa medida necesaria y urgente. Tampoco la protecci\u00f3n de los bosques .El texto no recoge la magnitud del cambio clim\u00e1tico\u201d.\n    <\/p>\n","protected":false},"excerpt":{"rendered":"La cumbre del clima COP30 de Bel\u00e9m do Par\u00e1, la conferencia que el presidente brasile\u00f1o, Lula da Silva&hellip;\n","protected":false},"author":2,"featured_media":250163,"comment_status":"","ping_status":"","sticky":false,"template":"","format":"standard","meta":{"footnotes":""},"categories":[42],"tags":[945,5998,17,18,17781,40605,49826,13,14,8604,11,15265,61,62,63,64,19,20,9,10,15,16,23609,12,21,22,4247,65,66,67],"class_list":{"0":"post-250162","1":"post","2":"type-post","3":"status-publish","4":"format-standard","5":"has-post-thumbnail","7":"category-internacional","8":"tag-acuerdo","9":"tag-aguado","10":"tag-breaking-news","11":"tag-breakingnews","12":"tag-colectivo","13":"tag-cop30","14":"tag-empuje","15":"tag-featured-news","16":"tag-featurednews","17":"tag-fracaso","18":"tag-headlines","19":"tag-impone","20":"tag-internacional","21":"tag-international","22":"tag-international-news","23":"tag-internationalnews","24":"tag-latest-news","25":"tag-latestnews","26":"tag-news","27":"tag-noticias","28":"tag-noticias-destacadas","29":"tag-noticiasdestacadas","30":"tag-temor","31":"tag-titulares","32":"tag-ultimas-noticias","33":"tag-ultimasnoticias","34":"tag-ultraderecha","35":"tag-world","36":"tag-world-news","37":"tag-worldnews"},"share_on_mastodon":{"url":"https:\/\/pubeurope.com\/@es\/115594820732512805","error":""},"_links":{"self":[{"href":"https:\/\/www.europesays.com\/es\/wp-json\/wp\/v2\/posts\/250162","targetHints":{"allow":["GET"]}}],"collection":[{"href":"https:\/\/www.europesays.com\/es\/wp-json\/wp\/v2\/posts"}],"about":[{"href":"https:\/\/www.europesays.com\/es\/wp-json\/wp\/v2\/types\/post"}],"author":[{"embeddable":true,"href":"https:\/\/www.europesays.com\/es\/wp-json\/wp\/v2\/users\/2"}],"replies":[{"embeddable":true,"href":"https:\/\/www.europesays.com\/es\/wp-json\/wp\/v2\/comments?post=250162"}],"version-history":[{"count":0,"href":"https:\/\/www.europesays.com\/es\/wp-json\/wp\/v2\/posts\/250162\/revisions"}],"wp:featuredmedia":[{"embeddable":true,"href":"https:\/\/www.europesays.com\/es\/wp-json\/wp\/v2\/media\/250163"}],"wp:attachment":[{"href":"https:\/\/www.europesays.com\/es\/wp-json\/wp\/v2\/media?parent=250162"}],"wp:term":[{"taxonomy":"category","embeddable":true,"href":"https:\/\/www.europesays.com\/es\/wp-json\/wp\/v2\/categories?post=250162"},{"taxonomy":"post_tag","embeddable":true,"href":"https:\/\/www.europesays.com\/es\/wp-json\/wp\/v2\/tags?post=250162"}],"curies":[{"name":"wp","href":"https:\/\/api.w.org\/{rel}","templated":true}]}}