{"id":25020,"date":"2025-08-04T12:49:06","date_gmt":"2025-08-04T12:49:06","guid":{"rendered":"https:\/\/www.europesays.com\/es\/25020\/"},"modified":"2025-08-04T12:49:06","modified_gmt":"2025-08-04T12:49:06","slug":"rusia-se-abre-a-una-reunion-entre-putin-y-zelenski-en-medio-de-la-presion-de-trump-para-sellar-una-tregua-internacional","status":"publish","type":"post","link":"https:\/\/www.europesays.com\/es\/25020\/","title":{"rendered":"Rusia se abre a una reuni\u00f3n entre Putin y Zelenski en medio de la presi\u00f3n de Trump para sellar una tregua | Internacional"},"content":{"rendered":"<p class=\"\">Dmitri Peskov, portavoz del Kremlin, ha asegurado este lunes que es posible una reuni\u00f3n entre su presidente, Vlad\u00edmir Putin, y el l\u00edder ucranio, Volod\u00edmir Zelenski. La \u00fanica condici\u00f3n, seg\u00fan Peskov, es que expertos de ambos presidentes se re\u00fanan previamente para preparar la cumbre. El tono ha cambiado en Mosc\u00fa, que <a href=\"https:\/\/elpais.com\/internacional\/2025-05-12\/putin-elude-el-cara-a-cara-propuesto-por-zelenski.html\" target=\"_self\" rel=\"nofollow noopener\" title=\"https:\/\/elpais.com\/internacional\/2025-05-12\/putin-elude-el-cara-a-cara-propuesto-por-zelenski.html\">hasta ahora hab\u00eda negado la posibilidad de esta cita entre ambos mandatarios<\/a>, alegando que solo pod\u00eda ser posible si aporta resultados: es decir, si la reuni\u00f3n sirve para confirmar que Rusia ha conseguido los objetivos de su invasi\u00f3n.<\/p>\n<p class=\"\">El cambio de rasante del Kremlin coincide con la creciente presi\u00f3n desde Estados Unidos sobre Rusia. El presidente estadounidense, Donald Trump, ha pasado de ser conciliador con Putin a mostrarse convencido de que el aut\u00f3crata ruso no tiene intenci\u00f3n de negociar paz alguna. Trump ha aceptado por primera vez este julio que armamento estadounidense sea transferido a Ucrania, a cambio de que sea previamente adquirido por los aliados europeos. Adem\u00e1s, <a href=\"https:\/\/elpais.com\/internacional\/2025-07-28\/trump-da-a-putin-10-o-12-dias-para-resolver-la-guerra-en-ucrania-o-afrontar-sanciones-en-forma-de-aranceles.html\" target=\"_self\" rel=\"nofollow noopener\" title=\"https:\/\/elpais.com\/internacional\/2025-07-28\/trump-da-a-putin-10-o-12-dias-para-resolver-la-guerra-en-ucrania-o-afrontar-sanciones-en-forma-de-aranceles.html\">ha impuesto un ultim\u00e1tum que finaliza el viernes 8 de agosto:<\/a> si antes de esta fecha Mosc\u00fa no demuestra que acepta una tregua en el conflicto y negociar la paz, aplicar\u00e1 un paquete de sanciones econ\u00f3micas sobre Rusia y sobre los pa\u00edses que compran sus recursos energ\u00e9ticos.<\/p>\n<p class=\"\">El principal pa\u00eds amenazado por estas sanciones secundarias es la India, el segundo mayor importador de petr\u00f3leo ruso tras China. La Casa Blanca ha puesto en la diana a la India, pero de momento evita el choque con Pek\u00edn, que ya ha advertido que no piensa dejar de adquirir petr\u00f3leo y gas ruso.<\/p>\n<p class=\"\">Tanto Trump como <a href=\"https:\/\/elpais.com\/internacional\/2025-07-20\/zelenski-propone-a-rusia-reanudar-esta-semana-las-negociaciones-de-paz.html\" target=\"_self\" rel=\"nofollow noopener\" title=\"https:\/\/elpais.com\/internacional\/2025-07-20\/zelenski-propone-a-rusia-reanudar-esta-semana-las-negociaciones-de-paz.html\">Zelenski han insistido desde mayo en reclamar a Putin que acepte la posibilidad de esta cumbre<\/a>. El mandatario ucranio repiti\u00f3 el viernes esta demanda y consider\u00f3 que su posible encuentro con Putin estar\u00eda previamente coordinado por su parte con EE UU y las potencias europeas.<\/p>\n<p>Mediaci\u00f3n turca <\/p>\n<p class=\"\">Tambi\u00e9n el presidente turco, Recep Tayyip Erdogan, ha reiterado sus esfuerzos para que la reuni\u00f3n entre ambos enemigos se pueda llevar a cabo en Turqu\u00eda. Es en Estambul donde las delegaciones rusas y ucranias se han reunido en tres ocasiones desde el pasado mayo, con escasos resultados, <a href=\"https:\/\/elpais.com\/internacional\/2025-07-23\/rusia-y-ucrania-acuerdan-otro-intercambio-de-prisioneros-tras-una-hora-de-negociaciones-en-estambul.html\" target=\"_self\" rel=\"nofollow noopener\" title=\"https:\/\/elpais.com\/internacional\/2025-07-23\/rusia-y-ucrania-acuerdan-otro-intercambio-de-prisioneros-tras-una-hora-de-negociaciones-en-estambul.html\">salvo el intercambio de miles de prisioneros de guerra y de combatientes fallecidos<\/a>.<\/p>\n<p class=\"\">Hakan Fidan, ministro de Exteriores turco, afirm\u00f3 el 26 de julio en la televisi\u00f3n NTV de que su Gobierno ha percibido se\u00f1ales desde Rusia de que una reuni\u00f3n entre Putin y Zelenski es posible. El ministerio de Exteriores de Ucrania tambi\u00e9n afirm\u00f3 tras el \u00faltimo encuentro en Estambul, el 23 de julio, de que hab\u00edan detectado una actitud m\u00e1s favorable por parte de la delegaci\u00f3n rusa.<\/p>\n<p class=\"\">Las exigencias draconianas de Mosc\u00fa han imposibilitado que haya pasos hacia la paz. El Kremlin ha exigido que cualquier cese de las hostilidades debe pasar antes por el fin de la entrega de armamento occidental a Ucrania, que este pa\u00eds renuncie a la OTAN y que el ej\u00e9rcito ucranio se retire de cuatro provincias que Rusia considera suyas.<\/p>\n<p class=\"\">Rusia inici\u00f3 a finales de mayo una ofensiva para los meses de verano en la que est\u00e1 avanzando en el frente al ritmo m\u00e1s elevado en lo que va de a\u00f1o. Acaba capturar el municipio estrat\u00e9gico de Chasiv Yar, en la provincia de Donetsk, tras m\u00e1s de un a\u00f1o de asedio y est\u00e1 incrementando la presi\u00f3n sobre la vecina Kostiantinivka. Y sobre todo, est\u00e1 forzando la m\u00e1quina para capturar la ciudad de Pokrovsk para reforzar su expansi\u00f3n en Donetsk y acercarse a la provincia de Dnipr\u00f3.<\/p>\n<p class=\"\">Ucrania, por su parte, est\u00e1 intensificando sus ataques en territorio ruso con drones de largo alcance. El domingo destruy\u00f3 parcialmente una planta de combustible en Sochi y esta pasada madrugada ha atacado una estaci\u00f3n de tren en la provincia de Volgogrado. Es el quinto ataque ucranios en las \u00faltimas cuatro semanas contra la red log\u00edstica ferroviaria rusa que suministra armamento a la invasi\u00f3n. La posici\u00f3n de Ucrania es que Rusia debe sentir que es vulnerable en su territorio para que el Kremlin acepte negociar.<\/p>\n<p class=\"\">\u201cEl trabajo preparatorio para una reuni\u00f3n como esta no se ha realizado todav\u00eda\u201d, ha indicado brevemente Peskov en una comparecencia p\u00fablica. \u201cQuiero subrayar que el presidente Putin no descarta que este encuentro sea posible despu\u00e9s de que se realice el trabajo preparatorio a nivel de expertos\u201d.<\/p>\n<p class=\"\">Esta posici\u00f3n puede ser tambi\u00e9n una nueva maniobra para ganar tiempo y satisfacer los o\u00eddos de Trump, sobre todo en un momento de tensi\u00f3n en aumento. El presidente de EE UU confirm\u00f3 el domingo que<a href=\"https:\/\/elpais.com\/internacional\/2025-08-01\/trump-envia-dos-submarinos-nucleares-a-zonas-cercanas-a-rusia.html\" target=\"_self\" rel=\"nofollow noopener\" title=\"https:\/\/elpais.com\/internacional\/2025-08-01\/trump-envia-dos-submarinos-nucleares-a-zonas-cercanas-a-rusia.html\"> dos de sus submarinos nucleares se han desplazado a aguas pr\u00f3ximas a Rusia<\/a>. Esta orden de Trump es una reacci\u00f3n a un mensaje amenazante en la red social X del expresidente Dmitri Medvedev, miembro del Consejo de Seguridad Nacional ruso.<\/p>\n<p class=\"\">\u201cEstados Unidos contin\u00faa su mediaci\u00f3n para llegar a un acuerdo sobre Ucrania\u201d, ha a\u00f1adido Peskov, \u201cson esfuerzos muy importantes en el contexto de las negociaciones directas entre Kiev y Mosc\u00fa\u201d. Estas palabras coinciden con la visita a la capital rusa <a href=\"https:\/\/elpais.com\/internacional\/2025-08-04\/trump-anuncia-un-viaje-de-su-enviado-a-moscu-esta-semana-para-convencer-a-putin-de-aceptar-un-alto-el-fuego-en-ucrania.html\" target=\"_self\" rel=\"nofollow noopener\" title=\"https:\/\/elpais.com\/internacional\/2025-08-04\/trump-anuncia-un-viaje-de-su-enviado-a-moscu-esta-semana-para-convencer-a-putin-de-aceptar-un-alto-el-fuego-en-ucrania.html\">en los pr\u00f3ximos d\u00edas del enviado especial de Trump, Steve Witkoff<\/a>. El emisario de Trump para Ucrania, Keith Kellogg, tambi\u00e9n viajar\u00e1 a Kiev en las mismas fechas, antes del viernes, de que expire el plazo de tiempo que ha puesto el l\u00edder estadounidense para ordenar las sanciones sobre Rusia.<\/p>\n","protected":false},"excerpt":{"rendered":"Dmitri Peskov, portavoz del Kremlin, ha asegurado este lunes que es posible una reuni\u00f3n entre su presidente, Vlad\u00edmir&hellip;\n","protected":false},"author":2,"featured_media":25021,"comment_status":"","ping_status":"","sticky":false,"template":"","format":"standard","meta":{"footnotes":""},"categories":[42],"tags":[8738,17,18,70,71,72,700,13,14,69,7082,11,61,62,63,64,14049,19,20,9,10,15,16,1613,1614,12,7081,21,22,1617,65,66,67],"class_list":{"0":"post-25020","1":"post","2":"type-post","3":"status-publish","4":"format-standard","5":"has-post-thumbnail","7":"category-internacional","8":"tag-ataques-militares","9":"tag-breaking-news","10":"tag-breakingnews","11":"tag-conflictos","12":"tag-conflictos-armados","13":"tag-conflictos-internacionales","14":"tag-europa","15":"tag-featured-news","16":"tag-featurednews","17":"tag-guerra","18":"tag-guerra-de-rusia-en-ucrania","19":"tag-headlines","20":"tag-internacional","21":"tag-international","22":"tag-international-news","23":"tag-internationalnews","24":"tag-kremlin","25":"tag-latest-news","26":"tag-latestnews","27":"tag-news","28":"tag-noticias","29":"tag-noticias-destacadas","30":"tag-noticiasdestacadas","31":"tag-otan","32":"tag-rusia","33":"tag-titulares","34":"tag-ucrania","35":"tag-ultimas-noticias","36":"tag-ultimasnoticias","37":"tag-union-europea","38":"tag-world","39":"tag-world-news","40":"tag-worldnews"},"share_on_mastodon":{"url":"","error":""},"_links":{"self":[{"href":"https:\/\/www.europesays.com\/es\/wp-json\/wp\/v2\/posts\/25020","targetHints":{"allow":["GET"]}}],"collection":[{"href":"https:\/\/www.europesays.com\/es\/wp-json\/wp\/v2\/posts"}],"about":[{"href":"https:\/\/www.europesays.com\/es\/wp-json\/wp\/v2\/types\/post"}],"author":[{"embeddable":true,"href":"https:\/\/www.europesays.com\/es\/wp-json\/wp\/v2\/users\/2"}],"replies":[{"embeddable":true,"href":"https:\/\/www.europesays.com\/es\/wp-json\/wp\/v2\/comments?post=25020"}],"version-history":[{"count":0,"href":"https:\/\/www.europesays.com\/es\/wp-json\/wp\/v2\/posts\/25020\/revisions"}],"wp:featuredmedia":[{"embeddable":true,"href":"https:\/\/www.europesays.com\/es\/wp-json\/wp\/v2\/media\/25021"}],"wp:attachment":[{"href":"https:\/\/www.europesays.com\/es\/wp-json\/wp\/v2\/media?parent=25020"}],"wp:term":[{"taxonomy":"category","embeddable":true,"href":"https:\/\/www.europesays.com\/es\/wp-json\/wp\/v2\/categories?post=25020"},{"taxonomy":"post_tag","embeddable":true,"href":"https:\/\/www.europesays.com\/es\/wp-json\/wp\/v2\/tags?post=25020"}],"curies":[{"name":"wp","href":"https:\/\/api.w.org\/{rel}","templated":true}]}}