{"id":250201,"date":"2025-11-22T19:11:12","date_gmt":"2025-11-22T19:11:12","guid":{"rendered":"https:\/\/www.europesays.com\/es\/250201\/"},"modified":"2025-11-22T19:11:12","modified_gmt":"2025-11-22T19:11:12","slug":"espana-evita-el-marron-de-jugar-el-playoff-de-febrero-y-esta-clasificada-para-los-cruces-de-septiembre","status":"publish","type":"post","link":"https:\/\/www.europesays.com\/es\/250201\/","title":{"rendered":"Espa\u00f1a evita el marr\u00f3n de jugar el &#8216;playoff&#8217; de febrero y est\u00e1 clasificada para los cruces de septiembre"},"content":{"rendered":"<p data-mrf-recirculation=\"Links P\u00e1rrafos\" class=\"ue-c-article__paragraph paragraph ue-c-article--first-letter-highlighted\"><strong>La selecci\u00f3n nacional de la Copa Davis se ha librado de jugar, por segundo a\u00f1o consecutivo, el inc\u00f3modo playoff del mes de febrero (6 al 8), el fin de semana despu\u00e9s del Open de Australia<\/strong>. David Ferrer no tendr\u00e1 que viajar a Melbourne para confeccionar un equipo en el que no iba a estar Alejandro Davidovich, la gran ausencia en la convocatoria para la Final a 8 de Bolonia.<\/p>\n<p data-mrf-recirculation=\"Links P\u00e1rrafos\" class=\"ue-c-article__paragraph paragraph\"><strong>Davidovich ha confirmado en las mismas fechas una exhibici\u00f3n UTS en la ciudad mexicana de Guadalajara (5 al 7 de febrero)<\/strong>. Comparte cartel con el chileno Alejandro Tabilo, entre otros.\u00a0<\/p>\n<p data-mrf-recirculation=\"Links P\u00e1rrafos\" class=\"ue-c-article__paragraph paragraph\"><strong>Espa\u00f1a no volver\u00e1 a competir hasta los octavos los d\u00edas 18, 19 y 20 de septiembre<\/strong>. El equipo de Ferrer se garantizar\u00eda jugar de local, sobre su tierra batida, <strong>si derrota este domingo a Italia y levanta su s\u00e9ptima Ensaladera de plata<\/strong>. Es el premio del campe\u00f3n porque el cuadro transalpino tiene billete asegurado a la Final 8 de Bolonia como local.<\/p>\n<p data-mrf-recirculation=\"Links P\u00e1rrafos\" class=\"ue-c-article__paragraph paragraph\">La selecci\u00f3n nacional no estar\u00e1 en el sorteo de este domingo en la que habr\u00e1 26 pa\u00edses, 13 de ellos con la condici\u00f3n de cabezas de serie. En la lista est\u00e1n\u00a0<strong>Canad\u00e1, Bulgaria, Serbia, Gran Breta\u00f1a, Chile, Brasil, Eslovaquia, Corea del Sur, Estados Unidos, Dinamarca, Suecia, Per\u00fa, Noruega, Ecuador, Pa\u00edses Bajos, Hungr\u00eda, Australia, Jap\u00f3n, Croacia, B\u00e9lgica, Francia, Alemania, Austria, Chequia y Argentina<\/strong><\/p>\n","protected":false},"excerpt":{"rendered":"La selecci\u00f3n nacional de la Copa Davis se ha librado de jugar, por segundo a\u00f1o consecutivo, el inc\u00f3modo&hellip;\n","protected":false},"author":2,"featured_media":250202,"comment_status":"","ping_status":"","sticky":false,"template":"","format":"standard","meta":{"footnotes":""},"categories":[274],"tags":[168,25,24,23,167,327,326],"class_list":{"0":"post-250201","1":"post","2":"type-post","3":"status-publish","4":"format-standard","5":"has-post-thumbnail","7":"category-tenis","8":"tag-deportes","9":"tag-es","10":"tag-espana","11":"tag-spain","12":"tag-sports","13":"tag-tenis","14":"tag-tennis"},"share_on_mastodon":{"url":"https:\/\/pubeurope.com\/@es\/115594938498766930","error":""},"_links":{"self":[{"href":"https:\/\/www.europesays.com\/es\/wp-json\/wp\/v2\/posts\/250201","targetHints":{"allow":["GET"]}}],"collection":[{"href":"https:\/\/www.europesays.com\/es\/wp-json\/wp\/v2\/posts"}],"about":[{"href":"https:\/\/www.europesays.com\/es\/wp-json\/wp\/v2\/types\/post"}],"author":[{"embeddable":true,"href":"https:\/\/www.europesays.com\/es\/wp-json\/wp\/v2\/users\/2"}],"replies":[{"embeddable":true,"href":"https:\/\/www.europesays.com\/es\/wp-json\/wp\/v2\/comments?post=250201"}],"version-history":[{"count":0,"href":"https:\/\/www.europesays.com\/es\/wp-json\/wp\/v2\/posts\/250201\/revisions"}],"wp:featuredmedia":[{"embeddable":true,"href":"https:\/\/www.europesays.com\/es\/wp-json\/wp\/v2\/media\/250202"}],"wp:attachment":[{"href":"https:\/\/www.europesays.com\/es\/wp-json\/wp\/v2\/media?parent=250201"}],"wp:term":[{"taxonomy":"category","embeddable":true,"href":"https:\/\/www.europesays.com\/es\/wp-json\/wp\/v2\/categories?post=250201"},{"taxonomy":"post_tag","embeddable":true,"href":"https:\/\/www.europesays.com\/es\/wp-json\/wp\/v2\/tags?post=250201"}],"curies":[{"name":"wp","href":"https:\/\/api.w.org\/{rel}","templated":true}]}}