{"id":250203,"date":"2025-11-22T19:12:11","date_gmt":"2025-11-22T19:12:11","guid":{"rendered":"https:\/\/www.europesays.com\/es\/250203\/"},"modified":"2025-11-22T19:12:11","modified_gmt":"2025-11-22T19:12:11","slug":"espero-que-no-de-otro-paso-porque-ya-lo-considero-muy-fuerte-y-dominante","status":"publish","type":"post","link":"https:\/\/www.europesays.com\/es\/250203\/","title":{"rendered":"Espero que no d\u00e9 otro paso, porque ya lo considero muy fuerte y dominante"},"content":{"rendered":"<p data-mrf-recirculation=\"Links P\u00e1rrafos\" class=\"ue-c-article__paragraph paragraph ue-c-article--first-letter-highlighted\">Tadej <strong>Pogacar<\/strong> apura los \u00faltimos d\u00edas de descanso antes de ponerse serio con la pretemporada. La semana pasada apareci\u00f3 en Mil\u00e1n, invitado a un torneo amistoso de p\u00e1del en el que comparti\u00f3 pista con varios ciclistas, entre ellos el m\u00edtico Thor Hushovd. All\u00ed cay\u00f3 eliminado pronto, algo que no parece quitarle el sue\u00f1o: <strong>\u201cYa estoy fuera, Maxim van Gils me gan\u00f3. Pero me lo pas\u00e9 bien. Prefiero perder al p\u00e1del que en una carrera, porque eso sigue siendo mi trabajo\u201d, brome\u00f3 en declaraciones a Sporza, <\/strong>dejando claro que su instinto competitivo sigue intacto.<\/p>\n<p>Sobre asfalto, sin embargo, no quiere concesiones. El 13 de diciembre, en Benidorm, el UAE desvelar\u00e1 oficialmente su calendario, aunque Pogacar ya dej\u00f3 caer cu\u00e1les ser\u00e1n sus br\u00fajulas para 2026: Mil\u00e1n-San Remo y Par\u00eds-Roubaix. <strong>\u201cGanar una cl\u00e1sica significa mucho m\u00e1s que so\u00f1ar con ello. A veces da la sensaci\u00f3n de que todo el mundo decide cu\u00e1les deben ser mis objetivos, pero yo solo quiero rendir al m\u00e1ximo\u201d, se\u00f1al\u00f3.<\/strong><\/p>\n<p>Y en esa Classicissima podr\u00eda cruzarse, por primera vez en la pr\u00f3xima campa\u00f1a, con un<strong> Remco Evenepoel <\/strong>reci\u00e9n aterrizado en Red Bull-Bora. El movimiento del belga no pasa inadvertido para Pogi, que reconoce cierta intranquilidad: \u201cEse cambio puede venirle muy bien. Ha pasado de un superequipo a otro. Ser\u00e1 interesante ver si puede subir otro pelda\u00f1o. Espero que no, porque ya me parece muy fuerte y dominante. Me da respeto pensar que a\u00fan pueda mejorar. Pero seguro que le ir\u00e1 bien. Todo el mundo estar\u00e1 pendiente\u201d.<\/p>\n","protected":false},"excerpt":{"rendered":"Tadej Pogacar apura los \u00faltimos d\u00edas de descanso antes de ponerse serio con la pretemporada. La semana pasada&hellip;\n","protected":false},"author":2,"featured_media":208649,"comment_status":"","ping_status":"","sticky":false,"template":"","format":"standard","meta":{"footnotes":""},"categories":[273],"tags":[313,312,168,25,24,23,167],"class_list":{"0":"post-250203","1":"post","2":"type-post","3":"status-publish","4":"format-standard","5":"has-post-thumbnail","7":"category-ciclismo","8":"tag-ciclismo","9":"tag-cycling","10":"tag-deportes","11":"tag-es","12":"tag-espana","13":"tag-spain","14":"tag-sports"},"share_on_mastodon":{"url":"https:\/\/pubeurope.com\/@es\/115594942389171742","error":""},"_links":{"self":[{"href":"https:\/\/www.europesays.com\/es\/wp-json\/wp\/v2\/posts\/250203","targetHints":{"allow":["GET"]}}],"collection":[{"href":"https:\/\/www.europesays.com\/es\/wp-json\/wp\/v2\/posts"}],"about":[{"href":"https:\/\/www.europesays.com\/es\/wp-json\/wp\/v2\/types\/post"}],"author":[{"embeddable":true,"href":"https:\/\/www.europesays.com\/es\/wp-json\/wp\/v2\/users\/2"}],"replies":[{"embeddable":true,"href":"https:\/\/www.europesays.com\/es\/wp-json\/wp\/v2\/comments?post=250203"}],"version-history":[{"count":0,"href":"https:\/\/www.europesays.com\/es\/wp-json\/wp\/v2\/posts\/250203\/revisions"}],"wp:featuredmedia":[{"embeddable":true,"href":"https:\/\/www.europesays.com\/es\/wp-json\/wp\/v2\/media\/208649"}],"wp:attachment":[{"href":"https:\/\/www.europesays.com\/es\/wp-json\/wp\/v2\/media?parent=250203"}],"wp:term":[{"taxonomy":"category","embeddable":true,"href":"https:\/\/www.europesays.com\/es\/wp-json\/wp\/v2\/categories?post=250203"},{"taxonomy":"post_tag","embeddable":true,"href":"https:\/\/www.europesays.com\/es\/wp-json\/wp\/v2\/tags?post=250203"}],"curies":[{"name":"wp","href":"https:\/\/api.w.org\/{rel}","templated":true}]}}