{"id":250206,"date":"2025-11-22T19:15:20","date_gmt":"2025-11-22T19:15:20","guid":{"rendered":"https:\/\/www.europesays.com\/es\/250206\/"},"modified":"2025-11-22T19:15:20","modified_gmt":"2025-11-22T19:15:20","slug":"polemica-con-el-arbitro-del-betis-girona-por-una-decision-que-pudo-costarle-cara-a-los-verdiblancos","status":"publish","type":"post","link":"https:\/\/www.europesays.com\/es\/250206\/","title":{"rendered":"Pol\u00e9mica con el \u00e1rbitro del Betis &#8211; Girona por una decisi\u00f3n que pudo costarle cara a los verdiblancos"},"content":{"rendered":"<p>El CTA ha designado al Galech Apezteguia, de muy mal recuerdo para los verdiblancos por su pol\u00e9mica decisi\u00f3n hace mes y medio en el choque contra el Espanyol<\/p>\n<p class=\"parrafo\"><strong>No ha gustado en absoluto en Heli\u00f3polis la designaci\u00f3n arbitral <\/strong>para el partido de ma\u00f1ana contra el Girona en el Estadio de La Cartuja, correspondiente a la jornada 13 y el primero despu\u00e9s del par\u00f3n internacional de noviembre.<\/p>\n<p class=\"parrafo\">Y es que <strong>el CTA ha designado para la cita de ma\u00f1ana en el feudo verdiblanco al colegiado Galech Apezteguia<\/strong>, debutante esta campa\u00f1a en Primera y del que guarda muy mal recuerdo el club de La Palmera por <strong>un incidente que se produjo hace mes y medio<\/strong>, es decir, hace relativamente poco tiempo. <\/p>\n<p>El colegiado de ma\u00f1ana pudo perjudicar gravemente al Betis hace mes y medio<\/p>\n<p class=\"parrafo\">No en vano, el pasado 5 de octubre, el \u00e1rbitro navarro dirigi\u00f3 por primera vez al Betis de manera oficial y <strong>a punto estuvo de perjudicarle gravemente por una decisi\u00f3n en la \u00faltima acci\u00f3n del choque contra el Espanyol <\/strong>muy protestada y que gener\u00f3 mucha pol\u00e9mica en el momento y a posteriori.<\/p>\n<p><a class=\"elementos-rel-t2\" href=\"https:\/\/www.estadiodeportivo.com\/futbol\/betis\/var-senalo-penalti-valentin-pero-escondio-una-toma-galech-apezteguia-20251006-515281.html\" title=\"El VAR se\u00f1al\u00f3 el penalti de Valent\u00edn, pero le &#039;escondi\u00f3&#039; una toma a Galech Apeztegu\u00eda\" rel=\"nofollow noopener\" target=\"_blank\">El VAR se\u00f1al\u00f3 el penalti de Valent\u00edn, pero le &#8216;escondi\u00f3&#8217; una toma a Galech Apeztegu\u00eda<img decoding=\"async\" src=\"https:\/\/www.europesays.com\/es\/wp-content\/uploads\/2025\/11\/50e40c44-8a35-4174-83a5-8d7d8619a3fb_320x180.jpeg\" alt=\"El VAR se\u00f1al\u00f3 el penalti de Valent\u00edn, pero le 'escondi\u00f3' una toma a Galech Apeztegu\u00eda\"\/><\/a><a class=\"elementos-rel-t2\" href=\"https:\/\/www.estadiodeportivo.com\/futbol\/betis\/pellegrini-penalti-fui-para-adentro-porque-seguramente-habrian-expulsado-20251005-515220.html\" title=\"Pellegrini: &quot;No vi el penalti; me fui para adentro, porque seguramente me habr\u00edan expulsado&quot;\" rel=\"nofollow noopener\" target=\"_blank\">Pellegrini: \u00abNo vi el penalti; me fui para adentro, porque seguramente me habr\u00edan expulsado\u00bb<img decoding=\"async\" src=\"https:\/\/www.europesays.com\/es\/wp-content\/uploads\/2025\/11\/0091c4ce-90b5-467b-b9a0-cb7724510f06_320x180.jpeg\" alt=\"Pellegrini: &quot;No vi el penalti; me fui para adentro, porque seguramente me habr\u00edan expulsado&quot;\"\/><\/a><a class=\"elementos-rel-t2\" href=\"https:\/\/www.estadiodeportivo.com\/futbol\/betis\/cta-baja-del-burro-con-cornella-contacto-leve-sin-impacto-desarrollo-del-juego-20251007-515488.html\" title=\"El CTA no se baja del burro con lo de Cornell\u00e0: &quot;Es un contacto leve sin impacto en el desarrollo del juego&quot;\" rel=\"nofollow noopener\" target=\"_blank\">El CTA no se baja del burro con lo de Cornell\u00e0: \u00abEs un contacto leve sin impacto en el desarrollo del juego\u00bb<img decoding=\"async\" src=\"https:\/\/www.europesays.com\/es\/wp-content\/uploads\/2025\/11\/cd93714d-b0fc-4e23-b1d7-ab3027ddf257_320x180.jpeg\" alt=\"El CTA no se baja del burro con lo de Cornell\u00e0: &quot;Es un contacto leve sin impacto en el desarrollo del juego&quot;\"\/><\/a><\/p>\n<p class=\"parrafo\">De ese modo, <strong>Galech Apezteguia penaliz\u00f3 con el m\u00e1ximo castigo un salto entre Valent\u00edn G\u00f3mez y Cabrera despu\u00e9s de que el VAR le recomendara revisarlo <\/strong>y el \u00e1rbitro viera las im\u00e1genes en el monitor. En ese momento, el Betis ganaba 1-2 tras darle la vuelta al electr\u00f3nico y ya acariciaba una victoria que puso en serio riesgo al apuntar a los once metros.<\/p>\n<p>Pau L\u00f3pez evit\u00f3 que la decisi\u00f3n arbitral fuera un desastre para el Betis, pero no fren\u00f3 la indignaci\u00f3n<\/p>\n<p class=\"parrafo\">El asunto no fue a mayores y no tuvo consecuencias para el Betis por el hecho de <strong>Pau L\u00f3pez detuvo el lanzamiento de Javi Puado <\/strong>y evit\u00f3 el empate y que volaran dos puntos en el ep\u00edlogo. La parada fue un aut\u00e9ntico alivio, pero <strong>no fren\u00f3 la indignaci\u00f3n en el bando verdiblanco<\/strong>, que se sinti\u00f3 muy agraviado por esta determinaci\u00f3n, entre otras cosas porque en las im\u00e1genes visionadas por el colegiado no se le ense\u00f1\u00f3 claramente una toma que podr\u00eda haberle hecho cambiar de opini\u00f3n.<\/p>\n<p class=\"parrafo\">En dicha toma se aprecia un momento clave de la acci\u00f3n, <strong>el empuj\u00f3n previo que recibi\u00f3 en el \u00e1rea el centro verdiblanco por parte del perico Roberto Fern\u00e1ndez<\/strong>, lo que lo cambiaba absolutamente todo. <\/p>\n<p class=\"parrafo\">\u201cIosu, soy Valent\u00edn. Te recomiendo un OFR para que valores un potencial penalti. <strong>Te voy a mostrar una c\u00e1mara potente donde vas a ver la mano del defensor del Betis, c\u00f3mo se abre e impacta con el codo sobre la cara del jugador del Espanyol\u201d, <\/strong>le coment\u00f3 por l\u00ednea interna Pizarro G\u00f3mez, encargado del VAR, que hizo un regate cuando Galech Apeztegu\u00eda le pidi\u00f3 otro \u00e1ngulo: <strong>\u201cTe puedo poner reversa para que veas que no hay falta previa. Aunque se nos va un poco, pero ves que no hay falta previa\u201d. <\/strong>Finalmente no se la mostr\u00f3 y solo Paulo L\u00f3pez impidi\u00f3 que la decisi\u00f3n arbitral resultara desastrosa para los intereses heliopolitanos, lo que no quita el infausto recuerdo con el colegiado de cita de ma\u00f1ana.<\/p>\n","protected":false},"excerpt":{"rendered":"El CTA ha designado al Galech Apezteguia, de muy mal recuerdo para los verdiblancos por su pol\u00e9mica decisi\u00f3n&hellip;\n","protected":false},"author":2,"featured_media":250207,"comment_status":"","ping_status":"","sticky":false,"template":"","format":"standard","meta":{"footnotes":""},"categories":[268],"tags":[168,25,24,284,280,282,18013,286,281,23,167],"class_list":{"0":"post-250206","1":"post","2":"type-post","3":"status-publish","4":"format-standard","5":"has-post-thumbnail","7":"category-futbol","8":"tag-deportes","9":"tag-es","10":"tag-espana","11":"tag-estadio-deportivo","12":"tag-football","13":"tag-futbol","14":"tag-girona-fc","15":"tag-real-betis-balompie","16":"tag-soccer","17":"tag-spain","18":"tag-sports"},"share_on_mastodon":{"url":"https:\/\/pubeurope.com\/@es\/115594955138891920","error":""},"_links":{"self":[{"href":"https:\/\/www.europesays.com\/es\/wp-json\/wp\/v2\/posts\/250206","targetHints":{"allow":["GET"]}}],"collection":[{"href":"https:\/\/www.europesays.com\/es\/wp-json\/wp\/v2\/posts"}],"about":[{"href":"https:\/\/www.europesays.com\/es\/wp-json\/wp\/v2\/types\/post"}],"author":[{"embeddable":true,"href":"https:\/\/www.europesays.com\/es\/wp-json\/wp\/v2\/users\/2"}],"replies":[{"embeddable":true,"href":"https:\/\/www.europesays.com\/es\/wp-json\/wp\/v2\/comments?post=250206"}],"version-history":[{"count":0,"href":"https:\/\/www.europesays.com\/es\/wp-json\/wp\/v2\/posts\/250206\/revisions"}],"wp:featuredmedia":[{"embeddable":true,"href":"https:\/\/www.europesays.com\/es\/wp-json\/wp\/v2\/media\/250207"}],"wp:attachment":[{"href":"https:\/\/www.europesays.com\/es\/wp-json\/wp\/v2\/media?parent=250206"}],"wp:term":[{"taxonomy":"category","embeddable":true,"href":"https:\/\/www.europesays.com\/es\/wp-json\/wp\/v2\/categories?post=250206"},{"taxonomy":"post_tag","embeddable":true,"href":"https:\/\/www.europesays.com\/es\/wp-json\/wp\/v2\/tags?post=250206"}],"curies":[{"name":"wp","href":"https:\/\/api.w.org\/{rel}","templated":true}]}}