{"id":250210,"date":"2025-11-22T19:17:14","date_gmt":"2025-11-22T19:17:14","guid":{"rendered":"https:\/\/www.europesays.com\/es\/250210\/"},"modified":"2025-11-22T19:17:14","modified_gmt":"2025-11-22T19:17:14","slug":"el-artista-que-pinta-la-memoria-de-comercios-y-oficios-desaparecidos","status":"publish","type":"post","link":"https:\/\/www.europesays.com\/es\/250210\/","title":{"rendered":"El artista que pinta la memoria de comercios y oficios desaparecidos"},"content":{"rendered":"<p><img fetchpriority=\"high\" class=\"v-a-img\" src=\"https:\/\/www.europesays.com\/es\/wp-content\/uploads\/2025\/11\/1503226743-RNydmSdPUxlrvsH1mnW4bBK-1200x840@Las Provincias.jpg\" loading=\"eager\" decoding=\"async\" alt=\"Mural de Tinoco en Picassent.\"  width=\"1200\" height=\"840\"\/><\/p>\n<p>Mural de Tinoco en Picassent.          Jes\u00fas Signes        <\/p>\n<p>Los murales de Miguel Tinoco han retratado antiguos ultramarinos, grupos de arrieros y mujeres ante la m\u00e1quina de coser I El creador explica que le interesan \u00abla memoria del territorio, la cultura local y los recuerdos de la infancia\u00ab<\/p>\n<p><a class=\"v-mdl-ath__fig-a\" href=\"https:\/\/www.lasprovincias.es\/autor\/laura-garces-501.html\" title=\"Laura Garc\u00e9s\" rel=\"nofollow noopener\" target=\"_blank\"><br \/>\n<img decoding=\"async\" class=\"v-mdl-ath__img\" src=\"https:\/\/www.europesays.com\/es\/wp-content\/uploads\/2025\/08\/autor-501-foto-2.jpeg\" alt=\"Laura Garc\u00e9s\"\/><br \/>\n<\/a><\/p>\n<p class=\"v-mdl-ath__p v-mdl-ath__p--6\">\nS\u00e1bado, 22 de noviembre 2025, 17:20<\/p>\n<p class=\"v-p\">La sociedad cambia. Con los cambios aparecen y desaparecen muchas cosas. Entre las que se van: los comercios tradicionales y muchos oficios. Y hay artistas que recogen aquello que la transformaci\u00f3n se lleva por delante, como esas peque\u00f1as tiendas que han escrito la historia de pueblos y ciudades. Miguel Tinoco es uno de esos creadores que ha fijado la mirada en esa realidad. <\/p>\n<p class=\"v-p\">En Picassent dej\u00f3 una bonita muestra de arte urbano que, adem\u00e1s de llevar escrito el mensaje del deseo de \u00abacercar el arte al p\u00fablico\u00bb, tambi\u00e9n encierra esa cuesti\u00f3n que inquieta a la sociedad y que es ver c\u00f3mo \u00abel comercio se ha ido perdiendo\u00bb. <\/p>\n<p class=\"v-p\">Sobre la pared de la casa donde hubo un ultramarinos, Tinoco -como firma los murales-, pint\u00f3 con un realismo admirable la imagen de la tendera de un antiguo ultramarinos o colmado como tambi\u00e9n se les llamaba a esas tiendas en las que vend\u00edan de todo, como bien refleja la pintura de Picassent. Miguel explica que el mural que realiz\u00f3 en 2024 responde a una \u00abrealidad social, de la vida cotidiana\u00bb que pint\u00f3 en el marco del festival Crom\u00e0pica.<\/p>\n<p class=\"v-p\">Cuenta tambi\u00e9n el artista que mientras trabajaba en la obra, los vecinos le comentaban que \u00abcuando estaba la tienda, la calle ol\u00eda a caf\u00e9 porque all\u00ed hab\u00eda molinillo\u00bb. Miguel quiso atrapar esas vivencias, las emociones y hasta los aromas que aspiraron varias generaciones de vecinos de un pueblo, pero que pueden ser los de otra localidad porque de lo que se trata es de recoger \u00abla memoria cultural\u00bb.<\/p>\n<p><a href=\"http:\/\/www.lasprovincias.es\/valencia\/guino-arte-urbano-desaparecida-libreria-izquierdo-valencia-20250128184357-nt.html#vtm_modulosEngag=mod-rel:comunitat:noticia:1:cmp:1-not\" class=\"v-a-link\" aria-label=\"Imagen\" rel=\"nofollow noopener\" target=\"_blank\"><\/p>\n<p><img decoding=\"async\" loading=\"lazy\" src=\"https:\/\/www.europesays.com\/es\/wp-content\/uploads\/2025\/11\/BENETO-U51143368862rcb-366x256@Las Provincias.jpg\" class=\"v-a-img\" width=\"258\" height=\"180\" alt=\"\" data-voc-vtm-id=\"in-text-traffic\"\/><\/p>\n<p><\/a><\/p>\n<p class=\"v-p\">No es el primer mural ni el \u00fanico con el que este artista urbano ha transmitido su inquietud creativa en torno a la desaparici\u00f3n de oficios porque, como \u00e9l mismo expone, \u00abforman parte de la identidad de un pueblo\u00bb. Miguel Tinoco, de origen extreme\u00f1o, pero afincado en Valencia desde que vino a estudiar Bellas Artes, tambi\u00e9n ha sembrado su obra en su propia tierra donde ha dejado murales que rinden homenaje a oficios como los arrieros, que ya no existen. Tambi\u00e9n a las costureras o a las mujeres que con la m\u00e1quina de coser hicieron maravillas. <\/p>\n<p class=\"v-p\">Dice tambi\u00e9n Miguel Tinoco que tiene entre manos alg\u00fan proyecto de estas caracter\u00edsticas, aunque no quiere desvelar nada m\u00e1s. No abandona esa l\u00ednea creativa \u00aben la que llevo mucho tiempo trabajando\u00bb, pero afirma que \u00abahora estoy repensando mi obra\u00bb. Tambi\u00e9n est\u00e1 interesado en otras cuestiones como artista interdisciplinar que es. <\/p>\n<p class=\"v-p\">Cada proyecto que emprende lo desarrolla en funci\u00f3n de las caracter\u00edsticas propias de la propuesta. Adapta los medios y las t\u00e9cnicas, siempre con la pintura como eje central. Pero hay una constante: \u00abMis intereses giran en torno a la memoria del territorio, la cultura local y los recuerdos de la infancia, temas que trato a trav\u00e9s del imaginario tradicional y de la experiencia personal como punto de partida para reflexionar sobre la identidad\u00bb. En estos momentos expone su obra en el Centro del Carmen dentro de la colectiva &#8216;PAM! PAM!\u00bb con una obra que mira a los pinos porque la naturaleza tambi\u00e9n forma parte de su universo. <\/p>\n<p>Reporta un error<\/p>\n<p class=\"v-crt__t\"> L\u00edmite de sesiones alcanzadas<\/p>\n<p class=\"v-crt__p\">El acceso al contenido Premium est\u00e1 abierto por cortes\u00eda del establecimiento donde te encuentras, pero ahora mismo hay demasiados usuarios conectados a las vez.<\/p>\n<p class=\"v-crt__p\">Por favor, int\u00e9ntalo pasados unos minutos.<\/p>\n<p>\nVolver a intentar\n<\/p>\n<p class=\"v-crt__t\">Sesi\u00f3n cerrada<\/p>\n<p class=\"v-crt__p\">Al iniciar sesi\u00f3n desde un dispositivo distinto, por seguridad, se cerr\u00f3 la \u00faltima sesi\u00f3n en este.<\/p>\n<p class=\"v-crt__p\">Para continuar disfrutando de su suscripci\u00f3n digital, inicie sesi\u00f3n en este dispositivo.<\/p>\n<p>\nEste contenido es exclusivo para suscriptores\n<\/p>\n<p class=\"text\">\u00bfTienes una suscripci\u00f3n? <a href=\"https:\/\/secure.lasprovincias.es\/identidad\/inicio#vca=suscribete&amp;vso=lasprovincias&amp;vmc=on&amp;vli=cdn-ce-link-login\" class=\"login\" data-voc-vtm-id=\"comienzoSuscripcionON\" data-voc-vtm-info=\"cdn-ce-link-login\" rel=\"nofollow noopener\" target=\"_blank\">Inicia sesi\u00f3n<\/a><\/p>\n","protected":false},"excerpt":{"rendered":"Mural de Tinoco en Picassent. Jes\u00fas Signes Los murales de Miguel Tinoco han retratado antiguos ultramarinos, grupos de&hellip;\n","protected":false},"author":2,"featured_media":250211,"comment_status":"","ping_status":"","sticky":false,"template":"","format":"standard","meta":{"footnotes":""},"categories":[173],"tags":[229,233,1830,231,230,4105,8056,232,234,146,147,25,24,911,49656,34548,23],"class_list":{"0":"post-250210","1":"post","2":"type-post","3":"status-publish","4":"format-standard","5":"has-post-thumbnail","7":"category-arte-y-diseno","8":"tag-arte","9":"tag-arte-y-diseno","10":"tag-artista","11":"tag-arts","12":"tag-arts-and-design","13":"tag-comercios","14":"tag-desaparecidos","15":"tag-design","16":"tag-diseno","17":"tag-entertainment","18":"tag-entretenimiento","19":"tag-es","20":"tag-espana","21":"tag-memoria","22":"tag-oficios","23":"tag-pinta","24":"tag-spain"},"share_on_mastodon":{"url":"https:\/\/pubeurope.com\/@es\/115594962479245882","error":""},"_links":{"self":[{"href":"https:\/\/www.europesays.com\/es\/wp-json\/wp\/v2\/posts\/250210","targetHints":{"allow":["GET"]}}],"collection":[{"href":"https:\/\/www.europesays.com\/es\/wp-json\/wp\/v2\/posts"}],"about":[{"href":"https:\/\/www.europesays.com\/es\/wp-json\/wp\/v2\/types\/post"}],"author":[{"embeddable":true,"href":"https:\/\/www.europesays.com\/es\/wp-json\/wp\/v2\/users\/2"}],"replies":[{"embeddable":true,"href":"https:\/\/www.europesays.com\/es\/wp-json\/wp\/v2\/comments?post=250210"}],"version-history":[{"count":0,"href":"https:\/\/www.europesays.com\/es\/wp-json\/wp\/v2\/posts\/250210\/revisions"}],"wp:featuredmedia":[{"embeddable":true,"href":"https:\/\/www.europesays.com\/es\/wp-json\/wp\/v2\/media\/250211"}],"wp:attachment":[{"href":"https:\/\/www.europesays.com\/es\/wp-json\/wp\/v2\/media?parent=250210"}],"wp:term":[{"taxonomy":"category","embeddable":true,"href":"https:\/\/www.europesays.com\/es\/wp-json\/wp\/v2\/categories?post=250210"},{"taxonomy":"post_tag","embeddable":true,"href":"https:\/\/www.europesays.com\/es\/wp-json\/wp\/v2\/tags?post=250210"}],"curies":[{"name":"wp","href":"https:\/\/api.w.org\/{rel}","templated":true}]}}