{"id":250214,"date":"2025-11-22T19:20:12","date_gmt":"2025-11-22T19:20:12","guid":{"rendered":"https:\/\/www.europesays.com\/es\/250214\/"},"modified":"2025-11-22T19:20:12","modified_gmt":"2025-11-22T19:20:12","slug":"victoria-beckham-y-su-hijo-cruz-interpretaron-juntos-un-tema-de-las-spice-girls-y-revolucionaron-las-redes","status":"publish","type":"post","link":"https:\/\/www.europesays.com\/es\/250214\/","title":{"rendered":"Victoria Beckham y su hijo Cruz interpretaron juntos un tema de las Spice Girls y revolucionaron las redes"},"content":{"rendered":"<p class=\"com-paragraph  --capital --s\">Si bien lleva a\u00f1os abocada al mundo de la moda como dise\u00f1adora y empresaria, esta semana<a href=\"https:\/\/www.lanacion.com.ar\/espectaculos\/personajes\/victoria-beckham-se-refirio-a-los-rumores-de-infidelidad-que-rodean-a-su-matrimonio-con-david-nid22102025\/\" target=\"_self\" title=\"https:\/\/www.lanacion.com.ar\/espectaculos\/personajes\/victoria-beckham-se-refirio-a-los-rumores-de-infidelidad-que-rodean-a-su-matrimonio-con-david-nid22102025\/\" class=\"com-link break-word\" data-mrf-recirculation=\"n_link_parrafo\" rel=\"nofollow noopener\"> <strong>Victoria Beckham<\/strong> sorprendi\u00f3 a sus 33.3 millones de seguidores <\/a>con <strong>\u201cuna vuelta a sus inicios\u201d<\/strong>, lejos de las pasarelas y cerca de la m\u00fasica. La invadi\u00f3 un dejo de nostalgia y decidi\u00f3 volver a cantar un tema de las Spice Girls. Pero, no lo hizo sola, ni tampoco acompa\u00f1ada por alguna de sus excompa\u00f1eras de grupo, sino con su hijo <strong>Cruz Beckham<\/strong>,<strong> <\/strong>quien se dedica a la m\u00fasica. La escena de madre e hijo dio mucho de que hablar y caus\u00f3 furor en las redes sociales.<\/p>\n<p class=\"com-paragraph   --s\">Corr\u00eda 1994 cuando <strong>Victoria Beckham, Emma Bunton, Melanie Chisholm, Melanie Brown y <\/strong><a href=\"https:\/\/www.lanacion.com.ar\/espectaculos\/el-enigma-de-geri-halliwell-por-que-la-ex-spice-girl-y-figura-de-drive-to-survive-solo-se-viste-de-nid08032025\/\" target=\"_self\" title=\"https:\/\/www.lanacion.com.ar\/espectaculos\/el-enigma-de-geri-halliwell-por-que-la-ex-spice-girl-y-figura-de-drive-to-survive-solo-se-viste-de-nid08032025\/\" class=\"com-link break-word\" data-mrf-recirculation=\"n_link_parrafo\" rel=\"nofollow noopener\"><strong>Geri Halliwell<\/strong><\/a> se convirtieron en las Spice Girls y alcanzaron la fama mundial con hits como \u201cWannabe\u201d, \u201cSay You\u2019ll be There\u201d y \u201cSpice Up Your Life\u201d. En 2001 se separaron oficialmente, pero en los a\u00f1os siguientes volvieron a reunirse, hicieron giras y en 2012 cantaron en los Juegos Ol\u00edmpicos de Londres. Si bien actualmente cada una est\u00e1 por su lado, enfocadas en sus propias vidas, proyectos y familias, eso no quita que, cada tanto, abran el ba\u00fal de los recuerdos.<\/p>\n<p>Las Spice Girls: Melanie Chisholm, Geri Horner, Melanie Brown, Victoria Beckham y Emma BuntonArchivo<\/p>\n<p class=\"com-paragraph   --s\">Quien lo hizo recientemente fue Victoria Beckham. Se reuni\u00f3 con Cruz, su hijo de 20 a\u00f1os fruto de su relaci\u00f3n con David Beckham, con quien <a href=\"https:\/\/www.lanacion.com.ar\/espectaculos\/brooklyn-beckham-y-nicola-peltz-renovaron-sus-votos-pero-la-ausencia-de-david-y-victoria-confirmo-la-nid13082025\/\" target=\"_self\" title=\"https:\/\/www.lanacion.com.ar\/espectaculos\/brooklyn-beckham-y-nicola-peltz-renovaron-sus-votos-pero-la-ausencia-de-david-y-victoria-confirmo-la-nid13082025\/\" class=\"com-link break-word\" data-mrf-recirculation=\"n_link_parrafo\" rel=\"nofollow noopener\">tambi\u00e9n tiene a Brooklyn<\/a> (26), Romeo (23) y Harper (14) para interpretar juntos la canci\u00f3n de las Spice Girls, \u201cViva Forever\u201d. La escena fue completamente casual y descontracturada, y encant\u00f3 a todos.<\/p>\n<p>Victoria Beckham y su hijo Cruz interpretaron juntos \u00abViva Forever\u00bb de las Spice Girls (Foto: Captura de video \/ Instagram @victoriabeckham)<\/p>\n<p class=\"com-paragraph   --s\">El escenario elegido fue el living de su casa. Victoria se sent\u00f3 en uno de los sillones, vestida con un c\u00f3modo look de campera y pantal\u00f3n gris de algod\u00f3n, el cabello suelto, la cara desprovista de maquillaje y una manta sobre las piernas. Cruz se acomod\u00f3 en otro de los sillones, tambi\u00e9n con una vestimenta relajada de remera blanca estampada y un jogging de algod\u00f3n, agarr\u00f3 la guitarra, dej\u00f3 cerca el celular para reproducir la canci\u00f3n y acompa\u00f1\u00f3 a su madre. <strong>Cantaron juntos y compartieron un \u00edntimo y especial momento<\/strong>. La empresaria qued\u00f3 tan encantada con la performance de Cruz que no dud\u00f3 en filmarlo con su tel\u00e9fono.<\/p>\n<p>Los usuarios quedaron encantados con el video (Foto: Instagram @victoriabeckham)<\/p>\n<p class=\"com-paragraph   --s\">El clip caus\u00f3 furor en las redes sociales y tuvo 13.5 millones de reproducciones. \u201cWow, este video es tan hermoso\u201d; \u201cLindo porque pod\u00e9s recrear esto con tu hijo\u201d; <strong>\u201cEsto me lleva de vuelta a mi adolescencia\u201d<\/strong>, \u201c\u00a1Todos los ni\u00f1os de los 90 ahora mismo recordando a la mejor banda de chicas de todos los tiempos! Traigan de vuelta a las Spice Girls\u201d, comentaron algunos usuarios. Incluso <a href=\"https:\/\/www.lanacion.com.ar\/espectaculos\/antonela-roccuzzo-saludo-a-su-amiga-victoria-beckham-por-su-cumpleanos-y-le-dedico-una-foto-especial-nid17042024\/\" target=\"_self\" title=\"https:\/\/www.lanacion.com.ar\/espectaculos\/antonela-roccuzzo-saludo-a-su-amiga-victoria-beckham-por-su-cumpleanos-y-le-dedico-una-foto-especial-nid17042024\/\" class=\"com-link break-word\" data-mrf-recirculation=\"n_link_parrafo\" rel=\"nofollow noopener\"><strong>Antonela Roccuzzo <\/strong>le dio su apoyo a su amiga <\/a>y coment\u00f3 la publicaci\u00f3n con dos emojis de corazones.<\/p>\n<p class=\"com-paragraph   --s\">Esta no es la primera vez que Victoria Beckham sorprende a sus fan\u00e1ticos con un destello de su \u00e9poca como artista pop. El 17 de abril de 2024, durante su mega fiesta por sus 50 a\u00f1os, se reencontr\u00f3 con <strong>Bunton, Chisholm, Brown y Horner<\/strong> y durante un momento de la noche &#8211; que seg\u00fan la homenajeada fue la mejor de su vida &#8211; <a href=\"https:\/\/www.lanacion.com.ar\/espectaculos\/victoria-beckham-cumplio-50-anos-festejo-con-amigos-y-hubo-baile-con-las-spice-girls-nid22042024\/\" target=\"_self\" title=\"https:\/\/www.lanacion.com.ar\/espectaculos\/victoria-beckham-cumplio-50-anos-festejo-con-amigos-y-hubo-baile-con-las-spice-girls-nid22042024\/\" class=\"com-link break-word\" data-mrf-recirculation=\"n_link_parrafo\" rel=\"nofollow noopener\">bailaron y cantaron juntas su \u00e9xito \u201cStop\u201d<\/a>. El video de la escena que film\u00f3 David Beckham no tard\u00f3 en volverse viral y m\u00e1s de un fan fantase\u00f3 con la idea de alguna vez volver a verlas juntas en alg\u00fan escenario.<\/p>\n","protected":false},"excerpt":{"rendered":"Si bien lleva a\u00f1os abocada al mundo de la moda como dise\u00f1adora y empresaria, esta semana Victoria Beckham&hellip;\n","protected":false},"author":2,"featured_media":250215,"comment_status":"","ping_status":"","sticky":false,"template":"","format":"standard","meta":{"footnotes":""},"categories":[170],"tags":[146,147,25,24,184,185,23],"class_list":{"0":"post-250214","1":"post","2":"type-post","3":"status-publish","4":"format-standard","5":"has-post-thumbnail","7":"category-musica","8":"tag-entertainment","9":"tag-entretenimiento","10":"tag-es","11":"tag-espana","12":"tag-music","13":"tag-musica","14":"tag-spain"},"share_on_mastodon":{"url":"https:\/\/pubeurope.com\/@es\/115594974111181767","error":""},"_links":{"self":[{"href":"https:\/\/www.europesays.com\/es\/wp-json\/wp\/v2\/posts\/250214","targetHints":{"allow":["GET"]}}],"collection":[{"href":"https:\/\/www.europesays.com\/es\/wp-json\/wp\/v2\/posts"}],"about":[{"href":"https:\/\/www.europesays.com\/es\/wp-json\/wp\/v2\/types\/post"}],"author":[{"embeddable":true,"href":"https:\/\/www.europesays.com\/es\/wp-json\/wp\/v2\/users\/2"}],"replies":[{"embeddable":true,"href":"https:\/\/www.europesays.com\/es\/wp-json\/wp\/v2\/comments?post=250214"}],"version-history":[{"count":0,"href":"https:\/\/www.europesays.com\/es\/wp-json\/wp\/v2\/posts\/250214\/revisions"}],"wp:featuredmedia":[{"embeddable":true,"href":"https:\/\/www.europesays.com\/es\/wp-json\/wp\/v2\/media\/250215"}],"wp:attachment":[{"href":"https:\/\/www.europesays.com\/es\/wp-json\/wp\/v2\/media?parent=250214"}],"wp:term":[{"taxonomy":"category","embeddable":true,"href":"https:\/\/www.europesays.com\/es\/wp-json\/wp\/v2\/categories?post=250214"},{"taxonomy":"post_tag","embeddable":true,"href":"https:\/\/www.europesays.com\/es\/wp-json\/wp\/v2\/tags?post=250214"}],"curies":[{"name":"wp","href":"https:\/\/api.w.org\/{rel}","templated":true}]}}