{"id":250216,"date":"2025-11-22T19:21:30","date_gmt":"2025-11-22T19:21:30","guid":{"rendered":"https:\/\/www.europesays.com\/es\/250216\/"},"modified":"2025-11-22T19:21:30","modified_gmt":"2025-11-22T19:21:30","slug":"que-personajes-de-moana-2-tienen-una-conexion-con-intensamente-2","status":"publish","type":"post","link":"https:\/\/www.europesays.com\/es\/250216\/","title":{"rendered":"\u00bfQu\u00e9 personajes de Moana 2 tienen una conexi\u00f3n con Intensamente 2?"},"content":{"rendered":"<p>&#13;<br \/>\n                    &#13;<br \/>\n                        &#13;<\/p>\n<p>Los personajes de Moana 2 y los de Intensamente 2 tienen algunas conexiones y temas en com\u00fan que los fan\u00e1ticos no pueden dejar pasar.<\/p>\n<p>&#13;<\/p>\n<p>    &#13;<br \/>\n        &#13;<br \/>\n        &#13;<\/p>\n<p>    Tr\u00e1iler de Moana 2<\/p>\n<p>    <img class=\"videoPlayerImg\" width=\"416\" height=\"234\"  loading=\"lazy\" fetchpriority=\"low\" alt=\"Tr\u00e1iler de Moana 2\" title=\"Tr\u00e1iler de Moana 2\"\/><br \/>\n<a href=\"https:\/\/profile.google.com\/cp\/CgsvZy8xMjBtYzBrcg\" target=\"_blank\" id=\"followGoogleBtn\" rel=\"nofollow noopener\"> <strong>+<\/strong> Seguinos en              <\/a><\/p>\n<p><b>La conexi\u00f3n entre Moana 2 e Intensamente 2 se basa en los temas de crecimiento personal y autodescubrimiento que ambos presentan<\/b> a trav\u00e9s de sus personajes. Aunque las historias parecen totalmente distintas, los protagonistas comparten motivaciones y emociones profundas que reflejan etapas clave en la vida de cualquier persona. Conoc\u00e9 los detalles.    <\/p>\n<p>\nQu\u00e9 personajes de Moana 2 tienen una conexi\u00f3n con Intensamente 2<\/p>\n<p>En Moana 2, vemos c\u00f3mo los personajes enfrentan sus propios miedos y desaf\u00edos para encontrar su lugar en el mundo, <b>algo que conecta especialmente con los personajes de Intensamente 2<\/b>, donde las emociones evolucionan para reflejar el crecimiento personal. Ac\u00e1 te contamos qu\u00e9 personajes tienen m\u00e1s en com\u00fan:<\/p>\n<ul>\n<li><b>Moana y Alegr\u00eda<\/b>: Moana, al igual que Alegr\u00eda, es una fuerza de optimismo y determinaci\u00f3n. Ambas se esfuerzan en llevar a cabo sus misiones mientras mantienen una actitud positiva frente a los obst\u00e1culos, lo que las convierte en gu\u00edas para sus equipos.<\/li>\n<li><b>Maui y Desagrado<\/b>: La actitud un tanto c\u00ednica de Maui puede recordarnos a Desagrado, ya que ambos tienen sus reservas y expresan frustraci\u00f3n, aunque tambi\u00e9n poseen un lado vulnerable que los hace m\u00e1s cercanos.<\/li>\n<li><b>La Abuela Tala y Tristeza<\/b>: La sabidur\u00eda y sensibilidad de Tala la alinean con Tristeza, ya que ambas ofrecen una mirada reflexiva y profunda sobre la vida y la importancia de conectar con los propios sentimientos.<\/li>\n<li><b>Tamatoa y Miedo<\/b>: Tamatoa, el cangrejo gigante, podr\u00eda parecer muy distinto a Miedo, pero comparten una tendencia a actuar en funci\u00f3n de sus inseguridades y a reaccionar de manera exagerada en situaciones de tensi\u00f3n.<\/li>\n<\/ul>\n<p><img decoding=\"async\" class=\"mainImg\" fetchpriority=\"low\" loading=\"lazy\" src=\"https:\/\/www.europesays.com\/es\/wp-content\/uploads\/2025\/11\/moana-2_w862.webp.webp\" alt=\"Moana 2\" title=\"Moana 2\"\/><br \/>\n       &#13;<br \/>\n&#13;<br \/>\n        Te puede interesar<a href=\"https:\/\/www.tycsports.com\/gaming\/playstation-plus-tiene-un-gran-descuento-por-black-friday-id700026.html\" onclick=\"ga4SelectContentEvent(&quot;PlayStation Plus tiene un gran descuento por Black Friday&quot;,&quot;Gaming&quot;,&quot;page_nota-comun-2024-blo_4109&quot;,&quot;Mariano Viegas&quot;);\" class=\"cardImageHolder\" rel=\"nofollow noopener\" target=\"_blank\"><img decoding=\"async\" class=\"cardImage r16x9\" width=\"416\" height=\"234\" fetchpriority=\"low\" loading=\"lazy\" src=\"https:\/\/www.europesays.com\/es\/wp-content\/uploads\/2025\/11\/playstation-plus-_416x234.webp.webp\"  alt=\"PlayStation Plus tiene un gran descuento por Black Friday\" title=\"PlayStation Plus tiene un gran descuento por Black Friday\"\/><\/a><a href=\"https:\/\/www.tycsports.com\/gaming\/ea-sports-fc-26-esta-a-mitad-de-precio-por-black-friday-id700022.html\" onclick=\"ga4SelectContentEvent(&quot;EA SPORTS FC 26 est\\u00e1 a mitad de precio por Black Friday&quot;,&quot;Gaming&quot;,&quot;page_nota-comun-2024-blo_4109&quot;,&quot;Mariano Viegas&quot;);\" class=\"cardImageHolder\" rel=\"nofollow noopener\" target=\"_blank\"><img decoding=\"async\" class=\"cardImage r16x9\" width=\"416\" height=\"234\" fetchpriority=\"low\" loading=\"lazy\" src=\"https:\/\/www.europesays.com\/es\/wp-content\/uploads\/2025\/11\/ea-sports-fc-26_416x234.webp.webp\"  alt=\"EA SPORTS FC 26 est\u00e1 a mitad de precio por Black Friday\" title=\"EA SPORTS FC 26 est\u00e1 a mitad de precio por Black Friday\"\/><\/a><a href=\"https:\/\/www.tycsports.com\/gaming\/los-dos-juegos-que-estan-gratis-en-epic-games-store-por-tiempo-limitado-id699898.html\" onclick=\"ga4SelectContentEvent(&quot;Los dos juegos que est\\u00e1n GRATIS en Epic Games Store por tiempo limitado&quot;,&quot;Gaming&quot;,&quot;page_nota-comun-2024-blo_4109&quot;,&quot;Mariano Viegas&quot;);\" class=\"cardImageHolder\" rel=\"nofollow noopener\" target=\"_blank\"><img decoding=\"async\" class=\"cardImage r16x9\" width=\"416\" height=\"234\" fetchpriority=\"low\" loading=\"lazy\" src=\"https:\/\/www.europesays.com\/es\/wp-content\/uploads\/2025\/11\/los-dos-juegos-que-epic-games-store-regala-durante-una-semana_416x234.webp.webp\"  alt=\"Los dos juegos que est\u00e1n GRATIS en Epic Games Store por tiempo limitado\" title=\"Los dos juegos que est\u00e1n GRATIS en Epic Games Store por tiempo limitado\"\/><\/a><a href=\"https:\/\/www.tycsports.com\/gaming\/fue-campeon-con-boca-llego-a-la-final-de-la-libertadores-y-ahora-esta-en-los-cuartos-de-la-copa-potrero-id699894.html\" onclick=\"ga4SelectContentEvent(&quot;Fue campe\\u00f3n con Boca, lleg\\u00f3 a la final de la Libertadores y ahora est\\u00e1 en los cuartos de la Copa Potrero&quot;,&quot;Gaming&quot;,&quot;page_nota-comun-2024-blo_4109&quot;,&quot;Mariano Viegas&quot;);\" class=\"cardImageHolder\" rel=\"nofollow noopener\" target=\"_blank\">&#13;<br \/>\n                    &#13;<br \/>\n                    &#13;<br \/>\n                <img decoding=\"async\" class=\"cardImage r16x9\" width=\"416\" height=\"234\" fetchpriority=\"low\" loading=\"lazy\" src=\"https:\/\/www.europesays.com\/es\/wp-content\/uploads\/2025\/11\/fue-campeon-con-boca-llego-a-la-final-de-la-libertadores-y-ahora-esta-en-los-cuartos-de-la-copa-potr.webp\"  alt=\"Fue campe\u00f3n con Boca, lleg\u00f3 a la final de la Libertadores y ahora est\u00e1 en los cuartos de la Copa Potrero\" title=\"Fue campe\u00f3n con Boca, lleg\u00f3 a la final de la Libertadores y ahora est\u00e1 en los cuartos de la Copa Potrero\"\/><\/a><a href=\"https:\/\/www.tycsports.com\/gaming\/epic-games-store-juego-gratis-fallout-3-id699534.html\" onclick=\"ga4SelectContentEvent(&quot;Epic Games REGALA este Juego del A\\u00f1o por tiempo limitado&quot;,&quot;Gaming&quot;,&quot;page_nota-comun-2024-blo_4109&quot;,&quot;Thomas Martinez&quot;);\" class=\"cardImageHolder\" rel=\"nofollow noopener\" target=\"_blank\">&#13;<br \/>\n                    &#13;<br \/>\n                    &#13;<br \/>\n                <img decoding=\"async\" class=\"cardImage r16x9\" width=\"416\" height=\"234\" fetchpriority=\"low\" loading=\"lazy\" src=\"https:\/\/www.europesays.com\/es\/wp-content\/uploads\/2025\/11\/epic-games_416x234.webp\"  alt=\"Epic Games REGALA este Juego del A\u00f1o por tiempo limitado\" title=\"Epic Games REGALA este Juego del A\u00f1o por tiempo limitado\"\/><\/a><a href=\"https:\/\/www.tycsports.com\/gaming\/ps-plus-juegos-gratis-diciembre-playstation-id699536.html\" onclick=\"ga4SelectContentEvent(&quot;\\u00daLTIMOS d\\u00edas para descargar estos tres juegazos gratis de PS Plus&quot;,&quot;Gaming&quot;,&quot;page_nota-comun-2024-blo_4109&quot;,&quot;Thomas Martinez&quot;);\" class=\"cardImageHolder\" rel=\"nofollow noopener\" target=\"_blank\">&#13;<br \/>\n                    &#13;<br \/>\n                    &#13;<br \/>\n                <img decoding=\"async\" class=\"cardImage r16x9\" width=\"416\" height=\"234\" fetchpriority=\"low\" loading=\"lazy\" src=\"https:\/\/www.europesays.com\/es\/wp-content\/uploads\/2025\/11\/ps-plus-juegos-gratis-de-diciembre_416x234.webp\"  alt=\"\u00daLTIMOS d\u00edas para descargar estos tres juegazos gratis de PS Plus\" title=\"\u00daLTIMOS d\u00edas para descargar estos tres juegazos gratis de PS Plus\"\/><\/a>&#13;<br \/>\n&#13;<\/p>\n<p>                &#13;<\/p>\n<p>    &#13;<\/p>\n<p>                &#13;<br \/>\n                    &#13;<br \/>\n                    &#13;<br \/>\n                    &#13;<br \/>\n                    &#13;<br \/>\n                    &#13;<br \/>\n                    &#13;<br \/>\n                    &#13;<br \/>\n                    &#13;<br \/>\n                    &#13;<\/p>\n<p>\u00a9 de Tele Red Imagen S.A. 2024<\/p>\n<p>        &#13;<br \/>\n        &#13;<\/p>\n<p>Cargando&#8230;<\/p>\n<p>&#13;<br \/>\n        &#13;<\/p>\n","protected":false},"excerpt":{"rendered":"&#13; &#13; &#13; Los personajes de Moana 2 y los de Intensamente 2 tienen algunas conexiones y temas&hellip;\n","protected":false},"author":2,"featured_media":250217,"comment_status":"","ping_status":"","sticky":false,"template":"","format":"standard","meta":{"footnotes":""},"categories":[169],"tags":[177,146,147,25,24,176,1099,175,23],"class_list":{"0":"post-250216","1":"post","2":"type-post","3":"status-publish","4":"format-standard","5":"has-post-thumbnail","7":"category-cine","8":"tag-cine","9":"tag-entertainment","10":"tag-entretenimiento","11":"tag-es","12":"tag-espana","13":"tag-film","14":"tag-gaming","15":"tag-movies","16":"tag-spain"},"share_on_mastodon":{"url":"https:\/\/pubeurope.com\/@es\/115594978329590066","error":""},"_links":{"self":[{"href":"https:\/\/www.europesays.com\/es\/wp-json\/wp\/v2\/posts\/250216","targetHints":{"allow":["GET"]}}],"collection":[{"href":"https:\/\/www.europesays.com\/es\/wp-json\/wp\/v2\/posts"}],"about":[{"href":"https:\/\/www.europesays.com\/es\/wp-json\/wp\/v2\/types\/post"}],"author":[{"embeddable":true,"href":"https:\/\/www.europesays.com\/es\/wp-json\/wp\/v2\/users\/2"}],"replies":[{"embeddable":true,"href":"https:\/\/www.europesays.com\/es\/wp-json\/wp\/v2\/comments?post=250216"}],"version-history":[{"count":0,"href":"https:\/\/www.europesays.com\/es\/wp-json\/wp\/v2\/posts\/250216\/revisions"}],"wp:featuredmedia":[{"embeddable":true,"href":"https:\/\/www.europesays.com\/es\/wp-json\/wp\/v2\/media\/250217"}],"wp:attachment":[{"href":"https:\/\/www.europesays.com\/es\/wp-json\/wp\/v2\/media?parent=250216"}],"wp:term":[{"taxonomy":"category","embeddable":true,"href":"https:\/\/www.europesays.com\/es\/wp-json\/wp\/v2\/categories?post=250216"},{"taxonomy":"post_tag","embeddable":true,"href":"https:\/\/www.europesays.com\/es\/wp-json\/wp\/v2\/tags?post=250216"}],"curies":[{"name":"wp","href":"https:\/\/api.w.org\/{rel}","templated":true}]}}