{"id":250228,"date":"2025-11-22T19:27:09","date_gmt":"2025-11-22T19:27:09","guid":{"rendered":"https:\/\/www.europesays.com\/es\/250228\/"},"modified":"2025-11-22T19:27:09","modified_gmt":"2025-11-22T19:27:09","slug":"la-cop30-aprueba-un-documento-sin-referencia-a-los-combustibles-fosiles","status":"publish","type":"post","link":"https:\/\/www.europesays.com\/es\/250228\/","title":{"rendered":"La COP30 aprueba un documento sin referencia a los combustibles f\u00f3siles"},"content":{"rendered":"<p>Los pa\u00edses reunidos en la cumbre clim\u00e1tica de la ONU (<strong>COP30<\/strong>) en la ciudad brasile\u00f1a de Bel\u00e9m han aprobado este s\u00e1bado por consenso un documento final que no contiene referencia expl\u00edcita a los combustibles f\u00f3siles, mientras llama a aumentar la ambici\u00f3n de las acciones para <strong>enfrentar el calentamiento global<\/strong>.<\/p>\n<p>El presidente de la COP30, el brasile\u00f1o Andr\u00e9 Corr\u00eaa do Lago, ha reconocido durante su intervenci\u00f3n en la sesi\u00f3n plenaria de clausura que <strong>algunos pa\u00edses \u00abten\u00edan mayores ambiciones\u00bb<\/strong> y se ha comprometido a abordar sus preocupaciones a lo largo del pr\u00f3ximo a\u00f1o.<\/p>\n<p>El texto principal de la cumbre, presentado por la presidencia brasile\u00f1a, <strong>no menciona la necesidad de dejar atr\u00e1s los hidrocarburos<\/strong>, pese a la insistencia de la Uni\u00f3n Europea (UE) y de pa\u00edses como Colombia para que se incluyera.<\/p>\n<p>Tras intensas negociaciones que se extendieron durante la madrugada, la referencia expl\u00edcita se qued\u00f3 fuera del texto ante la <strong>negativa rotunda de los pa\u00edses \u00e1rabes a hablar del tema<\/strong>, aunque s\u00ed se \u00abreconocen\u00bb, de forma general, las decisiones tomadas en otras COP. En una de ellas, la COP28 de Dub\u00e1i en 2023, se estableci\u00f3 por primera vez la <a href=\"https:\/\/www.rtve.es\/noticias\/20231213\/acuerdo-cumbre-dubai-dejar-atras-combustibles-fosiles\/2466747.shtml\" target=\"_blank\" rel=\"nofollow noopener\">necesidad de una \u00abtransici\u00f3n\u00bb para dejar atr\u00e1s los combustibles f\u00f3siles<\/a>.<\/p>\n<p>Para compensar la ausencia de referencias, Corr\u00eaa do Lago ha anunciado que, bajo su presidencia, crear\u00e1 una \u00abhoja de ruta\u00bb para esta transici\u00f3n y otra para <strong>revertir la deforestaci\u00f3n<\/strong>.<\/p>\n<p>\u201cSabemos que muchos de ustedes tienen grandes ambiciones sobre los temas que tenemos sobre la mesa, sabemos que la <strong>juventud y la sociedad civil nos demandar\u00e1n que hagamos m\u00e1s<\/strong> para combatir el cambio clim\u00e1tico. Quiero reafirmar que intentar\u00e9 no decepcionarlos durante mi presidencia\u201d, ha dicho antes del anuncio.<\/p>\n<p>Durante el a\u00f1o que dura la presidencia brasile\u00f1a de la COP estas dos cuestiones estar\u00e1n a la cabeza de la agenda. As\u00ed, se organizar\u00e1n reuniones de alto nivel en las que el planteamiento tendr\u00e1 un marcado componente cient\u00edfico, en las que adem\u00e1s participar\u00e1n los gobiernos, la industria y la sociedad civil. Una vez realizadas, el resultado se volcar\u00e1 de nuevo en la COP, ha destacado Corr\u00eaa do Lago. La <strong>primera conferencia de alto nivel se celebrar\u00e1 en abril en Colombia<\/strong> y se centrar\u00e1 en la reducci\u00f3n del uso de combustibles f\u00f3siles, ha explicado.<\/p>\n<p>Compromiso con la meta de limitar a 1,5 \u00b0C el aumento de las temperaturas<\/p>\n<p>En el cap\u00edtulo de financiaci\u00f3n, el texto final mantiene el <a href=\"https:\/\/www.rtve.es\/noticias\/20241123\/cop29-paises-ricos-300000-millones-vulnerables-clima\/16343886.shtml\" target=\"_blank\" rel=\"nofollow noopener\">acuerdo alcanzado en la COP29 de Bak\u00fa<\/a>, en el que se \u00aburge\u00bb a los pa\u00edses ricos a mantenerse \u00aben el rumbo\u00bb hacia el objetivo de aportar <strong>300.000 millones de d\u00f3lares anuales<\/strong> a los emergentes y se menciona el objetivo de \u00abtriplicar\u00bb los recursos para acciones de adaptaci\u00f3n.<\/p>\n<p>Por otra parte, el texto reconoce que el cambio clim\u00e1tico \u00abes una preocupaci\u00f3n com\u00fan de la humanidad\u00bb y reafirma el compromiso de los pa\u00edses con el <a href=\"https:\/\/www.rtve.es\/noticias\/20151213\/planeta-tierra-vuelve-a-sonreir-tras-acuerdo-paris\/1272721.shtml\" target=\"_blank\" rel=\"nofollow noopener\">Acuerdo de Par\u00eds<\/a> y con la meta de limitar a 1,5 \u00b0C el aumento de las temperaturas.<\/p>\n<p>El pleno de la COP30 tambi\u00e9n ha aprobado un documento con una lista definitiva de \u00abindicadores\u00bb para medir los avances en las <strong>acciones de adaptaci\u00f3n ante el cambio clim\u00e1tico<\/strong>.<\/p>\n<p>En otro de los textos votados, se establece un \u00abmecanismo\u00bb para <strong>llevar a cabo una \u00abtransici\u00f3n justa\u00bb<\/strong> que tenga en cuenta las necesidades de los trabajadores afectados por los cambios en el modelo energ\u00e9tico.<\/p>\n<p>Varios pa\u00edses objetan la toma de decisiones<\/p>\n<p>Varios pa\u00edses latinoamericanos, entre ellos <strong>Argentina, Colombia, Ecuador, Panam\u00e1, Uruguay y Paraguay<\/strong>, han objetado la toma de decisiones en el plenario y el presidente de la COP30 ha suspendido la sesi\u00f3n para consultar a las partes. \u00abLo siento. No he visto las banderas\u00bb, ha dicho Corr\u00eaa do Lago, que ha abierto una ronda de consultas a puerta cerrada.<\/p>\n<p>Los delegados se han quejado principalmente por el hecho de que la <strong>presidencia brasile\u00f1a no les ha cedido la palabra<\/strong> antes de decretar la aprobaci\u00f3n de los acuerdos alcanzados en la cumbre.<\/p>\n<p>La delegaci\u00f3n colombiana ha expresado su malestar por la ausencia de partes que hab\u00edan sido acordadas por consenso. \u00ab<strong>Colombia no aceptar\u00e1 un texto que niega la ciencia<\/strong>, impide el cumplimiento del objetivo del 1,5 \u00baC, y le da la espalda a los pueblos y a la vida\u00bb, ha dicho la ministra de Ambiente y Desarrollo Sostenible de Colombia, Irene V\u00e9lez-Torres.<\/p>\n<p>La jefa de delegaci\u00f3n de <strong>Panam\u00e1<\/strong>, Ana Aguilar, ha dicho estar \u00abextremadamente decepcionada\u00bb porque Corr\u00eaa do Lago prometi\u00f3 un \u00abproceso transparente\u00bb y considera que no se cumpli\u00f3. En concreto, se ha quejado porque los nuevos indicadores de adaptaci\u00f3n contra el cambio clim\u00e1tico se han presentado \u00abtarde\u00bb y no ha dado tiempo de estudiarlos.<\/p>\n<p>Sobre el mismo punto, los <strong>pa\u00edses del Cono Sur<\/strong>, representados por la delegada de Uruguay, han protestado porque la v\u00edspera se presentaron 59 indicadores nuevos, con poco tiempo para su an\u00e1lisis, y porque seg\u00fan su visi\u00f3n los <strong>indicadores no se apoyan en la ciencia<\/strong>. \u00abLa ciencia es la base en la que en Uruguay, Argentina y Paraguay decidimos las inversiones, el uso del agua, la energ\u00eda, y garantizamos nuestra estabilidad\u00bb, ha afirmado.<\/p>\n","protected":false},"excerpt":{"rendered":"Los pa\u00edses reunidos en la cumbre clim\u00e1tica de la ONU (COP30) en la ciudad brasile\u00f1a de Bel\u00e9m han&hellip;\n","protected":false},"author":2,"featured_media":250229,"comment_status":"","ping_status":"","sticky":false,"template":"","format":"standard","meta":{"footnotes":""},"categories":[42],"tags":[17,18,13,14,11,61,62,63,64,19,20,9,10,15,16,12,21,22,65,66,67],"class_list":{"0":"post-250228","1":"post","2":"type-post","3":"status-publish","4":"format-standard","5":"has-post-thumbnail","7":"category-internacional","8":"tag-breaking-news","9":"tag-breakingnews","10":"tag-featured-news","11":"tag-featurednews","12":"tag-headlines","13":"tag-internacional","14":"tag-international","15":"tag-international-news","16":"tag-internationalnews","17":"tag-latest-news","18":"tag-latestnews","19":"tag-news","20":"tag-noticias","21":"tag-noticias-destacadas","22":"tag-noticiasdestacadas","23":"tag-titulares","24":"tag-ultimas-noticias","25":"tag-ultimasnoticias","26":"tag-world","27":"tag-world-news","28":"tag-worldnews"},"share_on_mastodon":{"url":"","error":""},"_links":{"self":[{"href":"https:\/\/www.europesays.com\/es\/wp-json\/wp\/v2\/posts\/250228","targetHints":{"allow":["GET"]}}],"collection":[{"href":"https:\/\/www.europesays.com\/es\/wp-json\/wp\/v2\/posts"}],"about":[{"href":"https:\/\/www.europesays.com\/es\/wp-json\/wp\/v2\/types\/post"}],"author":[{"embeddable":true,"href":"https:\/\/www.europesays.com\/es\/wp-json\/wp\/v2\/users\/2"}],"replies":[{"embeddable":true,"href":"https:\/\/www.europesays.com\/es\/wp-json\/wp\/v2\/comments?post=250228"}],"version-history":[{"count":0,"href":"https:\/\/www.europesays.com\/es\/wp-json\/wp\/v2\/posts\/250228\/revisions"}],"wp:featuredmedia":[{"embeddable":true,"href":"https:\/\/www.europesays.com\/es\/wp-json\/wp\/v2\/media\/250229"}],"wp:attachment":[{"href":"https:\/\/www.europesays.com\/es\/wp-json\/wp\/v2\/media?parent=250228"}],"wp:term":[{"taxonomy":"category","embeddable":true,"href":"https:\/\/www.europesays.com\/es\/wp-json\/wp\/v2\/categories?post=250228"},{"taxonomy":"post_tag","embeddable":true,"href":"https:\/\/www.europesays.com\/es\/wp-json\/wp\/v2\/tags?post=250228"}],"curies":[{"name":"wp","href":"https:\/\/api.w.org\/{rel}","templated":true}]}}