{"id":250230,"date":"2025-11-22T19:28:15","date_gmt":"2025-11-22T19:28:15","guid":{"rendered":"https:\/\/www.europesays.com\/es\/250230\/"},"modified":"2025-11-22T19:28:15","modified_gmt":"2025-11-22T19:28:15","slug":"sin-datos-de-cribados-del-cancer-y-con-el-hacha-de-guerra-politica-en-alto-en-andalucia","status":"publish","type":"post","link":"https:\/\/www.europesays.com\/es\/250230\/","title":{"rendered":"sin datos de cribados del c\u00e1ncer y con el hacha de guerra pol\u00edtica en alto en Andaluc\u00eda"},"content":{"rendered":"<p style=\"\">Las \u00abm\u00e1s de cuatro mil v\u00edctimas\u00bb de los errores en el cribado del c\u00e1ncer de mama de las que la <strong>Asociaci\u00f3n de Mujeres con C\u00e1ncer de Mama (Amama)<\/strong> lleva hablando un mes y medio son en realidad las llamadas que la entidad ha recibido  &#8230; de personas inquietas por su estado de salud tras el estallido de la pol\u00e9mica, a comienzos de este pasado octubre. <\/p>\n<p class=\"voc-p\" style=\"\">La presidenta de la asociaci\u00f3n que ha encabezado la cr\u00edtica a la Junta de <strong>Andaluc\u00eda<\/strong> por su gesti\u00f3n del programa de detecci\u00f3n precoz del mal oncol\u00f3gico femenino en el pecho, \u00c1ngela Claverol, reconoci\u00f3 ayer en una rueda de prensa en su sede que desconoce cu\u00e1ntas personas hay afectadas por las disfunciones en los tratamientos preventivos y, entre titubeos y un mar de dudas, dijo que las 4.000 en las que hab\u00eda insistido hasta ahora corresponden en realidad al n\u00famero de llamadas o de correos electr\u00f3nicos que la asociaci\u00f3n ha recibido de <strong>ciudadanas<\/strong> -enfermas de c\u00e1ncer o no- preocupadas por la marcha del plan de cribados o por su salud.<\/p>\n<p class=\"voc-title\">\u00abA lo mejor podr\u00edamos haberlo hecho todo de otra manera\u00bb<\/p>\n<p class=\"voc-article-position__name\">\u00c1ngela Claverol<\/p>\n<p class=\"voc-article-position__employ\">Presidenta de Amama<\/p>\n<p class=\"voc-p\" style=\"\">\u00abNosotras no somos estad\u00edsticas. No hemos hecho la estad\u00edstica. En lo que nos hemos volcado ha sido en informar a las mujeres. A lo mejor podr\u00edamos haberlo hecho todo de otra manera\u00bb, recul\u00f3 <a href=\"https:\/\/www.abc.es\/espana\/andalucia\/amama-encarga-hija-presidenta-cursos-subvencionados-psoe-20251029141945-nts.html\" target=\"_self\" data-voc-vtm-id=\"in-text-traffic\" title=\"Claverol\" data-mrf-link=\"www.abc.es\" rel=\"nofollow noopener\">Claverol<\/a> en una comparecencia ante los periodistas convocada de urgencia, esa misma ma\u00f1ana, y que se celebr\u00f3 a mediod\u00eda. <\/p>\n<p class=\"voc-p\" style=\"\">Para entonces, ya circulaba en las redacciones de los medios de comunicaci\u00f3n la respuesta que Amama ha dado al requerimiento formal que la <strong>Junta de Andaluc\u00eda<\/strong> le hizo el 13 de diciembre para que, bajo imperativo legal, le comunicara los casos de errores en los diagn\u00f3sticos de los que no ha parado de hacer referencia.<\/p>\n<p class=\"voc-p\" style=\"\">En la r\u00e9plica al requerimiento, fechada este jueves 20 de noviembre y a la que ha tenido acceso <strong>&#8216;ABC de Sevilla&#8217;,<\/strong> Amama explica que no se encuentra en condiciones de trasladar a la Administraci\u00f3n auton\u00f3mica la informaci\u00f3n que le demanda porque \u00abno puede transgredir la protecci\u00f3n de datos\u00bb, y porque adem\u00e1s \u00abla constataci\u00f3n de los fallos del cribado, y la identificaci\u00f3n de su origen, corresponden \u00fanica y exclusivamente al SAS\u00bb.<\/p>\n<p>\n\u00abConsentimiento expreso\u00bb\n<\/p>\n<p class=\"voc-p\" style=\"\">\u00abAmama no puede, por carecer de habilitaci\u00f3n legal, trasladar esos datos\u00bb, insiste, para a\u00f1adir que para hacerlo necesitar\u00eda \u00abun consentimiento expreso, escrito e informado de sus socias, porque cualquier actuaci\u00f3n en ese sentido supondr\u00eda una vulneraci\u00f3n grave del r\u00e9gimen de protecci\u00f3n de datos que la ley proh\u00edbe\u00bb, indica el escrito. Este peri\u00f3dico les pregunt\u00f3 ayer a los responsables de Amama si van a pedirles ese consentimiento a las titulares de los expedientes m\u00e9dicos supuestamente err\u00f3neo para poder facilit\u00e1rselos a la Junta, y contestaron que no.<\/p>\n<p class=\"voc-p\" style=\"\">A rengl\u00f3n seguido, la entidad que preside \u00c1ngela Claverol indica que la demanda de informaci\u00f3n del SAS le \u00abresulta sorpresiva\u00bb, y le afea a la <strong>Consejer\u00eda de Sanidad, Presidencia y Emergencias<\/strong> que \u00abno haya pedido perd\u00f3n a las v\u00edctimas ni dicho p\u00fablicamente donde ha estado la grav\u00edsima negligencia que ha llevado a las mujeres a contraer una enfermedad grav\u00edsima o a agravar mucho m\u00e1s la que ya se padec\u00eda\u00bb.<\/p>\n<p>\nCalidad asistencial\n<\/p>\n<p class=\"voc-p\" style=\"\">A pesar de no facilitarle informaci\u00f3n alguna al SAS, la <strong>Asociaci\u00f3n de Mujeres con C\u00e1ncer de Mama<\/strong> afirma en el escrito que \u00abofrecemos nuestra voluntad de colaboraci\u00f3n con la Administraci\u00f3n sanitaria, como no pod\u00eda ser de otro modo, en cuanto podamos contribuir a la calidad de la atenci\u00f3n y la protecci\u00f3n de la salud de las mujeres andaluzas\u00bb.<\/p>\n<p class=\"voc-p\" style=\"\">\u00abEs la Administraci\u00f3n sanitaria la que debe tener los datos de las mujeres que no fueron citadas, las que sufrieron retrasos, y las consecuencias que derivaron para cada una de ellas\u00bb, completa Amama.<\/p>\n<p class=\"voc-p\" style=\"\">La respuesta al requerimiento de la Junta, que tiene tres folios, no hace menci\u00f3n alguna al n\u00famero de casos de fallos en los <strong>diagn\u00f3sticos<\/strong> de los que la entidad que preside \u00c1ngela Claverol ha hecho menci\u00f3n de forma recurrente desde que estall\u00f3 la pol\u00e9mica que <a href=\"https:\/\/www.abc.es\/espana\/andalucia\/vida-breve-consejera-salud-duro-meses-20251008214902-nts.html\" target=\"_self\" data-voc-vtm-id=\"in-text-traffic\" title=\"se ha llevado por delante a una consejera\" data-mrf-link=\"www.abc.es\" rel=\"nofollow noopener\">se ha llevado por delante a una consejera<\/a>; ha forzado al presidente de la Junta de Andaluc\u00eda, <strong>Juanma Moreno,<\/strong> a poner al frente de Salud (ya Sanidad) a un hombre de su confianza y perro viejo en la pol\u00edtica, <strong>Antonio Sanz;<\/strong> y ha provocado una revisi\u00f3n general del funcionamiento del SAS. <\/p>\n<p class=\"voc-p\" style=\"\">La r\u00e9plica al requerimiento est\u00e1 fechada el 20 de noviembre, este jueves, pero a las horas de envi\u00e1rsela a la Administraci\u00f3n auton\u00f3mica <strong>Amama<\/strong> s\u00ed que dio datos concretos a los medios de comunicaci\u00f3n. Lo hizo su abogado, <strong>Manuel Jim\u00e9nez,<\/strong> que inform\u00f3 este viernes a los reporteros durante la citada rueda de prensa de que tiene constancia de 262 casos concretos de mujeres que han sufrido los retrasos en la comunicaci\u00f3n de los diagn\u00f3sticos de car\u00e1cter dudoso, y de que el 10 por ciento de ellos han evolucionado hacia un cuadro de c\u00e1ncer.<\/p>\n<p class=\"voc-title\">\u00abEsto va a seguir, no vamos a parar. Estamos haciendo visitas a las asociaciones de provincias de C\u00e1diz, Ja\u00e9n y M\u00e1laga porque nos dicen que hay m\u00e1s casos y queremos conocerlos<\/p>\n<p class=\"voc-article-position__name\">Manuel Jim\u00e9nez<\/p>\n<p class=\"voc-article-position__employ\">Abogado de Amama<\/p>\n<p class=\"voc-p\" style=\"\">Es m\u00e1s, el abogado a\u00f1adi\u00f3 que la entidad confirm\u00f3 tres fallecimientos de mujeres por las demoras en el procedimiento de los cribados, una de ellas socia de Amama. Esta informaci\u00f3n tampoco est\u00e1 incluida en la respuesta de la asociaci\u00f3n al requerimiento del <strong>Servicio Andaluz de Salud<\/strong>, ni tampoco se la ha comunicado a la Junta en las sesiones de la comisi\u00f3n de seguimiento del plan de choque para mejorar los cribados, de la que Amama forma parte por invitaci\u00f3n de la Consejer\u00eda de Sanidad, Presidencia y Emergencias.<\/p>\n<p>\nCincuenta reclamaciones ya en marcha\n<\/p>\n<p class=\"voc-p\" style=\"\">El letrado asegur\u00f3, adem\u00e1s, que ya se han cursado 50 reclamaciones al SAS de mujeres descontentas con el tratamiento y ha augurado que habr\u00e1 \u00abdecenas m\u00e1s\u00bb en los pr\u00f3ximos d\u00edas. Tanto el abogado como Claverol recalcaron que la Amama cre\u00f3 un correo electr\u00f3nico para que las mujeres se pusieran en contacto con la entidad, \u00abalgo que podr\u00eda haber hecho tambi\u00e9n la Junta\u00bb.<\/p>\n<p class=\"voc-p\" style=\"\">\u00abEsto va a seguir, no vamos a parar. Estamos haciendo visitas a las asociaciones de provincias de <strong>C\u00e1diz, Ja\u00e9n y M\u00e1laga<\/strong> porque nos dicen que hay m\u00e1s casos y queremos conocerlos\u00bb, dijeron Claverol y Jim\u00e9nez.<\/p>\n<p class=\"voc-p\" style=\"\">\u00abYo no voy a facilitar los documentos. El SAS es el que tiene los datos\u00bb, se cerr\u00f3 el abogado, que sostuvo que \u00ablos datos oficiales no concuerdan con los nuestros\u00bb, en alusi\u00f3n a que \u00abpor ejemplo, en <strong>C\u00f3rdoba<\/strong> tenemos algunos casos y la Junta no los reconoce\u00bb.<\/p>\n<p class=\"voc-p\" style=\"\"> Sobre la denuncia interpuesta en la <strong>Fiscal\u00eda Superior de Andaluc\u00eda<\/strong> por la posible manipulaci\u00f3n de mamograf\u00edas -la <strong>Junta<\/strong> explic\u00f3 que se hab\u00eda producido una ca\u00edda de los soportes digitales del SAS-, el abogado se\u00f1al\u00f3 ayer que \u00abno ha habido movimientos\u00bb.<\/p>\n<p><img decoding=\"async\" loading=\"lazy\" src=\"https:\/\/www.europesays.com\/es\/wp-content\/uploads\/2025\/11\/claverol-andalucia-sevilla-U22453858867bUH-760x427@diario_abc.jpg\" class=\"voc-img\" width=\"760\" height=\"427\" alt=\"Claverol, este viernes ante los periodistas\" data-voc-vtm-id=\"in-text-traffic\"\/><\/p>\n<p>Claverol, este viernes ante los periodistas<\/p>\n<p>MANU G\u00d3MEZ<\/p>\n<p class=\"voc-pretitle\">Ventajas fiscales<\/p>\n<p>Demandan reducciones fiscales para mujeres mastectomizadas<\/p>\n<p class=\"voc-p\">Amama propuso este viernes que la Administraci\u00f3n sanitaria financie al 100% las pelucas en caso de tratamientos con p\u00e9rdida del cabello y \u00abante la situaci\u00f3n de negligencia creada por el programa de detecci\u00f3n precoz del c\u00e1ncer de mama, solicitamos la implantaci\u00f3n de la Defensor\u00eda de las mujeres con c\u00e1ncer de mama\u00bb. Asimismo, plantean el estudio de reducciones fiscales para mujeres mastectomizadas en situaci\u00f3n de \u00abespecial vulnerabilidad\u00bb. mama recuerda que el Gobierno de la Junta de Andaluc\u00eda ha aprobado un plan de choque para hacer frente a la crisis de los cribados de 705 millones de euros, con la contrataci\u00f3n de 101 profesionales, pero en los presupuestos para 2026 \u00abno aparece ninguna partida dedicada espec\u00edficamente a los cribados; al menos, no la identificamos, ni a la atenci\u00f3n espec\u00edfica del c\u00e1ncer de mama\u00bb.<\/p>\n","protected":false},"excerpt":{"rendered":"Las \u00abm\u00e1s de cuatro mil v\u00edctimas\u00bb de los errores en el cribado del c\u00e1ncer de mama de las&hellip;\n","protected":false},"author":2,"featured_media":250231,"comment_status":"","ping_status":"","sticky":false,"template":"","format":"standard","meta":{"footnotes":""},"categories":[8],"tags":[59837,17,18,1066,25995,56,16443,25,24,13,14,69,63465,11,19,20,4917,9,10,15,16,952,23,12,21,22],"class_list":{"0":"post-250230","1":"post","2":"type-post","3":"status-publish","4":"format-standard","5":"has-post-thumbnail","7":"category-espana","8":"tag-amama","9":"tag-breaking-news","10":"tag-breakingnews","11":"tag-cancer","12":"tag-cribados","13":"tag-datos","14":"tag-descubre","15":"tag-es","16":"tag-espana","17":"tag-featured-news","18":"tag-featurednews","19":"tag-guerra","20":"tag-hacha","21":"tag-headlines","22":"tag-latest-news","23":"tag-latestnews","24":"tag-mama","25":"tag-news","26":"tag-noticias","27":"tag-noticias-destacadas","28":"tag-noticiasdestacadas","29":"tag-politica","30":"tag-spain","31":"tag-titulares","32":"tag-ultimas-noticias","33":"tag-ultimasnoticias"},"share_on_mastodon":{"url":"","error":""},"_links":{"self":[{"href":"https:\/\/www.europesays.com\/es\/wp-json\/wp\/v2\/posts\/250230","targetHints":{"allow":["GET"]}}],"collection":[{"href":"https:\/\/www.europesays.com\/es\/wp-json\/wp\/v2\/posts"}],"about":[{"href":"https:\/\/www.europesays.com\/es\/wp-json\/wp\/v2\/types\/post"}],"author":[{"embeddable":true,"href":"https:\/\/www.europesays.com\/es\/wp-json\/wp\/v2\/users\/2"}],"replies":[{"embeddable":true,"href":"https:\/\/www.europesays.com\/es\/wp-json\/wp\/v2\/comments?post=250230"}],"version-history":[{"count":0,"href":"https:\/\/www.europesays.com\/es\/wp-json\/wp\/v2\/posts\/250230\/revisions"}],"wp:featuredmedia":[{"embeddable":true,"href":"https:\/\/www.europesays.com\/es\/wp-json\/wp\/v2\/media\/250231"}],"wp:attachment":[{"href":"https:\/\/www.europesays.com\/es\/wp-json\/wp\/v2\/media?parent=250230"}],"wp:term":[{"taxonomy":"category","embeddable":true,"href":"https:\/\/www.europesays.com\/es\/wp-json\/wp\/v2\/categories?post=250230"},{"taxonomy":"post_tag","embeddable":true,"href":"https:\/\/www.europesays.com\/es\/wp-json\/wp\/v2\/tags?post=250230"}],"curies":[{"name":"wp","href":"https:\/\/api.w.org\/{rel}","templated":true}]}}