{"id":250236,"date":"2025-11-22T19:35:19","date_gmt":"2025-11-22T19:35:19","guid":{"rendered":"https:\/\/www.europesays.com\/es\/250236\/"},"modified":"2025-11-22T19:35:19","modified_gmt":"2025-11-22T19:35:19","slug":"remco-evenepoel-debutara-en-la-milan-san-remo-2026-pero-no-sera-el-lider-de-red-bull","status":"publish","type":"post","link":"https:\/\/www.europesays.com\/es\/250236\/","title":{"rendered":"Remco Evenepoel debutar\u00e1 en la Mil\u00e1n-San Remo 2026&#8230; \u00a1pero no ser\u00e1 el l\u00edder de Red Bull!"},"content":{"rendered":"<p>En su primer a\u00f1o con <a href=\"https:\/\/ciclismoaldia.es\/red-bull-bora-hansgrohe\" title=\"Red Bull - BORA - hansgrohe\" rel=\"nofollow noopener\" target=\"_blank\">Red Bull &#8211; BORA &#8211; hansgrohe<\/a>, <a href=\"https:\/\/ciclismoaldia.es\/remco-evenepoel\" title=\"Remco Evenepoel\" rel=\"nofollow noopener\" target=\"_blank\">Remco Evenepoel<\/a> apuntar\u00e1 a diversos objetivos. El belga dej\u00f3 claro que el Tour de Francia es innegociable, pese a la poca contrarreloj que habr\u00e1. Pero tambi\u00e9n ha puesto su ojo en un potencial debut en la <a href=\"https:\/\/ciclismoaldia.es\/milan-san-remo\" title=\"Mil\u00e1n-San Remo\" rel=\"nofollow noopener\" target=\"_blank\">Mil\u00e1n-San Remo<\/a> 2026. Lo \u00fanico, que no lo har\u00e1 como jefe de filas del equipo alem\u00e1n.<a href=\"https:\/\/x.com\/cirogazzetta\/status\/1991853804988555392\" target=\"_blank\" rel=\"nofollow\">El periodista de La Gazzetta dello Sport, Ciro Scognamiglio<\/a>, asegura que m\u00faltiples fuentes han confirmado que Evenepoel figura en la lista para La Classicissima del 21 de marzo de 2026, lo que supondr\u00eda su debut en el primer monumento del a\u00f1o. Pero no s\u00f3lo eso, ya que <a href=\"https:\/\/ciclismoaldia.es\/maxim-van-gils\" title=\"Maxim van Gils\" rel=\"nofollow noopener\" target=\"_blank\">Maxim van Gils<\/a> tambi\u00e9n correr\u00e1, y como su l\u00edder.<\/p>\n<p>Quiz\u00e1 el detalle m\u00e1s llamativo de la informaci\u00f3n proporcionada por Scognamiglio es ese. El papel de l\u00edder recaer\u00e1 en su compatriota Maxim Van Gils, s\u00e9ptimo en la edici\u00f3n de 2024 y con una reputaci\u00f3n en alza como uno de los puncheurs m\u00e1s vers\u00e1tiles del pelot\u00f3n.<\/p>\n<p>Red Bull \u2013 BORA &#8211; hansgrohe parece dispuesto a dar a Van Gils una opci\u00f3n clara de victoria, con Evenepoel en un rol de gregario en lo que ser\u00eda la primera presencia del equipo en el Monumento bajo su nueva identidad.<\/p>\n<p>Para un corredor acostumbrado a cargar con los galones en casi todas las carreras que disputa, iniciar la Mil\u00e1n-San Remo como gregario de lujo es bastante inesperado.<\/p>\n<p><img decoding=\"async\" width=\"500\" height=\"280\" loading=\"lazy\" src=\"https:\/\/www.europesays.com\/es\/wp-content\/uploads\/2025\/11\/evenepoel-692072dacb2d6.jpg@webp.webp\" class=\"w-auto h-auto\" alt=\"Remco Evenepoel debutar\u00e1 en la Mil\u00e1n-San Remo 2026\"\/><\/p>\n<p>Evenepoel correr\u00e1 la Mil\u00e1n-San Remo 2026 como gregario de Maxim van Gils<\/p>\n<p>El programa \u00bffinal? de Evenepoel<a href=\"https:\/\/ciclismoaldia.es\/ciclismo\/os-desvelamos-el-calendario-de-debut-de-remco-evenepoel-con-red-bull-portugual-y-doblete-giro-tour\" target=\"_self\" rel=\"nofollow noopener\">Evenepoel ha insistido en que su calendario 2026<\/a> depender\u00e1 del trazado del Giro de Italia, que se desvelar\u00e1 el pr\u00f3ximo d\u00eda 1 de diciembte. Recientemente dijo a HLN que siguen sobre la mesa dos borradores: una opci\u00f3n cl\u00e1sica de adoquines y Tour, y una alternativa que combine Giro y Tour de Francia.<\/p>\n<p>Si el avance de Gazzetta es correcto, la Mil\u00e1n-San Remi podr\u00eda funcionar como cruce de caminos entre ambas: una oportunidad para testar su forma temprano, evaluar su respuesta al ritmo particular del Monumento y afinar la jerarqu\u00eda interna de Red Bull antes de que se intensifique la temporada de vueltas por etapas.<\/p>\n<p>En cualquier caso, que Evenepoel afronte La Classicissima por primera vez \u2014y lo haga sin los galones del equipo\u2014 garantiza que la edici\u00f3n de 2026 ya llegue cargada de relato antes de que el pelot\u00f3n alcance la costa ligur.<\/p>\n","protected":false},"excerpt":{"rendered":"En su primer a\u00f1o con Red Bull &#8211; BORA &#8211; hansgrohe, Remco Evenepoel apuntar\u00e1 a diversos objetivos. El&hellip;\n","protected":false},"author":2,"featured_media":250237,"comment_status":"","ping_status":"","sticky":false,"template":"","format":"standard","meta":{"footnotes":""},"categories":[273],"tags":[313,312,168,25,24,63466,61971,46023,7618,23,167],"class_list":{"0":"post-250236","1":"post","2":"type-post","3":"status-publish","4":"format-standard","5":"has-post-thumbnail","7":"category-ciclismo","8":"tag-ciclismo","9":"tag-cycling","10":"tag-deportes","11":"tag-es","12":"tag-espana","13":"tag-maxim-van-gils","14":"tag-milan-san-remo","15":"tag-red-bull-bora-hansgrohe","16":"tag-remco-evenepoel","17":"tag-spain","18":"tag-sports"},"share_on_mastodon":{"url":"https:\/\/pubeurope.com\/@es\/115595033586046708","error":""},"_links":{"self":[{"href":"https:\/\/www.europesays.com\/es\/wp-json\/wp\/v2\/posts\/250236","targetHints":{"allow":["GET"]}}],"collection":[{"href":"https:\/\/www.europesays.com\/es\/wp-json\/wp\/v2\/posts"}],"about":[{"href":"https:\/\/www.europesays.com\/es\/wp-json\/wp\/v2\/types\/post"}],"author":[{"embeddable":true,"href":"https:\/\/www.europesays.com\/es\/wp-json\/wp\/v2\/users\/2"}],"replies":[{"embeddable":true,"href":"https:\/\/www.europesays.com\/es\/wp-json\/wp\/v2\/comments?post=250236"}],"version-history":[{"count":0,"href":"https:\/\/www.europesays.com\/es\/wp-json\/wp\/v2\/posts\/250236\/revisions"}],"wp:featuredmedia":[{"embeddable":true,"href":"https:\/\/www.europesays.com\/es\/wp-json\/wp\/v2\/media\/250237"}],"wp:attachment":[{"href":"https:\/\/www.europesays.com\/es\/wp-json\/wp\/v2\/media?parent=250236"}],"wp:term":[{"taxonomy":"category","embeddable":true,"href":"https:\/\/www.europesays.com\/es\/wp-json\/wp\/v2\/categories?post=250236"},{"taxonomy":"post_tag","embeddable":true,"href":"https:\/\/www.europesays.com\/es\/wp-json\/wp\/v2\/tags?post=250236"}],"curies":[{"name":"wp","href":"https:\/\/api.w.org\/{rel}","templated":true}]}}