{"id":250243,"date":"2025-11-22T19:40:09","date_gmt":"2025-11-22T19:40:09","guid":{"rendered":"https:\/\/www.europesays.com\/es\/250243\/"},"modified":"2025-11-22T19:40:09","modified_gmt":"2025-11-22T19:40:09","slug":"un-fotografo-captura-a-un-paracaidista-alineado-con-el-sol-con-una-precision-milimetrica","status":"publish","type":"post","link":"https:\/\/www.europesays.com\/es\/250243\/","title":{"rendered":"Un fot\u00f3grafo captura a un paracaidista alineado con el Sol con una precisi\u00f3n milim\u00e9trica"},"content":{"rendered":"<p>La imagen, tomada por el<b> astro fot\u00f3grafo Andrew McCarthy<\/b> y ya considerada una de las<b> capturas m\u00e1s llamativas del a\u00f1o<\/b>, es el resultado de <b>semanas de preparaci\u00f3n, c\u00e1lculos astron\u00f3micos y un salto perfectamente coordinado<\/b>.<\/p>\n<p>McCarthy no improvis\u00f3: <b>utiliz\u00f3 un software de posici\u00f3n solar <\/b>para saber desde qu\u00e9 punto del terreno deb\u00eda situarse y en qu\u00e9 momento exacto la trayectoria del avi\u00f3n coincidir\u00eda con el Sol desde su perspectiva. <\/p>\n<p><b>El paracaidista<\/b>, su amigo Gabriel Brown, <b>salt\u00f3 desde unos 3.500 pies de altura<\/b>, lo que lo situ\u00f3 a <b>m\u00e1s de 2.400 metros del fot\u00f3grafo<\/b>. Esa distancia hac\u00eda que se desplazara muy r\u00e1pido por el encuadre, as\u00ed que el momento preciso era clave.<\/p>\n<p><b>La planificaci\u00f3n de \u00cdcaro<\/b><\/p>\n<p><a title=\"La parte solar\" href=\"https:\/\/www.larazon.es\/ciencia\/nuevo-estudio-nasa-advierte-sol-esta-despertando_2025092168d01f2e1b05386b62aafdb5.html\" target=\"_blank\" rel=\"nofollow noopener\"><b>La parte solar<\/b><\/a><b> de la imagen no fue tomada con una c\u00e1mara convencional<\/b>. McCarthy la fotografi\u00f3 con un telescopio equipado con un <b>filtro de hidr\u00f3geno alfa<\/b>, que permite capturar \u00fanicamente una <b>franja muy espec\u00edfica del espectro rojo<\/b>.<\/p>\n<p>Esa t\u00e9cnica <b>revela estructuras de la<\/b><a title=\" cromosfera solar\" href=\"https:\/\/www.larazon.es\/ciencia\/fin-misterio-centenario-sol-descubrimiento-historico-que-protegera-tierra-calor-b30m_20251105690b088396fd1d323b109ab4.html\" target=\"_blank\" rel=\"nofollow noopener\"><b>cromosfera solar<\/b><\/a> (arcos, filamentos y bucles de plasma) imposibles de ver con c\u00e1maras normales. Despu\u00e9s, aline\u00f3 ambas im\u00e1genes para componer el resultado final.<\/p>\n<p><b>McCarthy tiene experiencia <\/b>en este tipo de t\u00e9cnicas: <b>en 2021 combin\u00f3 m\u00e1s de 150.000 fotograf\u00edas para crear una imagen de alta resoluci\u00f3n del Sol<\/b>. Esa habilidad fue clave para unir con naturalidad la silueta del paracaidista y los detalles solares sin perder autenticidad.<\/p>\n<p>El salto, la alineaci\u00f3n y la captura dependieron de que todo coincidiera: una luz estable, atm\u00f3sfera relativamente tranquila y un paracaidista capaz de mantener una pose reconocible en ca\u00edda libre.<\/p>\n<p><b>Brown explic\u00f3 que incluso tuvieron que tener en cuenta la trayectoria de planeo del avi\u00f3n con motores apagados para ajustar la posici\u00f3n de salida<\/b>.<\/p>\n<p>El resultado, llamado \u201c<b>The Fall of Icarus<\/b>\u201d, es una imagen inusual que mezcla planificaci\u00f3n, t\u00e9cnica y una coordinaci\u00f3n casi perfecta entre ambos.<\/p>\n","protected":false},"excerpt":{"rendered":"La imagen, tomada por el astro fot\u00f3grafo Andrew McCarthy y ya considerada una de las capturas m\u00e1s llamativas&hellip;\n","protected":false},"author":2,"featured_media":250244,"comment_status":"","ping_status":"","sticky":false,"template":"","format":"standard","meta":{"footnotes":""},"categories":[173],"tags":[229,233,231,230,232,234,146,147,25,24,23],"class_list":{"0":"post-250243","1":"post","2":"type-post","3":"status-publish","4":"format-standard","5":"has-post-thumbnail","7":"category-arte-y-diseno","8":"tag-arte","9":"tag-arte-y-diseno","10":"tag-arts","11":"tag-arts-and-design","12":"tag-design","13":"tag-diseno","14":"tag-entertainment","15":"tag-entretenimiento","16":"tag-es","17":"tag-espana","18":"tag-spain"},"share_on_mastodon":{"url":"https:\/\/pubeurope.com\/@es\/115595052560205488","error":""},"_links":{"self":[{"href":"https:\/\/www.europesays.com\/es\/wp-json\/wp\/v2\/posts\/250243","targetHints":{"allow":["GET"]}}],"collection":[{"href":"https:\/\/www.europesays.com\/es\/wp-json\/wp\/v2\/posts"}],"about":[{"href":"https:\/\/www.europesays.com\/es\/wp-json\/wp\/v2\/types\/post"}],"author":[{"embeddable":true,"href":"https:\/\/www.europesays.com\/es\/wp-json\/wp\/v2\/users\/2"}],"replies":[{"embeddable":true,"href":"https:\/\/www.europesays.com\/es\/wp-json\/wp\/v2\/comments?post=250243"}],"version-history":[{"count":0,"href":"https:\/\/www.europesays.com\/es\/wp-json\/wp\/v2\/posts\/250243\/revisions"}],"wp:featuredmedia":[{"embeddable":true,"href":"https:\/\/www.europesays.com\/es\/wp-json\/wp\/v2\/media\/250244"}],"wp:attachment":[{"href":"https:\/\/www.europesays.com\/es\/wp-json\/wp\/v2\/media?parent=250243"}],"wp:term":[{"taxonomy":"category","embeddable":true,"href":"https:\/\/www.europesays.com\/es\/wp-json\/wp\/v2\/categories?post=250243"},{"taxonomy":"post_tag","embeddable":true,"href":"https:\/\/www.europesays.com\/es\/wp-json\/wp\/v2\/tags?post=250243"}],"curies":[{"name":"wp","href":"https:\/\/api.w.org\/{rel}","templated":true}]}}