{"id":250247,"date":"2025-11-22T19:43:09","date_gmt":"2025-11-22T19:43:09","guid":{"rendered":"https:\/\/www.europesays.com\/es\/250247\/"},"modified":"2025-11-22T19:43:09","modified_gmt":"2025-11-22T19:43:09","slug":"fc-barcelona-4-athletic-club-0-en-directo-desde-radio-nervion","status":"publish","type":"post","link":"https:\/\/www.europesays.com\/es\/250247\/","title":{"rendered":"FC Barcelona 4 &#8211; Athletic Club 0, en directo desde Radio Nervi\u00f3n"},"content":{"rendered":"<p data-start=\"114\" data-end=\"392\">El <a href=\"https:\/\/www.radionervion.com\/2025\/11\/20\/fc-barcelona-athletic-club-posibles-alineaciones-jornada-13-de-laliga-ea-sports\/\" rel=\"nofollow noopener\" target=\"_blank\"><strong>Athletic Club<\/strong><\/a> afronta este s\u00e1bado un estreno de m\u00e1xima exigencia en el nuevo Camp Nou, donde ser\u00e1 el primer visitante en un choque marcado por la controversia: el <a href=\"https:\/\/www.fcbarcelona.es\/es\/\" target=\"_blank\" rel=\"noopener nofollow\">FC Barcelona<\/a> ha decidido no enviar entradas a la afici\u00f3n rojiblanca, lo que ha tensado el ambiente en la previa.<\/p>\n<p data-start=\"394\" data-end=\"1006\">M\u00e1s all\u00e1 del ruido, el duelo supone tambi\u00e9n el regreso de Ernesto Valverde al campo donde dirigi\u00f3 dos temporadas y media. El t\u00e9cnico local, <strong data-start=\"534\" data-end=\"549\">Hansi Flick<\/strong>, llega condicionado por un centro del campo en cuadro, sin <strong data-start=\"609\" data-end=\"617\">Gavi<\/strong>, <strong data-start=\"619\" data-end=\"628\">Pedri<\/strong> ni <strong data-start=\"632\" data-end=\"651\">Frenkie de Jong<\/strong>, y obligado a recolocar piezas.<\/p>\n<p>Once del Bar\u00e7a<\/p>\n<blockquote class=\"twitter-tweet\">\n<p dir=\"ltr\" lang=\"es\">\ud83d\udea8 \ud835\uddd4\ud835\udddf\ud835\udddc\ud835\udde1\ud835\uddd8\ud835\uddd4\ud835\uddd6\ud835\udddc\ud835\udde2\u0301\ud835\udde1 \ud83d\udea8<br \/>\u26bd\ufe0f <a href=\"https:\/\/twitter.com\/hashtag\/Bar%C3%A7aAthletic?src=hash&amp;ref_src=twsrc%5Etfw\" rel=\"nofollow noopener\" target=\"_blank\">#Bar\u00e7aAthletic<\/a> <a href=\"https:\/\/t.co\/mKZ5BaRLXA\" rel=\"nofollow\">pic.twitter.com\/mKZ5BaRLXA<\/a><\/p>\n<p>\u2014 FC Barcelona (@FCBarcelona_es) <a href=\"https:\/\/twitter.com\/FCBarcelona_es\/status\/1992231636537405538?ref_src=twsrc%5Etfw\" rel=\"nofollow noopener\" target=\"_blank\">November 22, 2025<\/a><\/p>\n<\/blockquote>\n<p>Once del Athletic<\/p>\n<blockquote class=\"twitter-tweet\">\n<p dir=\"ltr\" lang=\"es\">\u2764\ufe0f\ud83e\udd0d \ud835\uddd4\ud835\udddf\ud835\udddc\ud835\udde1\ud835\uddd8\ud835\uddd4\ud835\uddd6\ud835\udddc\ud835\udde2\u0301\ud835\udde1 \ud83c\udd9a <a href=\"https:\/\/twitter.com\/FCBarcelona_es?ref_src=twsrc%5Etfw\" rel=\"nofollow noopener\" target=\"_blank\">@FCBarcelona_es<\/a><\/p>\n<p>Garaipenaren bila, lehoiak!<a href=\"https:\/\/twitter.com\/hashtag\/Bar%C3%A7aAthletic?src=hash&amp;ref_src=twsrc%5Etfw\" rel=\"nofollow noopener\" target=\"_blank\">#Bar\u00e7aAthletic<\/a> <a href=\"https:\/\/twitter.com\/hashtag\/AthleticClub?src=hash&amp;ref_src=twsrc%5Etfw\" rel=\"nofollow noopener\" target=\"_blank\">#AthleticClub<\/a> \ud83e\udd81 <a href=\"https:\/\/t.co\/A7h7wi2VkJ\" rel=\"nofollow\">pic.twitter.com\/A7h7wi2VkJ<\/a><\/p>\n<p>\u2014 Athletic Club (@AthleticClub) <a href=\"https:\/\/twitter.com\/AthleticClub\/status\/1992231632624132268?ref_src=twsrc%5Etfw\" rel=\"nofollow noopener\" target=\"_blank\">November 22, 2025<\/a><\/p>\n<\/blockquote>\n<p data-start=\"1442\" data-end=\"1595\" data-is-last-node=\"\" data-is-only-node=\"\">Un estreno de estadio, un retorno simb\u00f3lico y dos equipos con necesidades distintas para un partido que, como casi siempre en Barcelona, exige el m\u00e1ximo.<\/p>\n<p>\t\t\t<script async src=\"https:\/\/platform.twitter.com\/widgets.js\" charset=\"utf-8\"><\/script><\/p>\n","protected":false},"excerpt":{"rendered":"El Athletic Club afronta este s\u00e1bado un estreno de m\u00e1xima exigencia en el nuevo Camp Nou, donde ser\u00e1&hellip;\n","protected":false},"author":2,"featured_media":250248,"comment_status":"","ping_status":"","sticky":false,"template":"","format":"standard","meta":{"footnotes":""},"categories":[170],"tags":[2203,146,147,25,24,881,282,288,184,185,23],"class_list":{"0":"post-250247","1":"post","2":"type-post","3":"status-publish","4":"format-standard","5":"has-post-thumbnail","7":"category-musica","8":"tag-athletic-club","9":"tag-entertainment","10":"tag-entretenimiento","11":"tag-es","12":"tag-espana","13":"tag-fc-barcelona","14":"tag-futbol","15":"tag-laliga","16":"tag-music","17":"tag-musica","18":"tag-spain"},"share_on_mastodon":{"url":"https:\/\/pubeurope.com\/@es\/115595064360523683","error":""},"_links":{"self":[{"href":"https:\/\/www.europesays.com\/es\/wp-json\/wp\/v2\/posts\/250247","targetHints":{"allow":["GET"]}}],"collection":[{"href":"https:\/\/www.europesays.com\/es\/wp-json\/wp\/v2\/posts"}],"about":[{"href":"https:\/\/www.europesays.com\/es\/wp-json\/wp\/v2\/types\/post"}],"author":[{"embeddable":true,"href":"https:\/\/www.europesays.com\/es\/wp-json\/wp\/v2\/users\/2"}],"replies":[{"embeddable":true,"href":"https:\/\/www.europesays.com\/es\/wp-json\/wp\/v2\/comments?post=250247"}],"version-history":[{"count":0,"href":"https:\/\/www.europesays.com\/es\/wp-json\/wp\/v2\/posts\/250247\/revisions"}],"wp:featuredmedia":[{"embeddable":true,"href":"https:\/\/www.europesays.com\/es\/wp-json\/wp\/v2\/media\/250248"}],"wp:attachment":[{"href":"https:\/\/www.europesays.com\/es\/wp-json\/wp\/v2\/media?parent=250247"}],"wp:term":[{"taxonomy":"category","embeddable":true,"href":"https:\/\/www.europesays.com\/es\/wp-json\/wp\/v2\/categories?post=250247"},{"taxonomy":"post_tag","embeddable":true,"href":"https:\/\/www.europesays.com\/es\/wp-json\/wp\/v2\/tags?post=250247"}],"curies":[{"name":"wp","href":"https:\/\/api.w.org\/{rel}","templated":true}]}}