{"id":25025,"date":"2025-08-04T12:52:10","date_gmt":"2025-08-04T12:52:10","guid":{"rendered":"https:\/\/www.europesays.com\/es\/25025\/"},"modified":"2025-08-04T12:52:10","modified_gmt":"2025-08-04T12:52:10","slug":"el-club-balonmano-san-sebastian-de-los-reyes-campeon-de-espana-en-el-campeonato-arena-handball-tour-la-plaza-de-sanse","status":"publish","type":"post","link":"https:\/\/www.europesays.com\/es\/25025\/","title":{"rendered":"El Club Balonmano San Sebasti\u00e1n de los Reyes, campe\u00f3n de Espa\u00f1a en el campeonato Arena Handball Tour &#8211; La Plaza de Sanse"},"content":{"rendered":"<p>Desde el pasado jueves 31 de julio hasta este domingo d\u00eda 3, se ha disputado en Laredo el Arena Handball Tour: el Campeonato de Espa\u00f1a de Clubes de balonmano.<\/p>\n<p>El Club Balonmano San Sebasti\u00e1n de los Reyes ha tenido una amplia participaci\u00f3n, con siete equipos de base y dos seniors. El equipo juvenil masculino se ha proclamado campe\u00f3n de Espa\u00f1a y el equipo infantil masculino se ha alzado con la medalla de bronce.<\/p>\n<p style=\"text-align:center\"><img loading=\"lazy\" decoding=\"async\" alt=\"\" height=\"460\" src=\"https:\/\/www.europesays.com\/es\/wp-content\/uploads\/2025\/08\/aacb0099-0b55-5071-739c-ec97bcb20ee3\" width=\"700\"\/><\/p>\n<p>Desde el Ayuntamiento se da la enhorabuena a los deportistas por su gran actuaci\u00f3n.<\/p>\n<p><strong>La Plaza de Sanse<\/strong><\/p>\n","protected":false},"excerpt":{"rendered":"Desde el pasado jueves 31 de julio hasta este domingo d\u00eda 3, se ha disputado en Laredo el&hellip;\n","protected":false},"author":2,"featured_media":25026,"comment_status":"","ping_status":"","sticky":false,"template":"","format":"standard","meta":{"footnotes":""},"categories":[278],"tags":[376,14050,14051,14052,168,25,24,375,23,167],"class_list":{"0":"post-25025","1":"post","2":"type-post","3":"status-publish","4":"format-standard","5":"has-post-thumbnail","7":"category-balonmano","8":"tag-balonmano","9":"tag-campeonato-de-espana","10":"tag-club-balonmano-san-sebastian-de-los-reyes","11":"tag-clubes-deportivos","12":"tag-deportes","13":"tag-es","14":"tag-espana","15":"tag-handball","16":"tag-spain","17":"tag-sports"},"share_on_mastodon":{"url":"","error":""},"_links":{"self":[{"href":"https:\/\/www.europesays.com\/es\/wp-json\/wp\/v2\/posts\/25025","targetHints":{"allow":["GET"]}}],"collection":[{"href":"https:\/\/www.europesays.com\/es\/wp-json\/wp\/v2\/posts"}],"about":[{"href":"https:\/\/www.europesays.com\/es\/wp-json\/wp\/v2\/types\/post"}],"author":[{"embeddable":true,"href":"https:\/\/www.europesays.com\/es\/wp-json\/wp\/v2\/users\/2"}],"replies":[{"embeddable":true,"href":"https:\/\/www.europesays.com\/es\/wp-json\/wp\/v2\/comments?post=25025"}],"version-history":[{"count":0,"href":"https:\/\/www.europesays.com\/es\/wp-json\/wp\/v2\/posts\/25025\/revisions"}],"wp:featuredmedia":[{"embeddable":true,"href":"https:\/\/www.europesays.com\/es\/wp-json\/wp\/v2\/media\/25026"}],"wp:attachment":[{"href":"https:\/\/www.europesays.com\/es\/wp-json\/wp\/v2\/media?parent=25025"}],"wp:term":[{"taxonomy":"category","embeddable":true,"href":"https:\/\/www.europesays.com\/es\/wp-json\/wp\/v2\/categories?post=25025"},{"taxonomy":"post_tag","embeddable":true,"href":"https:\/\/www.europesays.com\/es\/wp-json\/wp\/v2\/tags?post=25025"}],"curies":[{"name":"wp","href":"https:\/\/api.w.org\/{rel}","templated":true}]}}