{"id":250258,"date":"2025-11-22T19:50:15","date_gmt":"2025-11-22T19:50:15","guid":{"rendered":"https:\/\/www.europesays.com\/es\/250258\/"},"modified":"2025-11-22T19:50:15","modified_gmt":"2025-11-22T19:50:15","slug":"podria-estar-llegando-al-final-de-un-ciclo","status":"publish","type":"post","link":"https:\/\/www.europesays.com\/es\/250258\/","title":{"rendered":"\u00abPodr\u00eda estar llegando al final de un ciclo\u00bb"},"content":{"rendered":"<p style=\"\">El papel del G20 en la resoluci\u00f3n de las crisis econ\u00f3micas se ve amenazado por las fracturas geopol\u00edticas y la competencia, han advertido los l\u00edderes el s\u00e1bado en una cumbre en Sud\u00e1frica boicoteada por <a href=\"https:\/\/www.abc.es\/internacional\/plan-trump-pedirle-eeuu-ceda-alaska-20251121202105-nt.html\" target=\"_self\" data-voc-vtm-id=\"in-text-traffic\" title=\"Estados Unidos\" data-mrf-link=\"www.abc.es\" rel=\"nofollow noopener\">Estados Unidos<\/a>.<\/p>\n<p style=\"\">Los l\u00edderes europeos que asistieron a la cumbre  &#8230; del G20 \u2014la primera celebrada en \u00c1frica\u2014 tambi\u00e9n se esforzaron al margen para responder a un plan unilateral impulsado por el presidente estadounidense <strong>Donald Trump<\/strong> para poner fin a la guerra en Ucrania en t\u00e9rminos que favorezcan a Rusia.<\/p>\n<p class=\"voc-p\" style=\"\">\u00abEstamos luchando por resolver grandes crisis juntos en esta mesa\u00bb y \u00abel G20 podr\u00eda estar llegando al final de un ciclo\u00bb, advirti\u00f3 el presidente franc\u00e9s, <strong>Emmanuel Macron<\/strong>, a sus colegas l\u00edderes al inicio de la cumbre.<\/p>\n<p class=\"voc-p\" style=\"\">\u00abSin duda, el camino por delante es dif\u00edcil\u00bb, coincidi\u00f3 el primer ministro brit\u00e1nico,<strong> Keir Starmer<\/strong>, y a\u00f1adi\u00f3: \u00abNecesitamos encontrar maneras de volver a desempe\u00f1ar un papel constructivo hoy frente a los desaf\u00edos mundiales\u00bb.<\/p>\n<p class=\"voc-p\" style=\"\">El primer ministro chino, <strong>Li Qiang<\/strong>, afirm\u00f3 que \u00abel unilateralismo y el proteccionismo est\u00e1n descontrolados\u00bb y que \u00abmucha gente se pregunta qu\u00e9 est\u00e1 sucediendo exactamente con la solidaridad global\u00bb.<\/p>\n<p class=\"voc-p\" style=\"\">El anfitri\u00f3n de la cumbre, el presidente sudafricano <strong>Cyril Ramaphosa<\/strong>, rest\u00f3 importancia a la ausencia de Trump y argument\u00f3 que el G20 segu\u00eda siendo clave para la cooperaci\u00f3n internacional.<\/p>\n<p class=\"voc-p\" style=\"\">\u00abEl G20 subraya el valor y la relevancia del multilateralismo. Reconoce que los desaf\u00edos que enfrentamos solo pueden resolverse mediante la cooperaci\u00f3n, la colaboraci\u00f3n y la asociaci\u00f3n\u00bb, declar\u00f3 Ramaphosa.<\/p>\n<p class=\"voc-p\" style=\"\">El G20 est\u00e1 compuesto por 19 pa\u00edses, adem\u00e1s de la Uni\u00f3n Europea y la Uni\u00f3n Africana, y representa el 85% del PIB mundial y dos tercios de su poblaci\u00f3n.<\/p>\n<p>\nPaz \u00abjusta\u00bb en Ucrania\n<\/p>\n<p class=\"voc-p\" style=\"\">Sin embargo, la cumbre de Johannesburgo se vio empa\u00f1ada por el boicot estadounidense, y el presidente chino, Li, sustituy\u00f3 al ausente presidente <strong>Xi Jinping<\/strong>, mientras que Rusia envi\u00f3 a un funcionario del Kremlin, <strong>Maxim Oreshkin<\/strong>, en lugar del presidente <strong>Vlad\u00edmir Putin<\/strong>, quien es buscado por el Tribunal Penal Internacional.<\/p>\n<p class=\"voc-p\" style=\"\">Los l\u00edderes presentes adoptaron una declaraci\u00f3n de la cumbre del G20 al comienzo de la reuni\u00f3n, que abordaba temas como el clima, la energ\u00eda, la sostenibilidad de la deuda y un pacto sobre minerales cr\u00edticos, adem\u00e1s de un llamado conjunto a una<a href=\"https:\/\/www.abc.es\/internacional\/ucrania-anuncia-conversaciones-formales-eeuu-suiza-discutir-20251122130820-nt.html\" target=\"_self\" data-voc-vtm-id=\"in-text-traffic\" title=\" paz \u00abjusta\u00bb en Ucrania\" data-mrf-link=\"www.abc.es\" rel=\"nofollow noopener\"> paz \u00abjusta\u00bb en Ucrania<\/a>, la Rep\u00fablica Democr\u00e1tica del Congo, Sud\u00e1n y el \u00abTerritorio Palestino Ocupado\u00bb.<\/p>\n<p class=\"voc-p\" style=\"\">El ministro de Relaciones Exteriores de Argentina, <strong>Pablo Quirno<\/strong>, quien sustituy\u00f3 al presidente ausente<strong> Javier Milei<\/strong>, aliado de Trump, objet\u00f3 la forma en que se enmarcan ciertos temas geopol\u00edticos en el documento, espec\u00edficamente el conflicto israel\u00ed-palestino.<\/p>\n<p class=\"voc-p\" style=\"\">Sin embargo, Ramaphosa se\u00f1al\u00f3 que esto no impidi\u00f3 que los participantes adoptaran la declaraci\u00f3n, entre los que tambi\u00e9n se encontraban el primer ministro indio, Narendra Modi; el presidente brasile\u00f1o, <strong>Luiz In\u00e1cio Lula da Silva<\/strong>; y el presidente turco, <strong>Recep Tayyip Erdogan<\/strong>.<\/p>\n<p class=\"voc-p\" style=\"\">Tan pronto como finaliz\u00f3 la ceremonia inaugural, Starmer, Macron y el canciller alem\u00e1n, <strong>Friedrich Merz<\/strong>, se apresuraron a reunirse para discutir el plan de Trump para Ucrania. Esta reuni\u00f3n se ampli\u00f3 r\u00e1pidamente para incluir a otros l\u00edderes de Europa, Australia, Canad\u00e1 y Jap\u00f3n, seg\u00fan inform\u00f3 un funcionario de la UE.<\/p>\n<p class=\"voc-p\" style=\"\">\u00abEstamos trabajando para que el plan estadounidense sea m\u00e1s viable, bas\u00e1ndonos en el di\u00e1logo previo\u00bb, declar\u00f3 a AFP una fuente diplom\u00e1tica europea. Las fuentes indicaron que hubo cierta comunicaci\u00f3n con Washington, pero no hay planes de que ning\u00fan l\u00edder viaje a Ucrania para reunirse con Trump.<\/p>\n<p>\nEE.UU. acoge la pr\u00f3xima cumbre del G20\n<\/p>\n<p class=\"voc-p\" style=\"\">El viernes, tras una llamada con el presidente ucraniano <strong>Volod\u00edmir Zelenski<\/strong>, Macron, Starmer y Merz enfatizaron que cualquier plan para Ucrania necesitaba el \u00abapoyo conjunto y el consenso de los socios europeos y los aliados de la OTAN\u00bb.<\/p>\n<p class=\"voc-p\" style=\"\">Trump ha declarado que quiere que Kiev acepte sus propuestas de 28 puntos, que implican <a href=\"https:\/\/www.abc.es\/internacional\/rusia-ataca-puesto-control-ucraniano-frontera-rumania-20251122122119-nt.html\" target=\"_self\" data-voc-vtm-id=\"in-text-traffic\" title=\"ceder territorio a Rusia\" data-mrf-link=\"www.abc.es\" rel=\"nofollow noopener\">ceder territorio a Rusia<\/a> y reducir el tama\u00f1o del Ej\u00e9rcito ucraniano, para el jueves.<\/p>\n<p class=\"voc-p\" style=\"\">Si bien Estados Unidos no acudi\u00f3 a la cumbre de Johannesburgo porque, seg\u00fan afirm\u00f3, consideraba que sus prioridades, incluidas las comerciales y clim\u00e1ticas, contradec\u00edan sus pol\u00edticas, a\u00fan ten\u00eda la intenci\u00f3n de asumir el liderazgo del G20 en la pr\u00f3xima reuni\u00f3n.<\/p>\n<p class=\"voc-p\" style=\"\">Trump planea celebrar esa cumbre en 2026 en un club de golf de Florida de su propiedad. Washington ha declarado que enviar\u00e1 al encargado de negocios estadounidense de su embajada en Sud\u00e1frica \u00fanicamente para la ceremonia de entrega del domingo.<\/p>\n<p class=\"voc-p\" style=\"\">Sin embargo, el ministro de Asuntos Exteriores de Sud\u00e1frica, <strong>Ronald Lamola<\/strong>, afirm\u00f3 que ser\u00eda necesario enviar a un funcionario de mayor rango y del \u00abnivel adecuado\u00bb. \u00abEl presidente de la Rep\u00fablica de Sud\u00e1frica no entregar\u00e1 el poder al encargado de negocios estadounidense\u00bb, declar\u00f3.<\/p>\n","protected":false},"excerpt":{"rendered":"El papel del G20 en la resoluci\u00f3n de las crisis econ\u00f3micas se ve amenazado por las fracturas geopol\u00edticas&hellip;\n","protected":false},"author":2,"featured_media":250259,"comment_status":"","ping_status":"","sticky":false,"template":"","format":"standard","meta":{"footnotes":""},"categories":[42],"tags":[10854,17,18,1169,3563,1141,13,14,1058,34962,11,61,62,63,64,19,20,23433,24564,9,10,15,16,1288,12,21,22,65,66,67],"class_list":{"0":"post-250258","1":"post","2":"type-post","3":"status-publish","4":"format-standard","5":"has-post-thumbnail","7":"category-internacional","8":"tag-advierte","9":"tag-breaking-news","10":"tag-breakingnews","11":"tag-ciclo","12":"tag-cumbre","13":"tag-estar","14":"tag-featured-news","15":"tag-featurednews","16":"tag-final","17":"tag-g20","18":"tag-headlines","19":"tag-internacional","20":"tag-international","21":"tag-international-news","22":"tag-internationalnews","23":"tag-latest-news","24":"tag-latestnews","25":"tag-llegando","26":"tag-macron","27":"tag-news","28":"tag-noticias","29":"tag-noticias-destacadas","30":"tag-noticiasdestacadas","31":"tag-riesgo","32":"tag-titulares","33":"tag-ultimas-noticias","34":"tag-ultimasnoticias","35":"tag-world","36":"tag-world-news","37":"tag-worldnews"},"share_on_mastodon":{"url":"https:\/\/pubeurope.com\/@es\/115595091979465409","error":""},"_links":{"self":[{"href":"https:\/\/www.europesays.com\/es\/wp-json\/wp\/v2\/posts\/250258","targetHints":{"allow":["GET"]}}],"collection":[{"href":"https:\/\/www.europesays.com\/es\/wp-json\/wp\/v2\/posts"}],"about":[{"href":"https:\/\/www.europesays.com\/es\/wp-json\/wp\/v2\/types\/post"}],"author":[{"embeddable":true,"href":"https:\/\/www.europesays.com\/es\/wp-json\/wp\/v2\/users\/2"}],"replies":[{"embeddable":true,"href":"https:\/\/www.europesays.com\/es\/wp-json\/wp\/v2\/comments?post=250258"}],"version-history":[{"count":0,"href":"https:\/\/www.europesays.com\/es\/wp-json\/wp\/v2\/posts\/250258\/revisions"}],"wp:featuredmedia":[{"embeddable":true,"href":"https:\/\/www.europesays.com\/es\/wp-json\/wp\/v2\/media\/250259"}],"wp:attachment":[{"href":"https:\/\/www.europesays.com\/es\/wp-json\/wp\/v2\/media?parent=250258"}],"wp:term":[{"taxonomy":"category","embeddable":true,"href":"https:\/\/www.europesays.com\/es\/wp-json\/wp\/v2\/categories?post=250258"},{"taxonomy":"post_tag","embeddable":true,"href":"https:\/\/www.europesays.com\/es\/wp-json\/wp\/v2\/tags?post=250258"}],"curies":[{"name":"wp","href":"https:\/\/api.w.org\/{rel}","templated":true}]}}