{"id":250260,"date":"2025-11-22T19:51:10","date_gmt":"2025-11-22T19:51:10","guid":{"rendered":"https:\/\/www.europesays.com\/es\/250260\/"},"modified":"2025-11-22T19:51:10","modified_gmt":"2025-11-22T19:51:10","slug":"arbol-de-la-puerta-del-sol-calles-iluminadas-horarios-y-ultima-hora-hoy","status":"publish","type":"post","link":"https:\/\/www.europesays.com\/es\/250260\/","title":{"rendered":"\u00e1rbol de la Puerta del Sol, calles iluminadas, horarios y \u00faltima hora hoy"},"content":{"rendered":"<p style=\"\">Sigue en directo el encendido de las luces de Navidad en Madrid, las calles iluminadas y las \u00faltimas noticias de la inauguraci\u00f3n del encendido en la capital hoy, con el discurso de Almeida y la participaci\u00f3n de Carlos Sainz.<\/p>\n<p>20:42<\/p>\n<p>Madrid enciende la Navidad con Carlos Sainz como padrino, m\u00fasica y fuegos artificiales<\/p>\n<p class=\"voc-p\">Las <strong>luces de Navidad<\/strong> se han encendido en Madrid este s\u00e1bado y, con este acto, la ciudad da la bienvenida a las fiestas. Carlos Saiz, bicampe\u00f3n mundial de rally y cuatro veces ganador del Dakar, ha sido el encargado de darle al bot\u00f3n con el que toda la ciudad se ha iluminado.<\/p>\n<p class=\"voc-p\">El cantante Pablo L\u00f3pez ha cantado tres de sus grandes \u00e9xitos. Tambi\u00e9n tres sopranos han entonado al inicio del acto el Adeste fideles. Seg\u00fan fuentes municipales, 90.000 personas se han desplazado hasta este punto de la capital para ver el encendido. Una vez Sainz ha inaugurado la Navidad en Madrid, los asistentes han podido ver un espect\u00e1culo de fuegos artificiales.<\/p>\n<p>20:30<\/p>\n<p>Los horarios de las luces de Navidad en Madrid<\/p>\n<p class=\"voc-p\">Las <strong>luces de Navidad<\/strong> se han encendido en Madrid y hasta Reyes se podr\u00e1n disfrutar a partir del anochecer. Estos son los horarios para que puedas planificar tu ruta:<\/p>\n<ul class=\"voc-d-c-list__list\">\n<li class=\"voc-d-c-list__item\">\n<p class=\"voc-d-c-list__paragraph\">\nDe domingo a jueves: 18:00 \u2013 00:00 h<\/p>\n<\/li>\n<li class=\"voc-d-c-list__item\">\n<p class=\"voc-d-c-list__paragraph\">\nViernes y s\u00e1bados: 18:00 \u2013 01:00 h<\/p>\n<\/li>\n<li class=\"voc-d-c-list__item\">\n<p class=\"voc-d-c-list__paragraph\">\n7 de diciembre: 18:00 \u2013 01:00 h<\/p>\n<\/li>\n<li class=\"voc-d-c-list__item\">\n<p class=\"voc-d-c-list__paragraph\">\n24 de diciembre y 5 de enero: 18:00 \u2013 03:00 h<\/p>\n<\/li>\n<li class=\"voc-d-c-list__item\">\n<p class=\"voc-d-c-list__paragraph\">\n31 de diciembre: 18:00 \u2013 06:00 h<\/p>\n<\/li>\n<\/ul>\n<p>20:27<\/p>\n<p>Toda Madrid se ha iluminado con las luces de Navidad<\/p>\n<p class=\"voc-p\">Los copos de nieve de Gran V\u00eda, el gran abeto luminoso en el cruce Alcal\u00e1-Gran V\u00eda, los \u00e1ngeles de la plaza de Carlos V, el nacimiento luminoso frente al Congreso, el amanecer luminoso en Goya&#8230; son algunos de los puntos m\u00e1s ic\u00f3nicos que se han iluminado en Madrid.<\/p>\n<p>20:23<\/p>\n<p>Carlos Sainz ha pulsado en bot\u00f3n que ha encendido las luces de Navidad en Madrid<\/p>\n<p class=\"voc-p\">Ya es Navidad en Madrid. La fachada del Palacio Cibeles se ha iluminado de azul con el mensaje proyectado de &#8216;Feliz Navidad Madrid&#8217;. Un espect\u00e1culo de fuegos artificiales tambi\u00e9n ha acompa\u00f1ado a los madrile\u00f1os que se han acercado hasta el lugar.<\/p>\n<p>20:19<\/p>\n<p>\u00a1Ya es Navidad en Madrid!<\/p>\n<p>20:19<\/p>\n<p>Cuenta atr\u00e1s para el encendido de las luces de Navidad en Madrid<\/p>\n<p>20:16<\/p>\n<p>\u00a1Carlos Sainz llega para encender las luces de Navidad de Madrid!<\/p>\n<p>20:15<\/p>\n<p>90.000 personas asisten al encendido de las luces de Navidad en Madrid, seg\u00fan datos municipales<\/p>\n<p>20:09<\/p>\n<p>\u00a1Queda muy poco para que Madrid encienda sus luces de Navidad!<\/p>\n<p>20:06<\/p>\n<p>Miles de personas se distribuyen por distintos puntos de la ciudad para ver el encendido<\/p>\n<p class=\"voc-p\">Cibeles es el epicentro del encendido del alumbrado y est\u00e1 abarrotada. Pero otros ciudadanos han preferido desplazarse a puntos ic\u00f3nicos como la Puerta del Sol para ver el momento en el que se enciendan las luces de estos lugares<\/p>\n<p>19:55<\/p>\n<p>Pablo L\u00f3pez canta &#8216;El Patio&#8217; en Cibeles<\/p>\n<p class=\"voc-p\">Era uno de los momentos m\u00e1s esperados, pero Pablo L\u00f3pez ya est\u00e1 sobre el escenario instalado en Cibeles. Comienza con una de sus canciones m\u00e1s conocidas, &#8216;El Patio&#8217;. Adem\u00e1s, cantar\u00e1 algunos de sus grandes \u00e9xitos.<\/p>\n<p>19:52<\/p>\n<p>Pablo L\u00f3pez canta en Cibeles en el acto del encendido de las luces de Navidad<\/p>\n<p>19:47<\/p>\n<p>La \u00f3pera tambi\u00e9n est\u00e1 presente en el encendido de las luces de Navidad de Madrid<\/p>\n<p class=\"voc-p\">Antes del encendido, tres cantantes han deleitado con su actuaci\u00f3n a los asistentes de este acto. La Cibeles sieve ahora de tel\u00f3n de fondo al Teatro Real, que se ha desplazado unos pocos kil\u00f3metros para dar un concierto frente a miles de personas. Al ritmo del piano, tres soprano entonan el Adeste fideles.<\/p>\n<p class=\"voc-p\">\u00a1Cada vez queda menos para que la ciudad se ilumine!<\/p>\n<p>19:41<\/p>\n<p>\u00abLa energ\u00eda de la Navidad\u00bb<\/p>\n<p class=\"voc-p\">\u00abCierra los ojos, pide un deseo a la energ\u00eda de la Navidad\u00bb. \u00abSi alguien est\u00e1 noche se siente menos solo ya sabemos el por qu\u00e9, aqu\u00ed en Madrid es donde se enciende la energ\u00eda de la Navidad\u00bb, son algunas de las frases que se han escuchado en Cibeles durante la proyecci\u00f3n del videomapping.<\/p>\n<p>19:37<\/p>\n<p><a href=\"https:\/\/www.abc.es\/espana\/madrid\/cortes-trafico-madrid-encendido-navidad-transporte-publico-20251122053000-nt.html\" target=\"_self\" title=\"Madrid, cortada al tr\u00e1fico por el encendido de las luces de Navidad.\" rel=\"follow nofollow noopener\">Madrid, cortada al tr\u00e1fico por el encendido de las luces de Navidad.<\/a><\/p>\n<p class=\"voc-p\">Adem\u00e1s de Cibeles, habr\u00e1 luces en muchos otros puntos de Madrid que puedes consultar pinchando en este enlace. El acto principal, eso s\u00ed, tiene lugar en esta plaza c\u00e9ntrica de la capital y <strong>afecta al desarrollo normal de la circulaci\u00f3n<\/strong>.<\/p>\n<p class=\"voc-p\">Por ello,  el Ayuntamiento de Madrid ha dise\u00f1ado un plan de movilidad con motivo del encendido de las luces de Navidad en Cibeles que va a motivar este s\u00e1bado diversos cortes de tr\u00e1fico, no solo a partir del momento en el que comienza el acto.<\/p>\n<p class=\"voc-p\">Consulta todas las                                             <a href=\"https:\/\/www.abc.es\/espana\/madrid\/cortes-trafico-madrid-encendido-navidad-transporte-publico-20251122053000-nt.html\" data-voc-vtm-id=\"in-text-traffic\" target=\"_blank\" rel=\"nofollow noopener\"><br \/>\nrestricciones<\/a> de las pr\u00f3ximas horas.<\/p>\n<p>19:32<\/p>\n<p>Un videomapping se proyecta sobre la fachada del Palacio Cibeles<\/p>\n<p class=\"voc-p\">Este espect\u00e1culo de luz y sonido sirve como arranque del acto y ha tenido gui\u00f1os cristianos y castizos.<\/p>\n<p>19:31<\/p>\n<p>Los colores de la bandera de Espa\u00f1a decoran la fachada del Palacio de Cibeles<\/p>\n<p>19:22<\/p>\n<p>Los madrile\u00f1os no sucumben al fr\u00edo y llenan Cibeles para el encendido de las luces<\/p>\n<p class=\"voc-p\">Apenas seis grados marca el term\u00f3metro, pero los madrile\u00f1os no sucumben al fr\u00edo. \u00abMe he forrado de capas y me he puesto calcetines gordos; el gorro, para el final. As\u00ed que estoy mejor de lo que esperaba\u00bb, celebra Petri, quien a sus 72 a\u00f1os apenas se habr\u00e1 perdido uno o dos encendidos navide\u00f1os: \u00abVengo casi todos los a\u00f1os\u00bb. Esta vez ha acudido acompa\u00f1ada de su amiga porque, cuenta, sus nietos son peque\u00f1os y prefiere que acudan con sus padres.<\/p>\n<p class=\"voc-p\">Informa <strong>Bel\u00e9n Sarri\u00e1<\/strong><\/p>\n<p>19:20<\/p>\n<p>Queda muy poco para que se enciendan las luces de Navidad en Madrid<\/p>\n<p class=\"voc-p\">En unos 10 minutos comienza el acto oficial del encendido las luces de Navidad en Madrid. Cibeles est\u00e1 a rebosar de madrile\u00f1os, turistas y curiosos que no se han querido perder c\u00f3mo la ciudad se ilumina gracias a las miles de luces que se han instalado.<\/p>\n<p>19:13<\/p>\n<p><a href=\"https:\/\/www.abc.es\/espana\/madrid\/hora-encienden-luces-navidad-madrid-donde-estan-calles-iluminadas-hoy-donde-calles-iluminadas-arboles-belenes-20251122101442-nt.html\" target=\"_self\" title=\"Todas las luces de Navidad de Madrid: d\u00f3nde est\u00e1n las calles iluminadas, \u00e1rboles y belenes\" rel=\"follow nofollow noopener\">Todas las luces de Navidad de Madrid: d\u00f3nde est\u00e1n las calles iluminadas, \u00e1rboles y belenes<\/a><\/p>\n<p class=\"voc-p\">Madrid da la<strong> bienvenida a la Navidad con el acto oficial del encendido del alumbrado<\/strong>. La ciudad se llena de luz y color y habr\u00e1 m\u00e1s de 240 puntos de la ciudad iluminados.<\/p>\n<p class=\"voc-p\">Gran V\u00eda, Calle Alcal\u00e1, Nuevos Ministerios, Plaza de Carlos V, Puente de Ventas, frente al Congreso de los Diputados, Calle Goya, Calle Montera, Plaza de San Juan de la Cruz, Plaza de Chueca, Sal, Gerona&#8230; Son solo algunos ejemplos.<\/p>\n<p class=\"voc-p\">En esta                                            <a href=\"https:\/\/www.abc.es\/espana\/madrid\/hora-encienden-luces-navidad-madrid-donde-estan-calles-iluminadas-hoy-donde-calles-iluminadas-arboles-belenes-20251122101442-nt.html\" data-voc-vtm-id=\"in-text-traffic\" target=\"_blank\" rel=\"nofollow noopener\"><br \/>\nnoticia<\/a> puedes consultar todos los detalles del encendido de las luces de Navidad en Madrid. Informa<strong> Marina Ortiz<\/strong>.<\/p>\n<p>18:50<\/p>\n<p>Algunos asistentes ya esperan en cerca de Cibeles al encendido de las luces de Navidad en Madrid<\/p>\n<p class=\"voc-p\">Un grupo de amigas treintea\u00f1eras se ha procurado un hueco cerca de la fuente Cibeles. A hora y media para que d\u00e9 comienzo el encendido oficial descansan sobre el bordillo. Es la primera vez para todas ellas, aunque cada una ha sido arrastrada por un motivo diferente.<\/p>\n<p class=\"voc-p\">Mar\u00eda Fernanda se acaba de mudar a la capital y es una de las primeras experiencias que ha querido disfrutar de la ciudad. \u00abMe ha salido por redes sociales como plan que no me pod\u00eda perder en Madrid. Lo ten\u00eda agendado en el calendario\u00bb, relata esta colombiana de 31 a\u00f1os. Junto a ella se encuentra Estefan\u00eda quien se estrena en el cl\u00e1sico encendido pese a ser su cuarto a\u00f1o en la ciudad: \u00abHemos querido venir pronto porque en la cabalgata estuvimos muy apretadas\u00bb. La tercera acompa\u00f1ante es espa\u00f1ola y vive en la capital desde hace 8 a\u00f1os. No le gustan las congregaciones pero ha venido arrastrada por la \u00abel amor a la amistad\u00bb. \u00abQuiero contagiarme de la ilusi\u00f3n y as\u00ed tambi\u00e9n hago \u2018ckeck\u2019 en la lista\u00bb, comenta.<\/p>\n<p class=\"voc-p\">Informa <strong>Bel\u00e9n Sarri\u00e1<\/strong><\/p>\n<p>18:39<\/p>\n<p>Los villancicos suenan ya en Madrid a pocos minutos del acto del encendido de las luces de Navidad<\/p>\n<p class=\"voc-p\">Unos grandes altavoces instalados en el paseo de Recoletos van dando ambiente a los primeros asistentes con villancicos. Suenan los cl\u00e1sicos espa\u00f1oles, del &#8216;chiquirriquit\u00edn&#8217; al &#8216;campanas de Bel\u00e9n&#8217; y &#8216;noche de paz&#8217;.<\/p>\n<p class=\"voc-p\">Informa <strong>Bel\u00e9n Sarri\u00e1<\/strong>.<\/p>\n<p>18:33<\/p>\n<p>Carlos Sainz, Pablo L\u00f3pez y m\u00e1s sorpresas en el encendido de las luces de Navidad de Madrid<\/p>\n<p class=\"voc-p\">Carlos Sainz, cuatro veces campe\u00f3n del Par\u00eds-Dakar y bicampe\u00f3n mundial de rally, es el encargado de dar la bienvenida a la Navidad en Madrid, pero tambi\u00e9n estar\u00e1 Pablo L\u00f3pez. El cantante actuar\u00e1 en directo desde Cibeles.<\/p>\n<p class=\"voc-p\">Adem\u00e1s, los madrile\u00f1os que se acerquen podr\u00e1n disfrutar de un videomapping sobre la fachada del Palacio de Cibeles y m\u00e1s sorpresas durante el acto oficial del encendido<\/p>\n<p>18:32<\/p>\n<p>M\u00e1s de 240 puntos de Madrid estar\u00e1n ilumninados en Navidad<\/p>\n<p class=\"voc-p\">Madrid se ilumina durante las fiestas en m\u00e1s de 240 puntos de la ciudad. La capital estrenar\u00e1 dise\u00f1os luces en algunos puntos, que combinar\u00e1n con ya adornados tradicionales como la bola gigante de Plaza Espa\u00f1a o el \u00e1rbol de Sol.<\/p>\n<p>18:30<\/p>\n<p>Encendido de las luces de Navidad de Madrid, en directo<\/p>\n<p class=\"voc-p\">\u00a1Buenas tardes! Bienvenidos a esta retransmisi\u00f3n en directo de las luces de Navidad de Madrid 2025. El acto comienza a las 19:30 horas y el encargado de hacerlo es Carlos Sainz, bicampe\u00f3n mundial de rally y cuatro veces ganador del Par\u00eds-Dakar.<\/p>\n","protected":false},"excerpt":{"rendered":"Sigue en directo el encendido de las luces de Navidad en Madrid, las calles iluminadas y las \u00faltimas&hellip;\n","protected":false},"author":2,"featured_media":250261,"comment_status":"","ping_status":"","sticky":false,"template":"","format":"standard","meta":{"footnotes":""},"categories":[8],"tags":[10684,17,18,1346,2125,63384,25,24,13,14,11,1458,4074,315,63467,19,20,10539,205,2951,9,10,15,16,740,2829,23,12,1885,21,22],"class_list":{"0":"post-250260","1":"post","2":"type-post","3":"status-publish","4":"format-standard","5":"has-post-thumbnail","7":"category-espana","8":"tag-arbol","9":"tag-breaking-news","10":"tag-breakingnews","11":"tag-calles","12":"tag-directo","13":"tag-encendido","14":"tag-es","15":"tag-espana","16":"tag-featured-news","17":"tag-featurednews","18":"tag-headlines","19":"tag-hora","20":"tag-horarios","21":"tag-hoy","22":"tag-iluminadas","23":"tag-latest-news","24":"tag-latestnews","25":"tag-luces","26":"tag-madrid","27":"tag-navidad","28":"tag-news","29":"tag-noticias","30":"tag-noticias-destacadas","31":"tag-noticiasdestacadas","32":"tag-puerta","33":"tag-sol","34":"tag-spain","35":"tag-titulares","36":"tag-ultima","37":"tag-ultimas-noticias","38":"tag-ultimasnoticias"},"share_on_mastodon":{"url":"https:\/\/pubeurope.com\/@es\/115595095952416324","error":""},"_links":{"self":[{"href":"https:\/\/www.europesays.com\/es\/wp-json\/wp\/v2\/posts\/250260","targetHints":{"allow":["GET"]}}],"collection":[{"href":"https:\/\/www.europesays.com\/es\/wp-json\/wp\/v2\/posts"}],"about":[{"href":"https:\/\/www.europesays.com\/es\/wp-json\/wp\/v2\/types\/post"}],"author":[{"embeddable":true,"href":"https:\/\/www.europesays.com\/es\/wp-json\/wp\/v2\/users\/2"}],"replies":[{"embeddable":true,"href":"https:\/\/www.europesays.com\/es\/wp-json\/wp\/v2\/comments?post=250260"}],"version-history":[{"count":0,"href":"https:\/\/www.europesays.com\/es\/wp-json\/wp\/v2\/posts\/250260\/revisions"}],"wp:featuredmedia":[{"embeddable":true,"href":"https:\/\/www.europesays.com\/es\/wp-json\/wp\/v2\/media\/250261"}],"wp:attachment":[{"href":"https:\/\/www.europesays.com\/es\/wp-json\/wp\/v2\/media?parent=250260"}],"wp:term":[{"taxonomy":"category","embeddable":true,"href":"https:\/\/www.europesays.com\/es\/wp-json\/wp\/v2\/categories?post=250260"},{"taxonomy":"post_tag","embeddable":true,"href":"https:\/\/www.europesays.com\/es\/wp-json\/wp\/v2\/tags?post=250260"}],"curies":[{"name":"wp","href":"https:\/\/api.w.org\/{rel}","templated":true}]}}