{"id":250262,"date":"2025-11-22T19:52:12","date_gmt":"2025-11-22T19:52:12","guid":{"rendered":"https:\/\/www.europesays.com\/es\/250262\/"},"modified":"2025-11-22T19:52:12","modified_gmt":"2025-11-22T19:52:12","slug":"la-ehu-presenta-su-oferta-educativa-en-legazpi-campusa","status":"publish","type":"post","link":"https:\/\/www.europesays.com\/es\/250262\/","title":{"rendered":"La EHU presenta su oferta educativa en Legazpi &#8211; Campusa"},"content":{"rendered":"<p>\t\t\t\t\tDescripci\u00f3n<\/p>\n<p>El lunes, 24 de noviembre, a las 18.30 horas, en el sal\u00f3n de Actos de la Casa de Cultura de Legazpi (Txapartegi, 3), la Universidad del Pa\u00eds Vasco (EHU), a trav\u00e9s del Vicerrectorado del Campus de Gipuzkoa, presentar\u00e1 su oferta educativa. La sesi\u00f3n informativa ser\u00e1 biling\u00fce. El evento est\u00e1 dirigido a alumnado matriculado en \u00faltimo curso de Bachillerato y de Ciclos Formativos de Grado Superior, as\u00ed como sus madres y padres. Tambi\u00e9n a cualquier persona relacionada con la orientaci\u00f3n o la docencia que desee recibir informaci\u00f3n general de la EHU.<\/p>\n<p>El objetivo de estas <a href=\"https:\/\/www.ehu.eus\/es\/web\/campusa\/-\/ehuk-bere-hezkuntza-eskaintza-aurkeztuko-du-gipuzkoan\" rel=\"nofollow noopener\" target=\"_blank\">Jornadas<\/a> es realizar una primera toma de contacto entre la EHU y el futuro alumnado universitario, as\u00ed como proporcionarle una informaci\u00f3n general sobre esta universidad y resolver las dudas e interrogantes que puedan tener relacionados con la toma de decisi\u00f3n respecto a los estudios universitarios de su inter\u00e9s.<\/p>\n<p>La entrada es libre.<\/p>\n","protected":false},"excerpt":{"rendered":"Descripci\u00f3n El lunes, 24 de noviembre, a las 18.30 horas, en el sal\u00f3n de Actos de la Casa&hellip;\n","protected":false},"author":2,"featured_media":250263,"comment_status":"","ping_status":"","sticky":false,"template":"","format":"standard","meta":{"footnotes":""},"categories":[5],"tags":[17,18,7190,25,24,933,7187,13,14,6927,11,19,20,9,10,15,16,7188,23,12,21,22,7192],"class_list":{"0":"post-250262","1":"post","2":"type-post","3":"status-publish","4":"format-standard","5":"has-post-thumbnail","7":"category-titulares","8":"tag-breaking-news","9":"tag-breakingnews","10":"tag-campus-de-gipuzkoa","11":"tag-es","12":"tag-espana","13":"tag-evento","14":"tag-eventos-generales","15":"tag-featured-news","16":"tag-featurednews","17":"tag-gipuzkoa","18":"tag-headlines","19":"tag-latest-news","20":"tag-latestnews","21":"tag-news","22":"tag-noticias","23":"tag-noticias-destacadas","24":"tag-noticiasdestacadas","25":"tag-oficina-de-comunicacion","26":"tag-spain","27":"tag-titulares","28":"tag-ultimas-noticias","29":"tag-ultimasnoticias","30":"tag-upv-ehu"},"share_on_mastodon":{"url":"https:\/\/pubeurope.com\/@es\/115595099757765783","error":""},"_links":{"self":[{"href":"https:\/\/www.europesays.com\/es\/wp-json\/wp\/v2\/posts\/250262","targetHints":{"allow":["GET"]}}],"collection":[{"href":"https:\/\/www.europesays.com\/es\/wp-json\/wp\/v2\/posts"}],"about":[{"href":"https:\/\/www.europesays.com\/es\/wp-json\/wp\/v2\/types\/post"}],"author":[{"embeddable":true,"href":"https:\/\/www.europesays.com\/es\/wp-json\/wp\/v2\/users\/2"}],"replies":[{"embeddable":true,"href":"https:\/\/www.europesays.com\/es\/wp-json\/wp\/v2\/comments?post=250262"}],"version-history":[{"count":0,"href":"https:\/\/www.europesays.com\/es\/wp-json\/wp\/v2\/posts\/250262\/revisions"}],"wp:featuredmedia":[{"embeddable":true,"href":"https:\/\/www.europesays.com\/es\/wp-json\/wp\/v2\/media\/250263"}],"wp:attachment":[{"href":"https:\/\/www.europesays.com\/es\/wp-json\/wp\/v2\/media?parent=250262"}],"wp:term":[{"taxonomy":"category","embeddable":true,"href":"https:\/\/www.europesays.com\/es\/wp-json\/wp\/v2\/categories?post=250262"},{"taxonomy":"post_tag","embeddable":true,"href":"https:\/\/www.europesays.com\/es\/wp-json\/wp\/v2\/tags?post=250262"}],"curies":[{"name":"wp","href":"https:\/\/api.w.org\/{rel}","templated":true}]}}