{"id":250264,"date":"2025-11-22T19:57:11","date_gmt":"2025-11-22T19:57:11","guid":{"rendered":"https:\/\/www.europesays.com\/es\/250264\/"},"modified":"2025-11-22T19:57:11","modified_gmt":"2025-11-22T19:57:11","slug":"a-que-hora-es-el-italia-espana-tv-horario-y-como-ver-la-final-de-la-copa-davis","status":"publish","type":"post","link":"https:\/\/www.europesays.com\/es\/250264\/","title":{"rendered":"\u00bfA qu\u00e9 hora es el Italia &#8211; Espa\u00f1a? TV, horario y c\u00f3mo ver la final de la Copa Davis"},"content":{"rendered":"<p class=\"\">La Selecci\u00f3n comandada por David Ferrer disputar\u00e1 la que ser\u00e1 la <a href=\"https:\/\/as.com\/tenis\/copa_davis\/todas-las-finales-de-la-copa-davis-que-ha-jugado-espana-a-lo-largo-de-su-historia-f202511-n\/\" target=\"_self\" rel=\"nofollow noopener\" title=\"https:\/\/as.com\/tenis\/copa_davis\/todas-las-finales-de-la-copa-davis-que-ha-jugado-espana-a-lo-largo-de-su-historia-f202511-n\/\">und\u00e9cima final de su historia en la Copa Davis<\/a>. Tras derrotar <a href=\"https:\/\/as.com\/tenis\/espana-obra-otro-milagro-remonta-a-chequia-y-avanza-a-semifinales-f202511-n\/\" target=\"_self\" rel=\"nofollow noopener\" title=\"https:\/\/as.com\/tenis\/espana-obra-otro-milagro-remonta-a-chequia-y-avanza-a-semifinales-f202511-n\/\">a la Rep\u00fablica Checa<\/a> el pasado jueves y <a href=\"https:\/\/as.com\/tenis\/espana-derrota-a-alemania-en-el-dobles-y-se-mete-en-la-final-f202511-n\/\" target=\"_self\" rel=\"nofollow noopener\" title=\"https:\/\/as.com\/tenis\/espana-derrota-a-alemania-en-el-dobles-y-se-mete-en-la-final-f202511-n\/\">a Alemania este s\u00e1bado<\/a>, <b>la Armada se medir\u00e1 ante Italia<\/b>, la anfitriona, que llega a la eliminatoria decisiva <b>sin haber perdido un solo partido<\/b> en estas Finales a ocho.<\/p>\n<p class=\"\"><b>Espa\u00f1a buscar\u00e1 su s\u00e9ptima Ensaladera<\/b> ante un rival que ha ganado las dos \u00faltimas ediciones de la competici\u00f3n y compite en casa. Eso s\u00ed, <a href=\"https:\/\/as.com\/tenis\/copa_davis\/sinner-desvela-la-razon-de-su-ausencia-en-la-copa-davis-italia-merece-mucho-mas-f202511-n\/\" target=\"_self\" rel=\"nofollow noopener\" title=\"https:\/\/as.com\/tenis\/copa_davis\/sinner-desvela-la-razon-de-su-ausencia-en-la-copa-davis-italia-merece-mucho-mas-f202511-n\/\">no contar\u00e1 con Jannik Sinner<\/a>, su gran estrella, <b>que decidi\u00f3 ausentarse de la Copa Davis<\/b> para descansar tras una dura temporada en el circuito ATP.<\/p>\n<p>Horarios: \u00bfA qu\u00e9 hora es la final de la Copa Davis entre Italia y Espa\u00f1a?<\/p>\n<p class=\"\">La gran final de la Copa Davis entre Italia y Espa\u00f1a <b>tendr\u00e1 lugar este domingo 23 de noviembre a partir de las 15:00 <\/b>(hora peninsular espa\u00f1ola). La eliminatoria decisiva se disputar\u00e1 en el BolognaFiere.<\/p>\n<p>Televisi\u00f3n: \u00bfC\u00f3mo ver la final de la Copa Davis entre Italia y Espa\u00f1a?<\/p>\n<p class=\"\">La final de la Copa Davis que enfrentar\u00e1 a Italia y Espa\u00f1a este domingo 23 de noviembre se podr\u00e1 ver en directo a trav\u00e9s de <b>Movistar+<\/b>, la plataforma que cuenta con los derechos de retransmisi\u00f3n del torneo en Espa\u00f1a. <b>El duelo se emitir\u00e1 a trav\u00e9s del canal Movistar + Vamos (dial 8)<\/b>.<\/p>\n<p>Internet: \u00bfD\u00f3nde seguir la final de la Copa Davis entre Italia y Espa\u00f1a? Noticias relacionadas<a href=\"https:\/\/as.com\/tenis\/espana-derrota-a-alemania-en-el-dobles-y-se-mete-en-la-final-f202511-n\/\" class=\"s_m_w _rt-16x9\" title=\"Granollers y Mart\u00ednez se llevan el dobles y hacen bueno el triunfo previo de Carre\u00f1o para cargarse a la Alemania de Zverev. Italia, rival en la final.\" data-tb-link=\"\" rel=\"nofollow noopener\" target=\"_blank\"><img decoding=\"async\" src=\"https:\/\/www.europesays.com\/es\/wp-content\/uploads\/2025\/11\/VFTKGJJTC5L3JLLJCURDA7SPCI.jpg\" alt=\"Espa\u00f1a derrota a Alemania en el dobles y se mete en la final\" class=\"\" height=\"9\" width=\"16\"   loading=\"lazy\" data-tb-thumbnail=\"\"\/><\/a><a href=\"https:\/\/as.com\/tenis\/copa_davis\/todas-las-finales-de-la-copa-davis-que-ha-jugado-espana-a-lo-largo-de-su-historia-f202511-n\/\" class=\"s_m_w _rt-16x9\" title=\"La Selecci\u00f3n de David Ferrer disputar\u00e1 su und\u00e9cima final de la copa mundial por equipos ante Italia, la anfitriona.\" data-tb-link=\"\" rel=\"nofollow noopener\" target=\"_blank\"><img decoding=\"async\" src=\"https:\/\/www.europesays.com\/es\/wp-content\/uploads\/2025\/11\/NXDWRTDNMZJKRJA3E5X3EWBUX4.jpg\" alt=\"Todas las finales de la Copa Davis que ha jugado Espa\u00f1a a lo largo de su historia\" class=\"\" height=\"9\" width=\"16\"   loading=\"lazy\" data-tb-thumbnail=\"\"\/><\/a><\/p>\n<p class=\"\">En <b>AS.com <\/b>tambi\u00e9n se ofrecer\u00e1 una amplia cobertura de la final de la Copa Davis entre Italia y Espa\u00f1a. Con nosotros, tendr\u00e1s la narraci\u00f3n <b>punto a punto <\/b>del partido, con im\u00e1genes, v\u00eddeos, <b>la posibilidad de preguntar a nuestros especialistas<\/b>, estad\u00edsticas y todo tipo de informaci\u00f3n al instante. Todo ello, en conexi\u00f3n con nuestro <b>enviado especial <\/b>a Bolonia, <b>Jaime D\u00e1vila<\/b>.<\/p>\n<p class=\"\"><b>\u00a1Tus opiniones importan! <\/b>Comenta en los art\u00edculos y suscr\u00edbete gratis a nuestra <a href=\"https:\/\/asfan.as.com\/newsletters\/\" rel=\"nofollow noopener\" title=\"https:\/\/asfan.as.com\/newsletters\/\" target=\"_blank\">newsletter<\/a> y a las alertas informativas en la <a href=\"https:\/\/as.com\/aplicacion-de-as-n\/\" rel=\"nofollow noopener\" title=\"https:\/\/as.com\/aplicacion-de-as-n\/\" target=\"_blank\">App<\/a> o el canal de <a href=\"https:\/\/www.whatsapp.com\/channel\/0029VaAasdA7j6g745nz9M10\" rel=\"nofollow noopener\" title=\"https:\/\/www.whatsapp.com\/channel\/0029VaAasdA7j6g745nz9M10\" target=\"_blank\">WhatsApp<\/a>.<\/p>\n","protected":false},"excerpt":{"rendered":"La Selecci\u00f3n comandada por David Ferrer disputar\u00e1 la que ser\u00e1 la und\u00e9cima final de su historia en la&hellip;\n","protected":false},"author":2,"featured_media":250265,"comment_status":"","ping_status":"","sticky":false,"template":"","format":"standard","meta":{"footnotes":""},"categories":[274],"tags":[168,25,24,23,167,327,326],"class_list":{"0":"post-250264","1":"post","2":"type-post","3":"status-publish","4":"format-standard","5":"has-post-thumbnail","7":"category-tenis","8":"tag-deportes","9":"tag-es","10":"tag-espana","11":"tag-spain","12":"tag-sports","13":"tag-tenis","14":"tag-tennis"},"share_on_mastodon":{"url":"https:\/\/pubeurope.com\/@es\/115595119863393515","error":""},"_links":{"self":[{"href":"https:\/\/www.europesays.com\/es\/wp-json\/wp\/v2\/posts\/250264","targetHints":{"allow":["GET"]}}],"collection":[{"href":"https:\/\/www.europesays.com\/es\/wp-json\/wp\/v2\/posts"}],"about":[{"href":"https:\/\/www.europesays.com\/es\/wp-json\/wp\/v2\/types\/post"}],"author":[{"embeddable":true,"href":"https:\/\/www.europesays.com\/es\/wp-json\/wp\/v2\/users\/2"}],"replies":[{"embeddable":true,"href":"https:\/\/www.europesays.com\/es\/wp-json\/wp\/v2\/comments?post=250264"}],"version-history":[{"count":0,"href":"https:\/\/www.europesays.com\/es\/wp-json\/wp\/v2\/posts\/250264\/revisions"}],"wp:featuredmedia":[{"embeddable":true,"href":"https:\/\/www.europesays.com\/es\/wp-json\/wp\/v2\/media\/250265"}],"wp:attachment":[{"href":"https:\/\/www.europesays.com\/es\/wp-json\/wp\/v2\/media?parent=250264"}],"wp:term":[{"taxonomy":"category","embeddable":true,"href":"https:\/\/www.europesays.com\/es\/wp-json\/wp\/v2\/categories?post=250264"},{"taxonomy":"post_tag","embeddable":true,"href":"https:\/\/www.europesays.com\/es\/wp-json\/wp\/v2\/tags?post=250264"}],"curies":[{"name":"wp","href":"https:\/\/api.w.org\/{rel}","templated":true}]}}