{"id":250266,"date":"2025-11-22T19:58:11","date_gmt":"2025-11-22T19:58:11","guid":{"rendered":"https:\/\/www.europesays.com\/es\/250266\/"},"modified":"2025-11-22T19:58:11","modified_gmt":"2025-11-22T19:58:11","slug":"el-caja-rural-seguros-rga-confirmo-negociaciones-con-fernando-gaviria-y-un-nuevo-fichaje-revista-mundo-ciclistico","status":"publish","type":"post","link":"https:\/\/www.europesays.com\/es\/250266\/","title":{"rendered":"El Caja Rural-Seguros RGA confirm\u00f3 negociaciones con Fernando Gaviria y un nuevo fichaje \u2013 Revista Mundo Cicl\u00edstico"},"content":{"rendered":"<p>Hace unos meses se conoci\u00f3 el nacimiento de un nuevo equipo de ciclismo, el <strong>Modern Adventure Pro Cycling<\/strong>, fundado por el recordado exciclista estadounidense <strong>George Hincapie<\/strong>, quien precisamente habl\u00f3 en exclusiva con nuestro director <strong>H\u00e9ctor Urrego Caballero<\/strong>, donde nos cont\u00f3 detalles importantes de su ambicioso proyecto y de lo que espera en el futuro.<\/p>\n<p class=\"has-medium-font-size\"><strong>\u00bfDe d\u00f3nde naci\u00f3 la idea de crear este equipo?<\/strong><\/p>\n<p>\u201cLlevo unos a\u00f1os hablando con gente que nos quer\u00edan apoyar para hacer un equipo norteamericano con sue\u00f1os de llegar al Tour de Francia en unos a\u00f1os. Llegue con un buen presupuesto y con un socio m\u00edo y bueno ah\u00ed vamos, ya estamos en marcha, arrancando con el equipo el a\u00f1o que viene\u201d.<\/p>\n<p class=\"has-medium-font-size\"><strong>Hablemos de los ciclistas<\/strong><\/p>\n<p>\u201cHemos fichado ya 22 corredores, tenemos un colombiano Samuel Fl\u00f3rez. Estoy muy contento con este proyecto, muy motivado, claro que hay mucho estr\u00e9s, muchos viajes, me encuentro cada semana en aviones dirigi\u00e9ndome a Europa y hablando del equipo con organizadores de carreras para tener las invitaciones respectivas\u201d.<\/p>\n<p class=\"has-medium-font-size\"><strong>\u00bfQui\u00e9n m\u00e1s integra el proyecto?<\/strong><\/p>\n<p>\u201cMi hermano es el manager del equipo, \u00e9l me ayuda con todos los n\u00fameros y est\u00e1 encargado de muchas cosas. Tambi\u00e9n tenemos a Bobby Julich, quien corri\u00f3 el Tour de Francia en 1998 y ser\u00e1 el jefe de los entrenadores, encargado de todo el plan de entrenamientos. Tenemos un equipo muy interesante en todas las \u00e1reas y estoy muy contento\u201d.<\/p>\n<p class=\"has-medium-font-size\"><strong>\u00bfC\u00f3mo se va a llamar el equipo?<\/strong><\/p>\n<p>\u201cSe llamar\u00e1 Modern Adventure Pro Cycling, que es una compa\u00f1\u00eda de viajes que opera en todo el mundo. Mi socio del equipo ha invertido en esta firma, no muy grande, pero tiene el sue\u00f1o de crecer mucho y me encant\u00f3 el nombre, que es muy relativo con el ciclismo\u201d.<\/p>\n<p class=\"has-medium-font-size\"><strong>\u00bfD\u00f3nde ser\u00e1 la sede?<\/strong><\/p>\n<p>\u201cLa base del equipo en Norteam\u00e9rica va a ser en Carolina del Sur donde vivimos y en Europa la sede ser\u00e1 en Girona, Espa\u00f1a\u201d.<\/p>\n<p class=\"has-medium-font-size\"><strong>\u00bfC\u00f3mo es el v\u00ednculo con Colombia?<\/strong><\/p>\n<p>\u201cEl amor por el ciclismo lleg\u00f3 por las ra\u00edces colombianas, me encanta ir a Medell\u00edn. Fuimos con mi hijo en enero por dos semanas para ayudarle a entrenar, me encantar\u00eda volver este a\u00f1o. Me fascina el ciclismo colombiano y la gente colombiana\u201d.<\/p>\n<p class=\"has-medium-font-size\"><strong>\u00bfQui\u00e9nes son tus amigos en el ciclismo colombiano?<\/strong><\/p>\n<p>\u201cV\u00edctor Hugo Pe\u00f1a es un gran amigo m\u00edo, seguramente el me va ayudar mucho con contactos en Suram\u00e9rica.<\/p>\n<p class=\"has-medium-font-size\"><strong>\u00bfLe gustar\u00eda correr en Colombia?<\/strong><\/p>\n<p>Claro, me encantar\u00eda correr en Colombia, m\u00e1ndame las invitaciones y las miramos (Entre risas). Estamos muy pendientes de que vuelva el Tour Colombia en 2027\u201d.<\/p>\n<p class=\"has-medium-font-size\"><strong>\u00bfC\u00f3mo analizas el ciclismo mundial?<\/strong><\/p>\n<p>\u201cPara m\u00ed el ciclismo esta creciendo mucho a nivel mundial, en Estados Unidos est\u00e1 resurgiendo un poco, porque no hay un equipo que los aficionados puedan seguir muy f\u00e1cil\u201d.<\/p>\n<p class=\"has-medium-font-size\"><strong>\u00bfC\u00f3mo ves el ciclismo colombiano?<\/strong><\/p>\n<p>\u201cEl ciclismo colombiano es incre\u00edble, tu vas a ciudades como Bogot\u00e1 y Medell\u00edn y ves a miles de ciclistas por las v\u00edas, la pasi\u00f3n por el ciclismo es extraordinaria y el gran nivel con Egan Bernal y los otro pedalistas que se codean con los mejores del mundo y hay tambi\u00e9n muchos j\u00f3venes que est\u00e1n surgiendo\u201d.<\/p>\n<p class=\"has-medium-font-size\"><strong>\u00bfSe imagin\u00f3 en alg\u00fan momento que el ciclismo colombiano llegar\u00eda a ganar las carreras m\u00e1s importantes del mundo?<\/strong><\/p>\n<p>\u201cCuando tu vas a Colombia y ves las rutas, las carreteras por donde entrenan y la pasi\u00f3n que el imprimen, no te sorprende como llegaron a nivel que est\u00e1n hoy en d\u00eda y creo que va seguir creciendo\u201d.<\/p>\n<p class=\"has-medium-font-size\"><strong>\u00bfPor qu\u00e9 escogi\u00f3 a Samuel Fl\u00f3rez?<\/strong><\/p>\n<p>\u201cMe encanta en lo personal, tiene una personalidad muy amable y el a\u00f1o pasado gan\u00f3 los Campeonatos Nacionales. En nuestra visi\u00f3n con Bobby Julich, creemos que puede llegar a los mejores niveles\u201d.<\/p>\n","protected":false},"excerpt":{"rendered":"Hace unos meses se conoci\u00f3 el nacimiento de un nuevo equipo de ciclismo, el Modern Adventure Pro Cycling,&hellip;\n","protected":false},"author":2,"featured_media":250267,"comment_status":"","ping_status":"","sticky":false,"template":"","format":"standard","meta":{"footnotes":""},"categories":[273],"tags":[313,312,168,25,24,23,167],"class_list":{"0":"post-250266","1":"post","2":"type-post","3":"status-publish","4":"format-standard","5":"has-post-thumbnail","7":"category-ciclismo","8":"tag-ciclismo","9":"tag-cycling","10":"tag-deportes","11":"tag-es","12":"tag-espana","13":"tag-spain","14":"tag-sports"},"share_on_mastodon":{"url":"https:\/\/pubeurope.com\/@es\/115595123325013718","error":""},"_links":{"self":[{"href":"https:\/\/www.europesays.com\/es\/wp-json\/wp\/v2\/posts\/250266","targetHints":{"allow":["GET"]}}],"collection":[{"href":"https:\/\/www.europesays.com\/es\/wp-json\/wp\/v2\/posts"}],"about":[{"href":"https:\/\/www.europesays.com\/es\/wp-json\/wp\/v2\/types\/post"}],"author":[{"embeddable":true,"href":"https:\/\/www.europesays.com\/es\/wp-json\/wp\/v2\/users\/2"}],"replies":[{"embeddable":true,"href":"https:\/\/www.europesays.com\/es\/wp-json\/wp\/v2\/comments?post=250266"}],"version-history":[{"count":0,"href":"https:\/\/www.europesays.com\/es\/wp-json\/wp\/v2\/posts\/250266\/revisions"}],"wp:featuredmedia":[{"embeddable":true,"href":"https:\/\/www.europesays.com\/es\/wp-json\/wp\/v2\/media\/250267"}],"wp:attachment":[{"href":"https:\/\/www.europesays.com\/es\/wp-json\/wp\/v2\/media?parent=250266"}],"wp:term":[{"taxonomy":"category","embeddable":true,"href":"https:\/\/www.europesays.com\/es\/wp-json\/wp\/v2\/categories?post=250266"},{"taxonomy":"post_tag","embeddable":true,"href":"https:\/\/www.europesays.com\/es\/wp-json\/wp\/v2\/tags?post=250266"}],"curies":[{"name":"wp","href":"https:\/\/api.w.org\/{rel}","templated":true}]}}