{"id":250270,"date":"2025-11-22T20:01:20","date_gmt":"2025-11-22T20:01:20","guid":{"rendered":"https:\/\/www.europesays.com\/es\/250270\/"},"modified":"2025-11-22T20:01:20","modified_gmt":"2025-11-22T20:01:20","slug":"informacion-para-el-partido-elche-cf-real-madrid-elche-cf","status":"publish","type":"post","link":"https:\/\/www.europesays.com\/es\/250270\/","title":{"rendered":"Informaci\u00f3n para el partido Elche CF-Real Madrid | Elche CF"},"content":{"rendered":"<p>El <strong>Elche Club de F\u00fatbol<\/strong> informa a toda su afici\u00f3n de los detalles organizativos del encuentro que tendr\u00e1 lugar este <strong>domingo 23 de noviembre<\/strong>, a las <strong>21:00 horas<\/strong>, en el <strong>estadio Mart\u00ednez Valero<\/strong>, frente al <strong>Real Madrid Club de F\u00fatbol<\/strong>.<\/p>\n<p>Las <strong>puertas del estadio se abrir\u00e1n dos horas antes<\/strong> del inicio del partido, a las <strong>19:00 horas<\/strong>, para permitir un acceso c\u00f3modo y escalonado a todos los asistentes. Se recomienda llegar con antelaci\u00f3n suficiente para evitar acumulaciones en los accesos.<\/p>\n<p>Se recuerda a todos los aficionados que este partido no est\u00e1 incluido en el abono, por lo que todo asistente deber\u00e1 portar su <strong>entrada f\u00edsica o digital para poder acceder<\/strong> al estadio. Adem\u00e1s, <strong>no habr\u00e1 venta de entradas en taquillas<\/strong>; estas permanecer\u00e1n operativas \u00fanicamente para incidencias relacionadas con localidades. De igual modo, el punto de consigna estar\u00e1 habilitado para depositar aquellos objetos que no puedan introducirse en el recinto seg\u00fan la normativa vigente.<\/p>\n<p>La <strong>tienda oficial del Elche CF<\/strong> situada en <strong>Preferencia<\/strong> abrir\u00e1 desde la apertura de puertas, de modo que todos los aficionados puedan visitarla antes del inicio del encuentro.<\/p>\n<p>El Club recuerda que <strong>la invasi\u00f3n del terreno de juego est\u00e1 terminantemente prohibida<\/strong>, tanto antes del inicio del partido como durante el descanso y tras la finalizaci\u00f3n del encuentro. Este comportamiento constituye una infracci\u00f3n grave y puede llevar aparejadas sanciones econ\u00f3micas y disciplinarias, conforme a lo establecido por la <strong>Ley del Deporte<\/strong>.<\/p>\n<p>El Elche CF agradece la colaboraci\u00f3n y responsabilidad de todos los asistentes para que el partido pueda desarrollarse con <strong>normalidad<\/strong> y dentro de los <strong>par\u00e1metros de seguridad establecidos<\/strong>.<\/p>\n","protected":false},"excerpt":{"rendered":"El Elche Club de F\u00fatbol informa a toda su afici\u00f3n de los detalles organizativos del encuentro que tendr\u00e1&hellip;\n","protected":false},"author":2,"featured_media":250271,"comment_status":"","ping_status":"","sticky":false,"template":"","format":"standard","meta":{"footnotes":""},"categories":[268],"tags":[168,25,24,280,282,281,23,167],"class_list":{"0":"post-250270","1":"post","2":"type-post","3":"status-publish","4":"format-standard","5":"has-post-thumbnail","7":"category-futbol","8":"tag-deportes","9":"tag-es","10":"tag-espana","11":"tag-football","12":"tag-futbol","13":"tag-soccer","14":"tag-spain","15":"tag-sports"},"share_on_mastodon":{"url":"https:\/\/pubeurope.com\/@es\/115595135118649735","error":""},"_links":{"self":[{"href":"https:\/\/www.europesays.com\/es\/wp-json\/wp\/v2\/posts\/250270","targetHints":{"allow":["GET"]}}],"collection":[{"href":"https:\/\/www.europesays.com\/es\/wp-json\/wp\/v2\/posts"}],"about":[{"href":"https:\/\/www.europesays.com\/es\/wp-json\/wp\/v2\/types\/post"}],"author":[{"embeddable":true,"href":"https:\/\/www.europesays.com\/es\/wp-json\/wp\/v2\/users\/2"}],"replies":[{"embeddable":true,"href":"https:\/\/www.europesays.com\/es\/wp-json\/wp\/v2\/comments?post=250270"}],"version-history":[{"count":0,"href":"https:\/\/www.europesays.com\/es\/wp-json\/wp\/v2\/posts\/250270\/revisions"}],"wp:featuredmedia":[{"embeddable":true,"href":"https:\/\/www.europesays.com\/es\/wp-json\/wp\/v2\/media\/250271"}],"wp:attachment":[{"href":"https:\/\/www.europesays.com\/es\/wp-json\/wp\/v2\/media?parent=250270"}],"wp:term":[{"taxonomy":"category","embeddable":true,"href":"https:\/\/www.europesays.com\/es\/wp-json\/wp\/v2\/categories?post=250270"},{"taxonomy":"post_tag","embeddable":true,"href":"https:\/\/www.europesays.com\/es\/wp-json\/wp\/v2\/tags?post=250270"}],"curies":[{"name":"wp","href":"https:\/\/api.w.org\/{rel}","templated":true}]}}