{"id":250274,"date":"2025-11-22T20:04:26","date_gmt":"2025-11-22T20:04:26","guid":{"rendered":"https:\/\/www.europesays.com\/es\/250274\/"},"modified":"2025-11-22T20:04:26","modified_gmt":"2025-11-22T20:04:26","slug":"la-pension-de-goya-el-sueldo-de-velazquez-y-otros-secretos-en-palacio","status":"publish","type":"post","link":"https:\/\/www.europesays.com\/es\/250274\/","title":{"rendered":"La pensi\u00f3n de Goya, el sueldo de Vel\u00e1zquez y otros secretos en Palacio"},"content":{"rendered":"<p>Cristina Llad\u00f3 |<\/p>\n<p>Madrid (EFE).- Vel\u00e1zquez, Goya, Calder\u00f3n de la Barca y La Roldana tuvieron algo en com\u00fan: todos trabajaron para los reyes de Espa\u00f1a y todos firmaron contratos que se guardan cuidadosamente en el Archivo General de Palacio, que custodia documentos, papeles, planos y fotos de los reyes y jefes de Estado desde hace m\u00e1s de 400 a\u00f1os.<\/p>\n<p>Situado en el Palacio Real de Madrid, el archivo es un laberinto de pasillos abovedados, con miles de estanter\u00edas que ocupan 12,5 kil\u00f3metros lineales de documentaci\u00f3n textual, y guardan m\u00e1s de 1.500 pergaminos, 65.000 fotograf\u00edas, 11.500 planos y mapas, entre otros documentos.<\/p>\n<p>Creado por Fernando VII en 1814<\/p>\n<p>Creado por Fernando VII en 1814, el archivo custodia toda la documentaci\u00f3n relativa a la administraci\u00f3n de la Real Casa y del Patrimonio de la Corona desde el siglo XVI hasta Alfonso XIII, as\u00ed como los documentos de Patrimonio de la Rep\u00fablica (1931-1939) y Patrimonio Nacional (1939-1998).<\/p>\n<p><img data-recalc-dims=\"1\" fetchpriority=\"high\" decoding=\"async\" width=\"900\" height=\"599\" src=\"https:\/\/www.europesays.com\/es\/wp-content\/uploads\/2025\/11\/palacio-dos.webp\" alt=\"ARCHIVO REAL\" class=\"wp-image-2305992\"  \/>Carta del compositor Giacomo Puccini. EFE\/Mariscal<\/p>\n<p>En un recorrido por las salas y pasillos junto al director del Archivo, Juan Jos\u00e9 Alonso, EFE ha podido admirar contratos firmados por pintores, m\u00fasicos, relojeros y arquitectos desde el siglo XVI para trabajar para la Corona.<\/p>\n<p>El detalle de los viajes de Vel\u00e1zquez a Italia, el de pureza de sangre de Calder\u00f3n de la Barca, o la carta en la que Goya reclama una suma por su jubilaci\u00f3n figuran entre los miles de expedientes que documentan desde las grandes decisiones hasta los m\u00e1s minios detalles del funcionamiento de Palacio.<\/p>\n<p>Todo se guarda en cientos de archivadores de metal gris, tristemente modernos, protegidos por enormes extintores rojos en cada sala o pasillo.<\/p>\n<p>Pero cuando se abren los cajones se hace la magia.<\/p>\n<p>Grandes legajos<\/p>\n<p>Grandes legajos de papel amarillento escritos en caligraf\u00edas maravillosas y firmados con profusi\u00f3n de florituras; mapas y planos de palacios y jardines; expedientes personales de la plantilla de la Real Casa desde el siglo XVI hasta Alfonso XIII, y registros con las cuentas y facturas de Palacio expresadas en ducados, maraved\u00edes, reales de vell\u00f3n y pesetas.<\/p>\n<p>Con sumo cuidado y guantes de protecci\u00f3n, el subdirector del archivo, Javier Fern\u00e1ndez, y la archivera Mar\u00eda Jos\u00e9 Pelayo, van sacando documentos como el nombramiento de Juan de Herrera como arquitecto real en 1563, por lo que recibe un aumento de sueldo de 100 ducados, o los encargos de Carlos V y Felipe II al ingeniero y relojero Juanelo Turriano.<\/p>\n<p><img loading=\"lazy\" data-recalc-dims=\"1\" decoding=\"async\" width=\"900\" height=\"600\" src=\"https:\/\/www.europesays.com\/es\/wp-content\/uploads\/2025\/11\/palaci-tres.webp\" alt=\"ARCHIVO REAL\" class=\"wp-image-2306000\"  \/>Documento Calder\u00f3n de la Barca. EFE\/Mariscal<\/p>\n<p>El expediente de Diego de Silva y Vel\u00e1zquez documenta que, con Felipe IV, ocup\u00f3 los cargos de pintor de c\u00e1mara (1623), ujier de c\u00e1mara (1627), ayuda de guardarropa (1642) hasta llegar a aposentador mayor de palacio en 1643, cargos por los que, adem\u00e1s de su salario de 900 ducados, recibi\u00f3 otras mercedes como \u201cuna raci\u00f3n cada d\u00eda en especie como recib\u00edan los barberos\u201d o \u201cel aposento que hered\u00f3 su yerno en la (calle) Concepci\u00f3n Jer\u00f3nima\u201d.<\/p>\n<p>El rey Felipe IV tambi\u00e9n encarg\u00f3 varias obras de teatro al dramaturgo y sacerdote Pedro Calder\u00f3n de la Barca, cuyo expediente personal incluye las indagaciones necesarias para acreditar su pureza de sangre y poder as\u00ed nombrarle capell\u00e1n de honor de la real capilla.<\/p>\n<p>De unos a\u00f1os m\u00e1s tarde, figura el nombramiento por Carlos II de la escultora Luisa Rold\u00e1n, la Roldana, nombrada escultora de c\u00e1mara en 1692, primera mujer en conseguir tama\u00f1a distinci\u00f3n y quien, en todas las instancias que eleva al rey reclama cobrar m\u00e1s ya que \u201cpor estar pobre y tener dos hijos, vive con estrecheces\u201d.<\/p>\n<p>Francisco de Goya<\/p>\n<p>De Francisco de Goya se guarda, entre muchos otros documentos, la \u201craz\u00f3n de los cuadros que yo don Fco. Goya he executado para S.M. que Dios guarde por orden del se\u00f1or don Francisco Sabatini, brigadier de los Reales Ej\u00e9rcitos y su primer Arquitecto\u201d para \u201cadornar la pieza donde comen los Sere(n\u00edsimos) Sres Pr\u00edncipes en el Real Palacio de San Lorenzo\u201d que son los tapices de \u2018La caza del jabal\u00ed\u2019 y alcanzan un valor total de 10.500 reales.<\/p>\n<p><img loading=\"lazy\" data-recalc-dims=\"1\" decoding=\"async\" width=\"900\" height=\"599\" src=\"https:\/\/www.europesays.com\/es\/wp-content\/uploads\/2025\/11\/palacio-cuatro.webp\" alt=\"ARCHIVO REAL\" class=\"wp-image-2305996\"  \/>Documento con la firma Francisco de Goya. EFE\/Mariscal<\/p>\n<p>El expediente tambi\u00e9n guarda la carta de Goya al director de la Real F\u00e1brica de Cristales para que le hagan otro aparato para paliar su sordera, ya que el primero se rompi\u00f3 y en la que detalla que, en esta ocasi\u00f3n, pagar\u00e1 de su bolsillo.<\/p>\n<p>A los 80 a\u00f1os, tras pasar 53 a\u00f1os al servicio de Carlos III, Carlos IV y Fernando VII, Goya se dirige al rey para explicar que debido a su edad y sus \u201cachaques\u201d y su \u201cquebrantada salud\u201d, escribe \u201cpara suplicarle se digne a concederme mi jubilaci\u00f3n con el honorario\u201d.<\/p>\n<p>Entre los documentos custodiados tambi\u00e9n figuran encargos, cartas y peticiones al rey de pintores como Francisco Zurbar\u00e1n, quien trabaj\u00f3 en el Sal\u00f3n grande del Alc\u00e1zar de Madrid (1639), o la solicitud del escritor Mariano Jos\u00e9 de Larra para ocupar la plaza de escribiente de la Real Biblioteca ya que \u201cse halla sin medios de subsistencia\u201d.<\/p>\n<p>Y decenas de miles de documentos m\u00e1s que se guardan cuidadosamente archivados y conforman este monumental archivo. <\/p>\n","protected":false},"excerpt":{"rendered":"Cristina Llad\u00f3 | Madrid (EFE).- Vel\u00e1zquez, Goya, Calder\u00f3n de la Barca y La Roldana tuvieron algo en com\u00fan:&hellip;\n","protected":false},"author":2,"featured_media":250275,"comment_status":"","ping_status":"","sticky":false,"template":"","format":"standard","meta":{"footnotes":""},"categories":[173],"tags":[229,233,231,230,3045,232,234,146,147,25,24,6041,23],"class_list":{"0":"post-250274","1":"post","2":"type-post","3":"status-publish","4":"format-standard","5":"has-post-thumbnail","7":"category-arte-y-diseno","8":"tag-arte","9":"tag-arte-y-diseno","10":"tag-arts","11":"tag-arts-and-design","12":"tag-curiosidades","13":"tag-design","14":"tag-diseno","15":"tag-entertainment","16":"tag-entretenimiento","17":"tag-es","18":"tag-espana","19":"tag-monarquia","20":"tag-spain"},"share_on_mastodon":{"url":"https:\/\/pubeurope.com\/@es\/115595147257927716","error":""},"_links":{"self":[{"href":"https:\/\/www.europesays.com\/es\/wp-json\/wp\/v2\/posts\/250274","targetHints":{"allow":["GET"]}}],"collection":[{"href":"https:\/\/www.europesays.com\/es\/wp-json\/wp\/v2\/posts"}],"about":[{"href":"https:\/\/www.europesays.com\/es\/wp-json\/wp\/v2\/types\/post"}],"author":[{"embeddable":true,"href":"https:\/\/www.europesays.com\/es\/wp-json\/wp\/v2\/users\/2"}],"replies":[{"embeddable":true,"href":"https:\/\/www.europesays.com\/es\/wp-json\/wp\/v2\/comments?post=250274"}],"version-history":[{"count":0,"href":"https:\/\/www.europesays.com\/es\/wp-json\/wp\/v2\/posts\/250274\/revisions"}],"wp:featuredmedia":[{"embeddable":true,"href":"https:\/\/www.europesays.com\/es\/wp-json\/wp\/v2\/media\/250275"}],"wp:attachment":[{"href":"https:\/\/www.europesays.com\/es\/wp-json\/wp\/v2\/media?parent=250274"}],"wp:term":[{"taxonomy":"category","embeddable":true,"href":"https:\/\/www.europesays.com\/es\/wp-json\/wp\/v2\/categories?post=250274"},{"taxonomy":"post_tag","embeddable":true,"href":"https:\/\/www.europesays.com\/es\/wp-json\/wp\/v2\/tags?post=250274"}],"curies":[{"name":"wp","href":"https:\/\/api.w.org\/{rel}","templated":true}]}}