{"id":250278,"date":"2025-11-22T20:07:18","date_gmt":"2025-11-22T20:07:18","guid":{"rendered":"https:\/\/www.europesays.com\/es\/250278\/"},"modified":"2025-11-22T20:07:18","modified_gmt":"2025-11-22T20:07:18","slug":"bruce-dickinson-iron-maiden-ya-ha-grabado-las-voces-de-su-dueto-con-un-legendario-cantante-de-rainbow","status":"publish","type":"post","link":"https:\/\/www.europesays.com\/es\/250278\/","title":{"rendered":"Bruce Dickinson (Iron Maiden) ya ha grabado las voces de su dueto con un legendario cantante de Rainbow"},"content":{"rendered":"<p>Si por una cualidad destaca el vocalista de <strong>Iron Maiden<\/strong>, <strong>Bruce Dickinson<\/strong>, es por una extraordinaria versatilidad para atreverse con diversos retos, como cuando le vimos cantando a capela <strong><a target=\"_blank\" href=\"https:\/\/mariskalrock.com\/actualidad\/bruce-dickinson-iron-maiden-canta-a-capela-un-clasico-de-tom-jones\/\" rel=\"nofollow noopener\">todo un cl\u00e1sico de Tom Jones<\/a><\/strong>. Pero el inquieto frontman posee en estos momentos otro proyecto en ciernes, pues ya ha grabado las voces de su dueto con un legendario cantante de <strong>Rainbow<\/strong>. \u00bfAdivinas qui\u00e9n puede ser?<\/p>\n<p>En una entrevista con <strong><a target=\"_blank\" href=\"https:\/\/www.youtube.com\/watch?v=6Tf2ih5176o\" rel=\"nofollow noopener\">Levi Buckley de Sticks For Stones<\/a><\/strong>, el veterano cantante <strong>Graham Bonnet (Rainbow, Alcatrazz, Michael Schenker Group)<\/strong> habl\u00f3 acerca de las sesiones de grabaci\u00f3n de su pr\u00f3ximo disco de estudio: \u201cEl cantante, guitarrista, compositor y productor de rock Russ Ballard ha escrito tres canciones para nosotros, dos de las cuales creo que son seguras para incluirlas en el disco, y quiz\u00e1 incluso hagamos la tercera. Pero la tercera que me envi\u00f3 recientemente es quiz\u00e1 un poco demasiado pop. Pero, oye, \u201cSince You Been Gone\u201d (ndr: el tema de Ballard que Rainbow grab\u00f3 durante la etapa de Graham en la banda) era una maldita canci\u00f3n pop. \u00bfQu\u00e9 se puede decir? Quiero decir, era una canci\u00f3n pop\u201d.<\/p>\n<p>Cuando le preguntaron sobre la canci\u00f3n del pr\u00f3ximo \u00e1lbum de <strong>Graham Bonnet Band<\/strong> que contar\u00e1 con la participaci\u00f3n especial del cantante de <strong>Iron Maiden<\/strong>, <strong>Bruce Dickinson<\/strong>, <strong>Graham<\/strong> dec\u00eda lo siguiente: \u201cS\u00ed, Bruce ya ha hecho su parte. Lo que pas\u00f3 fue que quer\u00edamos que \u00e9l hiciera el \u00faltimo verso y el \u00faltimo estribillo, m\u00e1s o menos, y luego que rematara con improvisaciones o lo que \u00e9l quisiera hacer. As\u00ed que \u00e9l tiene la \u00faltima parte de la canci\u00f3n. Y yo a\u00fan no he hecho mi parte, que son los primeros versos, lo que sea, y el estribillo y el pre-estribillo. As\u00ed que ser\u00e1 mitad y mitad, los dos\u201d.<\/p>\n<p style=\"text-align: center;\">\n<p>Cuando le preguntaron si cree que podr\u00e1 hacer un videoclip para la canci\u00f3n con <strong>Bruce <\/strong>apareciendo en \u00e9l, <strong>Graham<\/strong> respondi\u00f3: \u201cS\u00ed, creo que s\u00ed. Lo haremos. Lo estoy pensando ahora. Creo que probablemente al final, o incluso al principio, Bruce podr\u00eda cantar conmigo en el primer verso. No lo s\u00e9. Pero \u00e9l ya hizo todas sus partes, y suena genial. As\u00ed que creo que lo dejar\u00e9 tal como est\u00e1\u201d.<\/p>\n<p>Sobre c\u00f3mo surgi\u00f3 la colaboraci\u00f3n con el ic\u00f3nico cantante de <strong>Iron Maiden<\/strong>, <strong>Graham<\/strong> dec\u00eda: \u201cLo conozco desde hace\u2026 Dios\u2026 mucho tiempo, pero no lo veo todos los d\u00edas. No es mi mejor amigo ni nada de eso\u2026 \u00c9l le dijo a alguien, en su banda en solitario, creo: \u201cNunca hago esto por nadie\u201d, hacer una aparici\u00f3n como invitado en el \u00e1lbum de alguien. \u201cPero lo har\u00e9 por Graham\u201d, asegur\u00f3. As\u00ed de amigo es. Y le di much\u00edsimas gracias por ser tan generoso y tomarse la molestia de hacer esto con nosotros, porque le gusta la banda y todo. Est\u00e1 con nosotros al cien por cien, y hemos ido a ver muchos de sus conciertos recientemente\u201d.<\/p>\n<p><a target=\"_blank\" href=\"https:\/\/www.rockimperiumfestival.es\/es\/entradas\/\" rel=\"nofollow noopener\"><img fetchpriority=\"high\" decoding=\"async\" class=\"aligncenter wp-image-375768 size-full\" src=\"https:\/\/www.europesays.com\/es\/wp-content\/uploads\/2025\/11\/rock-imperium-2026-des-2.jpg\" alt=\"\" width=\"900\" height=\"550\"  \/><\/a><\/p>\n<p>Respecto a <strong>Iron Maiden<\/strong>, los brit\u00e1nicos formar\u00e1n parte tanto del cartel del <strong>Rock Imperium Festival<\/strong>, que se celebrar\u00e1 del <strong>3 al 5 de julio en el Parque El Batel de Cartagena<\/strong> (entradas <strong><a target=\"_blank\" href=\"https:\/\/www.rockimperiumfestival.es\/es\/entradas\/\" rel=\"nofollow noopener\">aqu\u00ed<\/a><\/strong>), como del <strong>Resurrection Fest<\/strong>, que tendr\u00e1 lugar en <strong>Viveiro del 1 al 4 de julio<\/strong> (puedes conseguir tickets <strong><a target=\"_blank\" href=\"https:\/\/www.resurrectionfest.es\/entradas\/\" rel=\"nofollow noopener\">en este enlace<\/a><\/strong>).<\/p>\n<p><a target=\"_blank\" href=\"https:\/\/www.resurrectionfest.es\/entradas\/\" rel=\"nofollow noopener\"><img loading=\"lazy\" decoding=\"async\" class=\"aligncenter wp-image-366000 size-full\" src=\"https:\/\/www.europesays.com\/es\/wp-content\/uploads\/2025\/11\/resurrection-fest-26-cartel-venta-entradas.jpg\" alt=\"\" width=\"600\" height=\"750\"  \/><\/a><\/p>\n<p>                         <a target=\"_blank\" href=\"http:\/\/\/\/mariskalrock.com\/author\/alfredo-villaescusa\" class=\"url\" title=\"Alfredo Villaescusa\" rel=\"nofollow\"> <img loading=\"lazy\" decoding=\"async\" alt=\"Alfredo Villaescusa\" src=\"https:\/\/www.europesays.com\/es\/wp-content\/uploads\/2025\/11\/1763842038_405_530a443b1b382213cd8904d80e5db5b65050f07dbbdf467c1fe992f8b069826e\"  class=\"avatar avatar-250 photo\" height=\"250\" width=\"250\"\/><\/a> <\/p>\n<p>Eclecticismo en vena. No hay nadie que no dispare el viernes por la noche, ni hay quien esquive los disparos.<\/p>\n<p> <a href=\"http:\/\/\/\/mariskalrock.com\/author\/alfredo-villaescusa\" class=\"url\" target=\"_blank\" title=\"Alfredo Villaescusa\" rel=\"nofollow\"><img loading=\"lazy\" decoding=\"async\" alt=\"Alfredo Villaescusa\" src=\"https:\/\/www.europesays.com\/es\/wp-content\/uploads\/2025\/11\/1763842038_405_530a443b1b382213cd8904d80e5db5b65050f07dbbdf467c1fe992f8b069826e\"  class=\"avatar avatar-250 photo\" height=\"250\" width=\"250\"\/><\/a>\u00daltimas entradas de Alfredo Villaescusa (<a target=\"_blank\" href=\"https:\/\/mariskalrock.com\/author\/alfredo-villaescusa\/\" rel=\"nofollow noopener\">ver todo<\/a>)  <\/p>\n","protected":false},"excerpt":{"rendered":"Si por una cualidad destaca el vocalista de Iron Maiden, Bruce Dickinson, es por una extraordinaria versatilidad para&hellip;\n","protected":false},"author":2,"featured_media":225613,"comment_status":"","ping_status":"","sticky":false,"template":"","format":"standard","meta":{"footnotes":""},"categories":[170],"tags":[8952,63468,146,147,25,24,477,4622,184,185,63469,23],"class_list":{"0":"post-250278","1":"post","2":"type-post","3":"status-publish","4":"format-standard","5":"has-post-thumbnail","7":"category-musica","8":"tag-bruce-dickinson","9":"tag-dueto","10":"tag-entertainment","11":"tag-entretenimiento","12":"tag-es","13":"tag-espana","14":"tag-iron-maiden","15":"tag-mr2022","16":"tag-music","17":"tag-musica","18":"tag-rainbow","19":"tag-spain"},"share_on_mastodon":{"url":"https:\/\/pubeurope.com\/@es\/115595160078369286","error":""},"_links":{"self":[{"href":"https:\/\/www.europesays.com\/es\/wp-json\/wp\/v2\/posts\/250278","targetHints":{"allow":["GET"]}}],"collection":[{"href":"https:\/\/www.europesays.com\/es\/wp-json\/wp\/v2\/posts"}],"about":[{"href":"https:\/\/www.europesays.com\/es\/wp-json\/wp\/v2\/types\/post"}],"author":[{"embeddable":true,"href":"https:\/\/www.europesays.com\/es\/wp-json\/wp\/v2\/users\/2"}],"replies":[{"embeddable":true,"href":"https:\/\/www.europesays.com\/es\/wp-json\/wp\/v2\/comments?post=250278"}],"version-history":[{"count":0,"href":"https:\/\/www.europesays.com\/es\/wp-json\/wp\/v2\/posts\/250278\/revisions"}],"wp:featuredmedia":[{"embeddable":true,"href":"https:\/\/www.europesays.com\/es\/wp-json\/wp\/v2\/media\/225613"}],"wp:attachment":[{"href":"https:\/\/www.europesays.com\/es\/wp-json\/wp\/v2\/media?parent=250278"}],"wp:term":[{"taxonomy":"category","embeddable":true,"href":"https:\/\/www.europesays.com\/es\/wp-json\/wp\/v2\/categories?post=250278"},{"taxonomy":"post_tag","embeddable":true,"href":"https:\/\/www.europesays.com\/es\/wp-json\/wp\/v2\/tags?post=250278"}],"curies":[{"name":"wp","href":"https:\/\/api.w.org\/{rel}","templated":true}]}}