{"id":250283,"date":"2025-11-22T20:11:13","date_gmt":"2025-11-22T20:11:13","guid":{"rendered":"https:\/\/www.europesays.com\/es\/250283\/"},"modified":"2025-11-22T20:11:13","modified_gmt":"2025-11-22T20:11:13","slug":"segunda-muerte-del-ano-vinculada-a-gripe-aviar-en-eeuu","status":"publish","type":"post","link":"https:\/\/www.europesays.com\/es\/250283\/","title":{"rendered":"Segunda Muerte Del A\u00f1o Vinculada A Gripe Aviar En EEUU"},"content":{"rendered":"<p data-type=\"paragraph\" data=\"[object Object]\">Un residente del estado de Washington falleci\u00f3 tras contraer una forma rara de gripe aviar previamente detectada solo en animales, informaron las autoridades sanitarias estatales, lo que eleva a dos el n\u00famero de muertes por el virus en Estados Unidos este a\u00f1o.<\/p>\n<p data-type=\"paragraph\" data=\"[object Object]\" class=\"emotion-1akm6h5-Paragraph e1e4oisd0\">El paciente, identificado como \u00abuna persona mayor con problemas de salud subyacentes\u00bb, hab\u00eda estado hospitalizado desde principios de mes, indic\u00f3 el viernes el departamento de salud del estado.<\/p>\n<p data-type=\"paragraph\" data=\"[object Object]\" class=\"emotion-1akm6h5-Paragraph e1e4oisd0\">Las pruebas realizadas por la Universidad de Washington indicaron que el paciente ten\u00eda la variante H5N5 del virus de la gripe aviar, precis\u00f3 el departamento en un comunicado, destacando que se trataba \u00abde la primera infecci\u00f3n registrada en un ser humano para esta variante\u00bb.<\/p>\n<p data-type=\"paragraph\" data=\"[object Object]\" class=\"emotion-1akm6h5-Paragraph e1e4oisd0\">El resultado fue confirmado por los Centros para el Control y la Prevenci\u00f3n de Enfermedades (CDC), la principal agencia sanitaria del pa\u00eds.<\/p>\n<p data-type=\"paragraph\" data=\"[object Object]\" class=\"emotion-1akm6h5-Paragraph e1e4oisd0\">\u00abEl riesgo para el p\u00fablico sigue siendo bajo\u00bb, declararon las autoridades. \u00abNo existe evidencia de transmisi\u00f3n de este virus entre personas\u00bb, a\u00f1adieron.<\/p>\n<p data-type=\"paragraph\" data=\"[object Object]\" class=\"emotion-1akm6h5-Paragraph e1e4oisd0\">El paciente ten\u00eda \u00abun criadero dom\u00e9stico de aves de corral en su jard\u00edn\u00bb, la fuente m\u00e1s probable de la contaminaci\u00f3n.<\/p>\n<p data-type=\"paragraph\" data=\"[object Object]\" class=\"emotion-1akm6h5-Paragraph e1e4oisd0\">Los CDC han registrado m\u00e1s de 70 casos humanos de gripe aviar este a\u00f1o en Estados Unidos. Una persona falleci\u00f3 en enero en Luisiana tras contraer el virus H5N1.<\/p>\n<p data-type=\"paragraph\" data=\"[object Object]\" class=\"emotion-1akm6h5-Paragraph e1e4oisd0\">La Organizaci\u00f3n Mundial de la Salud ha registrado m\u00e1s de 1.000 casos humanos de gripe aviar desde 2003 en 25 pa\u00edses, de todas las cepas.<\/p>\n<p data-type=\"paragraph\" data=\"[object Object]\" class=\"emotion-1akm6h5-Paragraph e1e4oisd0\">sst\/rh\/vla\/gv\/nn<\/p>\n","protected":false},"excerpt":{"rendered":"Un residente del estado de Washington falleci\u00f3 tras contraer una forma rara de gripe aviar previamente detectada solo&hellip;\n","protected":false},"author":2,"featured_media":123368,"comment_status":"","ping_status":"","sticky":false,"template":"","format":"standard","meta":{"footnotes":""},"categories":[92],"tags":[3685,115,2996,21303,25,24,165,166,23,116],"class_list":{"0":"post-250283","1":"post","2":"type-post","3":"status-publish","4":"format-standard","5":"has-post-thumbnail","7":"category-salud","8":"tag-animales","9":"tag-eeuu","10":"tag-enfermedad","11":"tag-epidemia","12":"tag-es","13":"tag-espana","14":"tag-health","15":"tag-salud","16":"tag-spain","17":"tag-synd"},"share_on_mastodon":{"url":"","error":""},"_links":{"self":[{"href":"https:\/\/www.europesays.com\/es\/wp-json\/wp\/v2\/posts\/250283","targetHints":{"allow":["GET"]}}],"collection":[{"href":"https:\/\/www.europesays.com\/es\/wp-json\/wp\/v2\/posts"}],"about":[{"href":"https:\/\/www.europesays.com\/es\/wp-json\/wp\/v2\/types\/post"}],"author":[{"embeddable":true,"href":"https:\/\/www.europesays.com\/es\/wp-json\/wp\/v2\/users\/2"}],"replies":[{"embeddable":true,"href":"https:\/\/www.europesays.com\/es\/wp-json\/wp\/v2\/comments?post=250283"}],"version-history":[{"count":0,"href":"https:\/\/www.europesays.com\/es\/wp-json\/wp\/v2\/posts\/250283\/revisions"}],"wp:featuredmedia":[{"embeddable":true,"href":"https:\/\/www.europesays.com\/es\/wp-json\/wp\/v2\/media\/123368"}],"wp:attachment":[{"href":"https:\/\/www.europesays.com\/es\/wp-json\/wp\/v2\/media?parent=250283"}],"wp:term":[{"taxonomy":"category","embeddable":true,"href":"https:\/\/www.europesays.com\/es\/wp-json\/wp\/v2\/categories?post=250283"},{"taxonomy":"post_tag","embeddable":true,"href":"https:\/\/www.europesays.com\/es\/wp-json\/wp\/v2\/tags?post=250283"}],"curies":[{"name":"wp","href":"https:\/\/api.w.org\/{rel}","templated":true}]}}