{"id":250284,"date":"2025-11-22T20:12:22","date_gmt":"2025-11-22T20:12:22","guid":{"rendered":"https:\/\/www.europesays.com\/es\/250284\/"},"modified":"2025-11-22T20:12:22","modified_gmt":"2025-11-22T20:12:22","slug":"el-plumifero-del-color-de-tendencia-2026-esta-rebajadisimo-y-es-el-mas-vendido-entre-las-clasicas-espanolas","status":"publish","type":"post","link":"https:\/\/www.europesays.com\/es\/250284\/","title":{"rendered":"El plum\u00edfero del color de tendencia 2026 est\u00e1 rebajad\u00edsimo y es el m\u00e1s vendido entre las cl\u00e1sicas espa\u00f1olas"},"content":{"rendered":"<p data-journey-content=\"true\" data-node-id=\"1\" class=\"css-6wxqfj emevuu60\">No hab\u00eda se\u00f1ales tan evidentes como para adivinar que <strong data-node-id=\"1.1\">el plum\u00edfero<\/strong>, la prenda estrella de los estilismos deportivos y las escapadas a la monta\u00f1a, se convertir\u00eda en<strong data-node-id=\"1.3\"> el protagonista indiscutible del &#8216;street style&#8217;<\/strong>. Y si lo analizamos bien, todo cuadra, porque ya no es s\u00f3lo una cuesti\u00f3n de ir calentita, sino que ahora se puede hacer con estilo gracias a esta pieza. <strong data-node-id=\"1.5\">Los plum\u00edferos han dado un giro &#8216;fashionista&#8217; y han pasado del gimnasio al &#8216;fronto row&#8217; de las pasarelas sin despeinarse. <\/strong>En 2025 est\u00e1n disponibles en todo tipo de colores, acabados y longitudes\u2026 El &#8216;puffer&#8217;, como se conoce internacionalmente, se ha reinventado y, sinceramente, nos encanta su nueva faceta.<\/p>\n<p data-journey-content=\"true\" data-node-id=\"4\" class=\"css-6wxqfj emevuu60\">Los plumas han conquistado todos los espacios, los combinamos con pantalones vaqueros y zapatillas, pero tambi\u00e9n con vestidos satinados, botas altas o incluso con trajes sastre para romper moldes. <strong data-node-id=\"4.1\">Son todo un &#8216;boom&#8217;, y hace tiempo que no son s\u00f3lo una prenda pr\u00e1ctica, ahora tambi\u00e9n tiene ese toque chic que eleva cualquier &#8216;outfit&#8217;.<\/strong><\/p>\n<p data-journey-content=\"true\" data-node-id=\"7\" class=\"css-6wxqfj emevuu60\">Seguramente, a estas alturas, ya tengas en tu armario una de estas prendas para ir calentita, c\u00f3moda y estilosa a la vez. Sin embargo, si la respuesta es no o, simplemente, quieres agregar uno m\u00e1s a tu colecci\u00f3n, nosotras<strong data-node-id=\"7.1\"> hemos localizado toda una joyita rebajada que triunfa entre las m\u00e1s cl\u00e1sicas, gracias a su color: el verde.<\/strong><br data-node-id=\"7.2\"\/><\/p>\n<p>El plum\u00edfero del color de tendencia 2026 est\u00e1 rebajad\u00edsimo y es el m\u00e1s vendido entre las cl\u00e1sicas espa\u00f1olas<\/p>\n<p data-journey-content=\"true\" data-node-id=\"11\" class=\"css-6wxqfj emevuu60\">La prenda de la que te hablamos es una <strong data-node-id=\"11.1\">chaqueta acolchada con cremallera disponible en Amazon.<\/strong> Adem\u00e1s, posee capucha y <strong data-node-id=\"11.3\">detalles de forro polar en algunas zonas, como en el forro interior, bolsillo o en los pu\u00f1os de las mangas.<\/strong> Como ya hemos citado antes, lo que ha convertido a esta prenda en un \u00e9xito para aquellas m\u00e1s cl\u00e1sicas o que aman los estilismos de campo es su color verde. <\/p>\n<p data-journey-content=\"true\" data-node-id=\"15\" class=\"css-6wxqfj emevuu60\"><strong data-node-id=\"15.0\">Si te gusta, mejor que la fiches cuanto antes: est\u00e1 de rebajas en Amazon y todo apunta a que no tardar\u00e1 en agotarse.<\/strong> Esta chaqueta no solo es una de las tendencias absolutas de 2025, sino que promete seguir arrasando la pr\u00f3xima temporada. <strong data-node-id=\"15.2\">Su dise\u00f1o vers\u00e1til y su toque actual la convierten en ese b\u00e1sico que todas quereremos tener en el armario.<\/strong> En resumen, en un abrir y cerrar de ojos es posible que te quedes sin ella.<\/p>\n<p><img draggable=\"true\" alt=\"warm green jacket with a combination of shiny and plush materials featuring a hood and zip closure\" title=\"warm green jacket with a combination of shiny and plush materials featuring a hood and zip closure\" loading=\"lazy\" width=\"842\" height=\"792\" decoding=\"async\" data-nimg=\"1\" style=\"color:transparent;width:100%;height:auto;\"   src=\"https:\/\/www.europesays.com\/es\/wp-content\/uploads\/2025\/11\/captura-de-pantalla-2025-11-22-a-las-16-23-28-6921d5efd797d.png\" class=\"css-0 e1g79fud0\"\/><a target=\"_blank\" rel=\"noopener nofollow\" data-theme-key=\"base-link\" href=\"https:\/\/pinterest.com\/pin\/create\/button\/?url=https:\/\/www.elle.com\/es\/moda\/noticias\/a69518103\/plumifero-color-tendencia-2026-rebajadisimo-mas-vendido-clasicas-espanolas-verde-amazon\/&amp;description=- ElleSpain&amp;media=https:\/\/hips.hearstapps.com\/hmg-prod\/images\/captura-de-pantalla-2025-11-22-a-las-16-23-28-6921d5efd797d.png?resize=1600:*\" class=\"pinterest css-on9hn5 e1c1bym14\"><img decoding=\"async\" data-dynamic-svg=\"true\" src=\"https:\/\/www.elle.com\/_assets\/design-tokens\/fre\/static\/icons\/social\/pinterest.e8cf655.svg?primary=%2523ffffff\" loading=\"lazy\" data-testid=\"dynamic-svg-base\" height=\"auto\" width=\"auto\" alt=\"pinterest\" class=\"css-4lml0h e1mlxuuw1\"\/><\/a><\/p>\n<p>Amazon<\/p>\n<p>Amazon plumifero verde tendencia<\/p>\n<p><a target=\"_blank\" rel=\"nofollow noopener\" data-theme-key=\"product-image-wrapper\" href=\"https:\/\/www.amazon.es\/Amazon-Essentials-Sherpa-Puffer-Chaqueta\/dp\/B09RNCL33F\/?th=1&amp;psc=1&amp;tag=ellespain-21\" aria-label=\"56\u00a0\u20ac en Amazon for plumifero verde tendencia\" data-href=\"https:\/\/www.amazon.es\/Amazon-Essentials-Sherpa-Puffer-Chaqueta\/dp\/B09RNCL33F\/?th=1&amp;psc=1\" data-product-url=\"https:\/\/www.amazon.es\/Amazon-Essentials-Sherpa-Puffer-Chaqueta\/dp\/B09RNCL33F\/?th=1&amp;psc=1\" data-affiliate=\"true\" data-affiliate-url=\"https:\/\/www.amazon.es\/Amazon-Essentials-Sherpa-Puffer-Chaqueta\/dp\/B09RNCL33F\/?th=1&amp;psc=1&amp;tag=ellespain-21\" data-affiliate-network=\"{&quot;site_id&quot;:&quot;5545cc0d-2c00-4ffe-8b27-aa070fd2db3c&quot;,&quot;metadata&quot;:{&quot;links&quot;:{&quot;default&quot;:&quot;https:\/\/www.amazon.es\/Amazon-Essentials-Sherpa-Puffer-Chaqueta\/dp\/B09RNCL33F\/?th=1&amp;psc=1&amp;tag=ellespain-21&quot;}},&quot;network&quot;:{&quot;name&quot;:&quot;Amazon&quot;},&quot;afflink_redirect&quot;:&quot;\/_p\/afflink\/ztyp\/amazon-plumifero-verde-tendencia&quot;}\" data-vars-ga-call-to-action=\"56\u00a0\u20ac en Amazon\" data-vars-ga-media-role=\"\" data-vars-ga-media-type=\"Single Product Embed\" data-vars-ga-outbound-link=\"https:\/\/www.amazon.es\/Amazon-Essentials-Sherpa-Puffer-Chaqueta\/dp\/B09RNCL33F\/?th=1&amp;psc=1\" data-vars-ga-product-brand=\"Amazon\" data-vars-ga-product-id=\"7277bc62-8cb2-4b0c-be62-86b65a7e4432\" data-vars-ga-product-price=\"56,00\u00a0\u20ac\" data-vars-ga-product-retailer-id=\"3c9e8897-7510-4348-a967-bfae707c11d6\" data-vars-ga-product-sem3-brand=\"Amazon\" data-vars-ga-link-treatment=\"(not set) | (not set)\" class=\"product-image-link ebgq4gw2 e1b8bpvs0 css-g6od0w e1c1bym14\"><img  alt=\"plumifero verde tendencia\" title=\"plumifero verde tendencia\" src=\"https:\/\/www.europesays.com\/es\/wp-content\/uploads\/2025\/11\/1763825113-captura-de-pantalla-2025-11-22-a-las-16-23-47-6921d5b061eb4.png\" width=\"1000\" height=\"1326\" decoding=\"async\" loading=\"lazy\"\/><\/a><\/p>\n","protected":false},"excerpt":{"rendered":"No hab\u00eda se\u00f1ales tan evidentes como para adivinar que el plum\u00edfero, la prenda estrella de los estilismos deportivos&hellip;\n","protected":false},"author":2,"featured_media":250285,"comment_status":"","ping_status":"","sticky":false,"template":"","format":"standard","meta":{"footnotes":""},"categories":[91],"tags":[1655,253,146,147,25,24,63471,23],"class_list":{"0":"post-250284","1":"post","2":"type-post","3":"status-publish","4":"format-standard","5":"has-post-thumbnail","7":"category-entretenimiento","8":"tag-afiliacion","9":"tag-discover","10":"tag-entertainment","11":"tag-entretenimiento","12":"tag-es","13":"tag-espana","14":"tag-nopiano","15":"tag-spain"},"share_on_mastodon":{"url":"https:\/\/pubeurope.com\/@es\/115595179053214729","error":""},"_links":{"self":[{"href":"https:\/\/www.europesays.com\/es\/wp-json\/wp\/v2\/posts\/250284","targetHints":{"allow":["GET"]}}],"collection":[{"href":"https:\/\/www.europesays.com\/es\/wp-json\/wp\/v2\/posts"}],"about":[{"href":"https:\/\/www.europesays.com\/es\/wp-json\/wp\/v2\/types\/post"}],"author":[{"embeddable":true,"href":"https:\/\/www.europesays.com\/es\/wp-json\/wp\/v2\/users\/2"}],"replies":[{"embeddable":true,"href":"https:\/\/www.europesays.com\/es\/wp-json\/wp\/v2\/comments?post=250284"}],"version-history":[{"count":0,"href":"https:\/\/www.europesays.com\/es\/wp-json\/wp\/v2\/posts\/250284\/revisions"}],"wp:featuredmedia":[{"embeddable":true,"href":"https:\/\/www.europesays.com\/es\/wp-json\/wp\/v2\/media\/250285"}],"wp:attachment":[{"href":"https:\/\/www.europesays.com\/es\/wp-json\/wp\/v2\/media?parent=250284"}],"wp:term":[{"taxonomy":"category","embeddable":true,"href":"https:\/\/www.europesays.com\/es\/wp-json\/wp\/v2\/categories?post=250284"},{"taxonomy":"post_tag","embeddable":true,"href":"https:\/\/www.europesays.com\/es\/wp-json\/wp\/v2\/tags?post=250284"}],"curies":[{"name":"wp","href":"https:\/\/api.w.org\/{rel}","templated":true}]}}