{"id":250289,"date":"2025-11-22T20:15:10","date_gmt":"2025-11-22T20:15:10","guid":{"rendered":"https:\/\/www.europesays.com\/es\/250289\/"},"modified":"2025-11-22T20:15:10","modified_gmt":"2025-11-22T20:15:10","slug":"iberia-cancela-los-vuelos-a-venezuela-tras-el-aviso-de-eeuu-a-las-aerolineas","status":"publish","type":"post","link":"https:\/\/www.europesays.com\/es\/250289\/","title":{"rendered":"Iberia cancela los vuelos a Venezuela tras el aviso de EEUU a\u00a0las\u00a0aerol\u00edneas"},"content":{"rendered":"\n<p> Iberia ha decidido este s\u00e1bado cancelar sus vuelos comerciales a Venezuela e ir\u00e1 evaluando la situaci\u00f3n en ese pa\u00eds para decidir cu\u00e1ndo retoma sus operaciones. El primer vuelo previsto era para este pr\u00f3ximo lunes. <\/p>\n<p> La<strong> Administraci\u00f3n Federal de Aviaci\u00f3n <\/strong>(FAA) de EEUU emiti\u00f3 la pasada madrugada del viernes un aviso instando a los vuelos comerciales a <a href=\"https:\/\/www.elconfidencial.com\/mundo\/2025-11-17\/trump-venezuela-intervencion-militar-narcolanchas-narcotrafico_4249321\/\" target=\"_self\" rel=\"nofollow noopener\">\u00abextremar la precauci\u00f3n\u00bb<\/a> al sobrevolar Venezuela y el sur del Caribe ante lo que considera \u00abuna situaci\u00f3n potencialmente peligrosa en la regi\u00f3n\u00bb, aviso que coincide con el nutrido despliegue militar de Washington en la zona para presionar al Gobierno de Nicol\u00e1s Maduro. <\/p>\n<p> La FAA emiti\u00f3 una comunicaci\u00f3n en la que advirti\u00f3 \u00absobre una situaci\u00f3n potencialmente peligrosa en la regi\u00f3n de informaci\u00f3n de vuelo de Maiquet\u00eda\u00bb, que corresponde al <a href=\"https:\/\/www.elconfidencial.com\/mundo\/2025-11-17\/trump-venezuela-intervencion-militar-narcolanchas-narcotrafico_4249321\/\" target=\"_self\" rel=\"nofollow noopener\">espacio a\u00e9reo controlado por Venezuela,<\/a> que incluye tambi\u00e9n parte del <strong>Caribe sur y oriental.<\/strong> <\/p>\n<p> \u00abSe recomienda a los operadores extremar la precauci\u00f3n al operar en la regi\u00f3n de informaci\u00f3n de <a href=\"https:\/\/www.elconfidencial.com\/mundo\/2025-11-17\/trump-venezuela-intervencion-militar-narcolanchas-narcotrafico_4249321\/\" target=\"_self\" rel=\"nofollow noopener\">vuelo de Maiquet\u00eda<\/a> a todas las altitudes debido al deterioro de la situaci\u00f3n de seguridad y al aumento de la<strong> actividad militar en Venezuela<\/strong> o sus alrededores\u00bb, explica el texto. <\/p>\n<p> Iberia ha decidido este s\u00e1bado cancelar sus vuelos comerciales a Venezuela e ir\u00e1 evaluando la situaci\u00f3n en ese pa\u00eds para decidir cu\u00e1ndo retoma sus operaciones. El primer vuelo previsto era para este pr\u00f3ximo lunes. <\/p>\n","protected":false},"excerpt":{"rendered":"Iberia ha decidido este s\u00e1bado cancelar sus vuelos comerciales a Venezuela e ir\u00e1 evaluando la situaci\u00f3n en ese&hellip;\n","protected":false},"author":2,"featured_media":250290,"comment_status":"","ping_status":"","sticky":false,"template":"","format":"standard","meta":{"footnotes":""},"categories":[42],"tags":[17,18,13,14,11,61,62,63,64,19,20,9,10,15,16,12,21,22,65,66,67],"class_list":{"0":"post-250289","1":"post","2":"type-post","3":"status-publish","4":"format-standard","5":"has-post-thumbnail","7":"category-internacional","8":"tag-breaking-news","9":"tag-breakingnews","10":"tag-featured-news","11":"tag-featurednews","12":"tag-headlines","13":"tag-internacional","14":"tag-international","15":"tag-international-news","16":"tag-internationalnews","17":"tag-latest-news","18":"tag-latestnews","19":"tag-news","20":"tag-noticias","21":"tag-noticias-destacadas","22":"tag-noticiasdestacadas","23":"tag-titulares","24":"tag-ultimas-noticias","25":"tag-ultimasnoticias","26":"tag-world","27":"tag-world-news","28":"tag-worldnews"},"share_on_mastodon":{"url":"https:\/\/pubeurope.com\/@es\/115595190348032805","error":""},"_links":{"self":[{"href":"https:\/\/www.europesays.com\/es\/wp-json\/wp\/v2\/posts\/250289","targetHints":{"allow":["GET"]}}],"collection":[{"href":"https:\/\/www.europesays.com\/es\/wp-json\/wp\/v2\/posts"}],"about":[{"href":"https:\/\/www.europesays.com\/es\/wp-json\/wp\/v2\/types\/post"}],"author":[{"embeddable":true,"href":"https:\/\/www.europesays.com\/es\/wp-json\/wp\/v2\/users\/2"}],"replies":[{"embeddable":true,"href":"https:\/\/www.europesays.com\/es\/wp-json\/wp\/v2\/comments?post=250289"}],"version-history":[{"count":0,"href":"https:\/\/www.europesays.com\/es\/wp-json\/wp\/v2\/posts\/250289\/revisions"}],"wp:featuredmedia":[{"embeddable":true,"href":"https:\/\/www.europesays.com\/es\/wp-json\/wp\/v2\/media\/250290"}],"wp:attachment":[{"href":"https:\/\/www.europesays.com\/es\/wp-json\/wp\/v2\/media?parent=250289"}],"wp:term":[{"taxonomy":"category","embeddable":true,"href":"https:\/\/www.europesays.com\/es\/wp-json\/wp\/v2\/categories?post=250289"},{"taxonomy":"post_tag","embeddable":true,"href":"https:\/\/www.europesays.com\/es\/wp-json\/wp\/v2\/tags?post=250289"}],"curies":[{"name":"wp","href":"https:\/\/api.w.org\/{rel}","templated":true}]}}