{"id":250292,"date":"2025-11-22T20:17:17","date_gmt":"2025-11-22T20:17:17","guid":{"rendered":"https:\/\/www.europesays.com\/es\/250292\/"},"modified":"2025-11-22T20:17:17","modified_gmt":"2025-11-22T20:17:17","slug":"la-moncloa-agenda-del-gobierno-gobierno-agenda-5","status":"publish","type":"post","link":"https:\/\/www.europesays.com\/es\/250292\/","title":{"rendered":"La Moncloa. Agenda del Gobierno [Gobierno\/Agenda]"},"content":{"rendered":"<p> &#13;&#13;<\/p>\n<ul class=\"eventList personList\">&#13;<\/p>\n<li>&#13; <img decoding=\"async\" title=\"22\/11\/2023. Pedro S\u00e1nchez. El presidente del Gobierno, Pedro S\u00e1nchez P\u00e9rez-Castej\u00f3n\" class=\"eventImage\" src=\"https:\/\/www.europesays.com\/es\/wp-content\/uploads\/2025\/09\/presidente_pedro_sanchez.png\" alt=\"22\/11\/2023. Pedro S\u00e1nchez. El presidente del Gobierno, Pedro S\u00e1nchez P\u00e9rez-Castej\u00f3n\"\/><br \/>\n&#13;<br \/>\nPedro S\u00e1nchez <\/p>\n<p class=\"eventDescription cargo\">Presidente del Gobierno<\/p>\n<p>&#13;<\/p>\n<ul class=\"eventList\">&#13;<\/p>\n<li>&#13;&#13;\n<p class=\"eventPersonTitle\">Inicia viaje en la Rep\u00fablica de Sud\u00e1frica para asistir a la Cumbre del G-20.<\/p>\n<p>Asisten el ministro de Asuntos Exteriores, Uni\u00f3n Europea y Cooperaci\u00f3n y el ministro de Econom\u00eda, Comercio y Empresa.<\/p>\n<p>\t&#13;<\/li>\n<p>&#13;<\/p>\n<li>&#13;\n<p>08:45 h.<\/p>\n<p>&#13;<\/p>\n<p class=\"eventPersonTitle\">Es recibido por el presidente de la Rep\u00fablica de Sud\u00e1frica, Cyril Ramaphosa, en el Johannesburg Expo Centre, sede de la Cumbre del G-20, en Johannesburgo.<\/p>\n<p class=\"eventLocation\">Cobertura gr\u00e1fica en r\u00e9gimen de pool \/ Se\u00f1al institucional.<\/p>\n<p>\t&#13;<\/li>\n<p>&#13;<\/p>\n<li>&#13;\n<p>09:00 h.<\/p>\n<p>&#13;<\/p>\n<p class=\"eventPersonTitle\">Asiste a la sesi\u00f3n de apertura de la XX Cumbre de L\u00edderes del G-20, en Johannesburgo.<\/p>\n<p class=\"eventLocation\">Cobertura grafica en r\u00e9gimen de pool \/ Se\u00f1al institucional<\/p>\n<p>\t&#13;<\/li>\n<p>&#13;<\/p>\n<li>&#13;\n<p>09:15 h.<\/p>\n<p>&#13;<\/p>\n<p class=\"eventPersonTitle\">Interviene en la primera sesi\u00f3n de trabajo &#8216;Un crecimiento econ\u00f3mico sostenible e inclusivo que no deje a nadie atr\u00e1s&#8217;, en Johannesburgo.<\/p>\n<p class=\"eventLocation\">Se\u00f1al institucional.<\/p>\n<p>10:15 hora local. <\/p>\n<p>A continuaci\u00f3n, participa en la foto de familia. <\/p>\n<p>Cobertura oficial \/ Se\u00f1al institucional. <\/p>\n<p>\t&#13;<\/li>\n<p>&#13;<\/p>\n<li>&#13;\n<p>14:00 h.<\/p>\n<p>&#13;<\/p>\n<p class=\"eventPersonTitle\">Asiste a la segunda sesi\u00f3n de trabajo &#8216;Un mundo resiliente: la contribuci\u00f3n del G-20&#8217;, en Johannesburgo.<\/p>\n<p class=\"eventLocation\">Se\u00f1al institucional.<\/p>\n<p>\t&#13;<\/li>\n<p>&#13;<\/p>\n<li>&#13;\n<p>17:15 h.<\/p>\n<p>&#13;<\/p>\n<p class=\"eventPersonTitle\">Asiste a la recepci\u00f3n ofrecida por el presidente de la Rep\u00fablica de Sud\u00e1frica, Cyril Ramaphosa, a los l\u00edderes participantes en la Cumbre del G-20, en Johannesburgo.<\/p>\n<p class=\"eventLocation\">Sin cobertura.<\/p>\n<p>\t&#13;<\/li>\n<p>&#13;<\/ul>\n<p>&#13;<\/li>\n<p>&#13;<\/p>\n<li>&#13; <img decoding=\"async\" title=\"La vicepresidenta tercera y ministra para la Transici\u00f3n Ecol\u00f3gica y el Reto Demogr\u00e1fico, Sara Aagesen Mu\u00f1oz.\" class=\"eventImage\" src=\"https:\/\/www.europesays.com\/es\/wp-content\/uploads\/2025\/09\/ministra-sara-aagesen.png\" alt=\"La vicepresidenta tercera y ministra para la Transici\u00f3n Ecol\u00f3gica y el Reto Demogr\u00e1fico, Sara Aagesen Mu\u00f1oz.\"\/><br \/>\n&#13;<br \/>\nSara Aagesen <\/p>\n<p class=\"eventDescription cargo\">Vicepresidenta tercera y ministra para la Transici\u00f3n Ecol\u00f3gica y el Reto Demogr\u00e1fico<\/p>\n<p>&#13;<\/p>\n<ul class=\"eventList\">&#13;<\/p>\n<li>&#13;\n<p>11:00 h.<\/p>\n<p>&#13;<\/p>\n<p class=\"eventPersonTitle\">Participa en la reuni\u00f3n de coordinaci\u00f3n ministerial de la UE, en Bel\u00e9m (Brasil).<\/p>\n<p>\t&#13;<\/li>\n<p>&#13;<\/p>\n<li>&#13;\n<p>14:00 h.<\/p>\n<p>&#13;<\/p>\n<p class=\"eventPersonTitle\">Asiste a la sesi\u00f3n de clausura de la COP-30, en Bel\u00e9m (Brasil).<\/p>\n<p>\t&#13;<\/li>\n<p>&#13;<\/ul>\n<p>&#13;<\/li>\n<p>&#13;<\/p>\n<li>&#13; <img decoding=\"async\" title=\"22\/11\/2023. Pilar Alegr\u00eda Continente. La ministra de Educaci\u00f3n, Formaci\u00f3n Profesional y Deportes y portavoz del Gobierno de Espa\u00f1a, Pilar Al...\" class=\"eventImage\" src=\"https:\/\/www.europesays.com\/es\/wp-content\/uploads\/2025\/09\/ministra_pilar_alegria.jpg\" alt=\"22\/11\/2023. Pilar Alegr\u00eda Continente. La ministra de Educaci\u00f3n, Formaci\u00f3n Profesional y Deportes y portavoz del Gobierno de Espa\u00f1a, Pilar Al...\"\/><br \/>\n&#13;<br \/>\nPilar Alegr\u00eda <\/p>\n<p class=\"eventDescription cargo\">Ministra de Educaci\u00f3n, Formaci\u00f3n Profesional y Deportes y portavoz del Gobierno<\/p>\n<p>&#13;<\/p>\n<ul class=\"eventList\">&#13;<\/p>\n<li>&#13;\n<p>10:30 h.<\/p>\n<p>&#13;<\/p>\n<p class=\"eventPersonTitle\">Visita el Ayuntamiento de Cervera (Lleida).<\/p>\n<p>\t&#13;<\/li>\n<p>&#13;<\/p>\n<li>&#13;\n<p>11:30 h.<\/p>\n<p>&#13;<\/p>\n<p class=\"eventPersonTitle\">Asiste al acto de homenaje a los hermanos Marc y Alex M\u00e1rquez &#8216;Back2Back, M\u00e1rquez Brothers Making History&#8217;, en Cervera (Lleida).<\/p>\n<p>\t&#13;<\/li>\n<p>&#13;<\/ul>\n<p>&#13;<\/li>\n<p>&#13;<\/p>\n<li>&#13; <img decoding=\"async\" title=\"29\/12\/2023. Carlos Cuerpo. El ministro de Econom\u00eda, Comercio y Empresa, Carlos Cuerpo Caballero.\" class=\"eventImage\" src=\"https:\/\/www.europesays.com\/es\/wp-content\/uploads\/2025\/09\/ministro_carlos_cuerpo.png\" alt=\"29\/12\/2023. Carlos Cuerpo. El ministro de Econom\u00eda, Comercio y Empresa, Carlos Cuerpo Caballero.\"\/><br \/>\n&#13;<br \/>\nCarlos Cuerpo <\/p>\n<p class=\"eventDescription cargo\">Ministro de Econom\u00eda, Comercio y Empresa<\/p>\n<p>&#13;<\/p>\n<ul class=\"eventList\">&#13;<\/p>\n<li>&#13;\n<p>15:00 h.<\/p>\n<p>&#13;<\/p>\n<p class=\"eventPersonTitle\">Mantiene una reuni\u00f3n bilateral con la directora general del FMI, Kristalina Georgieva, en Johannesburgo.&#13;<\/p>\n<p>\t&#13;<\/li>\n<p>&#13;<\/ul>\n<p>&#13;<\/li>\n<p>&#13;<\/ul>\n<p> &#13;\t<\/p>\n<p id=\"ctl00_CookieInfo_pCookieText\">Este sitio web utiliza cookies propias y de terceros para mantener la sesi\u00f3n, ofrecerle una mejor experiencia de usuario y obtener datos estad\u00edsticos de navegaci\u00f3n de los usuarios. Para m\u00e1s informaci\u00f3n vea la <a title=\"Pol\u00edtica de cookies\" target=\"_self\" href=\"https:\/\/www.lamoncloa.gob.es\/Paginas\/politica-de-cookies.aspx\" rel=\"nofollow noopener\">Pol\u00edtica de cookies<\/a><\/p>\n<p>Aceptar<br \/>\nRechazar<\/p>\n","protected":false},"excerpt":{"rendered":"&#13;&#13; &#13; &#13; &#13; Pedro S\u00e1nchez Presidente del Gobierno &#13; &#13; &#13;&#13; Inicia viaje en la Rep\u00fablica de&hellip;\n","protected":false},"author":2,"featured_media":46302,"comment_status":"","ping_status":"","sticky":false,"template":"","format":"standard","meta":{"footnotes":""},"categories":[5],"tags":[4071,17,18,25,24,13,14,582,11,19,20,9,10,15,16,23,12,21,22],"class_list":{"0":"post-250292","1":"post","2":"type-post","3":"status-publish","4":"format-standard","5":"has-post-thumbnail","7":"category-titulares","8":"tag-agenda","9":"tag-breaking-news","10":"tag-breakingnews","11":"tag-es","12":"tag-espana","13":"tag-featured-news","14":"tag-featurednews","15":"tag-gobierno","16":"tag-headlines","17":"tag-latest-news","18":"tag-latestnews","19":"tag-news","20":"tag-noticias","21":"tag-noticias-destacadas","22":"tag-noticiasdestacadas","23":"tag-spain","24":"tag-titulares","25":"tag-ultimas-noticias","26":"tag-ultimasnoticias"},"share_on_mastodon":{"url":"https:\/\/pubeurope.com\/@es\/115595198385963707","error":""},"_links":{"self":[{"href":"https:\/\/www.europesays.com\/es\/wp-json\/wp\/v2\/posts\/250292","targetHints":{"allow":["GET"]}}],"collection":[{"href":"https:\/\/www.europesays.com\/es\/wp-json\/wp\/v2\/posts"}],"about":[{"href":"https:\/\/www.europesays.com\/es\/wp-json\/wp\/v2\/types\/post"}],"author":[{"embeddable":true,"href":"https:\/\/www.europesays.com\/es\/wp-json\/wp\/v2\/users\/2"}],"replies":[{"embeddable":true,"href":"https:\/\/www.europesays.com\/es\/wp-json\/wp\/v2\/comments?post=250292"}],"version-history":[{"count":0,"href":"https:\/\/www.europesays.com\/es\/wp-json\/wp\/v2\/posts\/250292\/revisions"}],"wp:featuredmedia":[{"embeddable":true,"href":"https:\/\/www.europesays.com\/es\/wp-json\/wp\/v2\/media\/46302"}],"wp:attachment":[{"href":"https:\/\/www.europesays.com\/es\/wp-json\/wp\/v2\/media?parent=250292"}],"wp:term":[{"taxonomy":"category","embeddable":true,"href":"https:\/\/www.europesays.com\/es\/wp-json\/wp\/v2\/categories?post=250292"},{"taxonomy":"post_tag","embeddable":true,"href":"https:\/\/www.europesays.com\/es\/wp-json\/wp\/v2\/tags?post=250292"}],"curies":[{"name":"wp","href":"https:\/\/api.w.org\/{rel}","templated":true}]}}