{"id":250295,"date":"2025-11-22T20:22:08","date_gmt":"2025-11-22T20:22:08","guid":{"rendered":"https:\/\/www.europesays.com\/es\/250295\/"},"modified":"2025-11-22T20:22:08","modified_gmt":"2025-11-22T20:22:08","slug":"en-mar-del-plata-jugamos-con-todo-en-contra-y-ganamos","status":"publish","type":"post","link":"https:\/\/www.europesays.com\/es\/250295\/","title":{"rendered":"En Mar del Plata jugamos con todo en contra y ganamos"},"content":{"rendered":"<p data-mrf-recirculation=\"Links P\u00e1rrafos\" class=\"ue-c-article__paragraph paragraph ue-c-article--first-letter-highlighted\"><strong>David Ferrer<\/strong>, seleccionador nacional de la Copa Davis, mostraba el orgullo por estar por primera vez en la final como capit\u00e1n. Ferrer se acordaba de la eliminatoria de Mar del Plata donde se gan\u00f3 con todo en contra: \u00ab<strong>En Mar del Plata jugamos con todo en contra y ganamos<\/strong>\u00ab.\u00a0<\/p>\n<p data-mrf-recirculation=\"Links P\u00e1rrafos\" class=\"ue-c-article__paragraph paragraph\">\u00abLa final de ma\u00f1ana ser\u00e1 una buena oportunidad para reivindicarse\u00bb, reflexiona el seleccionador nacional. \u00abEstoy muy orgulloso de mi equipo, ellos creen que pueden hacerlo. De momento, estamos en la final. Estamos delante de una gran oportunidad y un gran reto\u00bb.<\/p>\n<p data-mrf-recirculation=\"Links P\u00e1rrafos\" class=\"ue-c-article__paragraph paragraph\">Ferrer no quiere excusas con la ventaja f\u00edsica de Italia, que ha descansado este s\u00e1bado: \u00abJugamos en Bolonia y lo aceptamos. Se lo merecen porque han ganado las dos \u00faltimas Davis y estamos de acuerdo. Si perdemos no ser\u00e1 por las reglas. Nosotros jugamos en casa los \u00faltimos tres a\u00f1os. Intentaremos estar listos y tener opciones de ganar\u00bb.<\/p>\n<blockquote class=\"ue-c-article__blockquote\">\n<p>Jugamos en Bolonia y lo aceptamos, si perdemos no ser\u00e1 por la regla<\/p>\n<p>David Ferrer<\/p><\/blockquote>\n<p>Las cualidades del rival<br \/>\u200b<\/p>\n<p data-mrf-recirculation=\"Links P\u00e1rrafos\" class=\"ue-c-article__paragraph paragraph\">El seleccionador se refiri\u00f3 al potencial del equipo italiano: \u00ab<strong>Italia tiene jugadores incre\u00edbles. No cuentan con Sinner y Musetti, pero nosotros tampoco con Alcaraz. Veremos qu\u00e9 pasa<\/strong>\u00ab.\u00a0<\/p>\n<blockquote class=\"ue-c-article__blockquote\">\n<p>Nosotros somos humildes y creemos en eso, humildad ante todo<\/p>\n<p>Pedro Mart\u00ednez<\/p><\/blockquote>\n<p data-mrf-recirculation=\"Links P\u00e1rrafos\" class=\"ue-c-article__paragraph paragraph\"><strong>Marcel Granollers<\/strong> hablaba de las claves de la victoria ante el experimentado dobles formado por Kevin Krawietz y Tim Puetz: \u00abTodos hemos cre\u00eddo vamos d\u00eda a d\u00eda, punto a punto. Podemos competir en todas las situaciones\u00bb.<\/p>\n<p data-mrf-recirculation=\"Links P\u00e1rrafos\" class=\"ue-c-article__paragraph paragraph\">Por su parte, <strong>Pedro Mart\u00ednez<\/strong> remarcaba la humildad del grupo y la tendencia en las redes sociales acerca de la Copa Davis del pueblo: \u00abNosotros somos humildes y creemos en eso. Humildad ante todo\u00bb.\u00a0<\/p>\n","protected":false},"excerpt":{"rendered":"David Ferrer, seleccionador nacional de la Copa Davis, mostraba el orgullo por estar por primera vez en la&hellip;\n","protected":false},"author":2,"featured_media":250296,"comment_status":"","ping_status":"","sticky":false,"template":"","format":"standard","meta":{"footnotes":""},"categories":[274],"tags":[168,25,24,23,167,327,326],"class_list":{"0":"post-250295","1":"post","2":"type-post","3":"status-publish","4":"format-standard","5":"has-post-thumbnail","7":"category-tenis","8":"tag-deportes","9":"tag-es","10":"tag-espana","11":"tag-spain","12":"tag-sports","13":"tag-tenis","14":"tag-tennis"},"share_on_mastodon":{"url":"https:\/\/pubeurope.com\/@es\/115595217794576448","error":""},"_links":{"self":[{"href":"https:\/\/www.europesays.com\/es\/wp-json\/wp\/v2\/posts\/250295","targetHints":{"allow":["GET"]}}],"collection":[{"href":"https:\/\/www.europesays.com\/es\/wp-json\/wp\/v2\/posts"}],"about":[{"href":"https:\/\/www.europesays.com\/es\/wp-json\/wp\/v2\/types\/post"}],"author":[{"embeddable":true,"href":"https:\/\/www.europesays.com\/es\/wp-json\/wp\/v2\/users\/2"}],"replies":[{"embeddable":true,"href":"https:\/\/www.europesays.com\/es\/wp-json\/wp\/v2\/comments?post=250295"}],"version-history":[{"count":0,"href":"https:\/\/www.europesays.com\/es\/wp-json\/wp\/v2\/posts\/250295\/revisions"}],"wp:featuredmedia":[{"embeddable":true,"href":"https:\/\/www.europesays.com\/es\/wp-json\/wp\/v2\/media\/250296"}],"wp:attachment":[{"href":"https:\/\/www.europesays.com\/es\/wp-json\/wp\/v2\/media?parent=250295"}],"wp:term":[{"taxonomy":"category","embeddable":true,"href":"https:\/\/www.europesays.com\/es\/wp-json\/wp\/v2\/categories?post=250295"},{"taxonomy":"post_tag","embeddable":true,"href":"https:\/\/www.europesays.com\/es\/wp-json\/wp\/v2\/tags?post=250295"}],"curies":[{"name":"wp","href":"https:\/\/api.w.org\/{rel}","templated":true}]}}